{"id":1232,"date":"2013-09-22T04:11:31","date_gmt":"2013-09-22T04:11:31","guid":{"rendered":"https:\/\/www.gianbattista.it\/cms\/?p=1232"},"modified":"2015-05-22T14:32:50","modified_gmt":"2015-05-22T14:32:50","slug":"la-felicita-buona-salute-cattiva-memoria","status":"publish","type":"post","link":"https:\/\/www.gianbattista.it\/cms\/la-felicita-buona-salute-cattiva-memoria\/","title":{"rendered":"la felicit\u00e0 \u00e8 buona salute e cattiva memoria"},"content":{"rendered":"<h4>Ingrid Bergman diceva che la felicit\u00e0 \u00e8 buona salute e cattiva memoria e questo \u00e8 quello che sostengo tutti i giorni.<\/h4>\n<h4>Ti e mai successo di pensare a qualcosa di particolare e continuare a farlo per tutta la giornata e anche per i giorni successivi? Che ne s\u00f2: una barzelletta?<\/h4>\n<p><!--more--><\/p>\n<h4>Alcuni studi attestano che pensiamo quattordici volte di pi\u00f9 ai fatti negativi di quelli positivi. Vi rendete conto? quattordici:<\/h4>\n<h4>Pensate ora a un fatto positivo e leggete adesso ad alta voce: uno, due, tre, quattro, cinque, sei, sette, otto, nove, dieci, undici, dodici, tredici, quattordici.<\/h4>\n<h4>Fatto. E adesso respirate. E&#8217; cambiato qualcosa? Ovviamente si! La vostra consapevolezza dei passi che la vostra mente fa.<\/h4>\n<h4>Sempre un altro studio recita che ogni giorno facciamo&#8230; Ti sei mai chiesto quanti pensieri facciamo ogni giorno?<\/h4>\n<h4>&#8230;facciamo dai cinquantamila ai sessantamila pensieri ogni giorno per ogni persona.<\/h4>\n<h4>Orientare la tua mente \u00e8 quello che devi fare adesso.<\/h4>\n<h4>Un vecchio proverbio recitava: Nessuno \u00e8 perfetto, ma chi vuol essere Nessuno?<\/h4>\n<h4>Quindi ricordatevi che la buona salute sta prima nella vostra testa e ricordatevi solo questo del vostro passato, come diceva Ingrid Bergman.<\/h4>\n","protected":false},"excerpt":{"rendered":"<p>Ingrid Bergman diceva che la felicit\u00e0 \u00e8 buona salute e cattiva memoria e questo \u00e8 quello che sostengo tutti i giorni. Ti e mai successo di pensare a qualcosa di particolare e continuare a farlo per tutta la giornata e anche per i giorni successivi? Che ne s\u00f2: una barzelletta?<\/p>\n","protected":false},"author":2,"featured_media":1252,"comment_status":"closed","ping_status":"open","sticky":false,"template":"","format":"standard","meta":{"_et_pb_use_builder":"","_et_pb_old_content":"","_et_gb_content_width":"","footnotes":""},"categories":[1,17],"tags":[],"yoast_head":"<!-- This site is optimized with the Yoast SEO plugin v23.4 - https:\/\/yoast.com\/wordpress\/plugins\/seo\/ -->\n<title>la felicit\u00e0 \u00e8 buona salute e cattiva memoria - Gian Battista Gualdi<\/title>\n<meta name=\"description\" content=\"la felicit\u00e0 \u00e8 buona salute e cattiva memoria e questo \u00e8 quello che sostengo tutti i giorni. Ti e mai successo di pensare a qualcosa di...\" \/>\n<meta name=\"robots\" content=\"index, follow, max-snippet:-1, max-image-preview:large, max-video-preview:-1\" \/>\n<link rel=\"canonical\" href=\"https:\/\/www.gianbattista.it\/cms\/la-felicita-buona-salute-cattiva-memoria\/\" \/>\n<meta property=\"og:locale\" content=\"it_IT\" \/>\n<meta property=\"og:type\" content=\"article\" \/>\n<meta property=\"og:title\" content=\"la felicit\u00e0 \u00e8 buona salute e cattiva memoria - Gian Battista Gualdi\" \/>\n<meta property=\"og:description\" content=\"la felicit\u00e0 \u00e8 buona salute e cattiva memoria e questo \u00e8 quello che sostengo tutti i giorni. Ti e mai successo di pensare a qualcosa di...\" \/>\n<meta property=\"og:url\" content=\"https:\/\/www.gianbattista.it\/cms\/la-felicita-buona-salute-cattiva-memoria\/\" \/>\n<meta property=\"og:site_name\" content=\"Gian Battista Gualdi\" \/>\n<meta property=\"article:publisher\" content=\"https:\/\/www.facebook.com\/gianbattistagualdi\" \/>\n<meta property=\"article:author\" content=\"https:\/\/www.facebook.com\/gianbattistagualdi\" \/>\n<meta property=\"article:published_time\" content=\"2013-09-22T04:11:31+00:00\" \/>\n<meta property=\"article:modified_time\" content=\"2015-05-22T14:32:50+00:00\" \/>\n<meta property=\"og:image\" content=\"https:\/\/www.gianbattista.it\/cms\/wp-content\/uploads\/2013\/09\/ingrid-bergman-gordon-parks.jpg\" \/>\n\t<meta property=\"og:image:width\" content=\"675\" \/>\n\t<meta property=\"og:image:height\" content=\"646\" \/>\n\t<meta property=\"og:image:type\" content=\"image\/jpeg\" \/>\n<meta name=\"author\" content=\"adminsito\" \/>\n<meta name=\"twitter:label1\" content=\"Scritto da\" \/>\n\t<meta name=\"twitter:data1\" content=\"adminsito\" \/>\n\t<meta name=\"twitter:label2\" content=\"Tempo di lettura stimato\" \/>\n\t<meta name=\"twitter:data2\" content=\"1 minuto\" \/>\n<script type=\"application\/ld+json\" class=\"yoast-schema-graph\">{\"@context\":\"https:\/\/schema.org\",\"@graph\":[{\"@type\":\"Article\",\"@id\":\"https:\/\/www.gianbattista.it\/cms\/la-felicita-buona-salute-cattiva-memoria\/#article\",\"isPartOf\":{\"@id\":\"https:\/\/www.gianbattista.it\/cms\/la-felicita-buona-salute-cattiva-memoria\/\"},\"author\":{\"name\":\"adminsito\",\"@id\":\"https:\/\/www.gianbattista.it\/cms\/#\/schema\/person\/1058c2e181b77adf83fbd7af6dfdda01\"},\"headline\":\"la felicit\u00e0 \u00e8 buona salute e cattiva memoria\",\"datePublished\":\"2013-09-22T04:11:31+00:00\",\"dateModified\":\"2015-05-22T14:32:50+00:00\",\"mainEntityOfPage\":{\"@id\":\"https:\/\/www.gianbattista.it\/cms\/la-felicita-buona-salute-cattiva-memoria\/\"},\"wordCount\":190,\"publisher\":{\"@id\":\"https:\/\/www.gianbattista.it\/cms\/#organization\"},\"image\":{\"@id\":\"https:\/\/www.gianbattista.it\/cms\/la-felicita-buona-salute-cattiva-memoria\/#primaryimage\"},\"thumbnailUrl\":\"https:\/\/www.gianbattista.it\/cms\/wp-content\/uploads\/2013\/09\/ingrid-bergman-gordon-parks.jpg\",\"articleSection\":[\"comunicAzione\",\"ipnotizzAzione\"],\"inLanguage\":\"it-IT\"},{\"@type\":\"WebPage\",\"@id\":\"https:\/\/www.gianbattista.it\/cms\/la-felicita-buona-salute-cattiva-memoria\/\",\"url\":\"https:\/\/www.gianbattista.it\/cms\/la-felicita-buona-salute-cattiva-memoria\/\",\"name\":\"la felicit\u00e0 \u00e8 buona salute e cattiva memoria - Gian Battista Gualdi\",\"isPartOf\":{\"@id\":\"https:\/\/www.gianbattista.it\/cms\/#website\"},\"primaryImageOfPage\":{\"@id\":\"https:\/\/www.gianbattista.it\/cms\/la-felicita-buona-salute-cattiva-memoria\/#primaryimage\"},\"image\":{\"@id\":\"https:\/\/www.gianbattista.it\/cms\/la-felicita-buona-salute-cattiva-memoria\/#primaryimage\"},\"thumbnailUrl\":\"https:\/\/www.gianbattista.it\/cms\/wp-content\/uploads\/2013\/09\/ingrid-bergman-gordon-parks.jpg\",\"datePublished\":\"2013-09-22T04:11:31+00:00\",\"dateModified\":\"2015-05-22T14:32:50+00:00\",\"description\":\"la felicit\u00e0 \u00e8 buona salute e cattiva memoria e questo \u00e8 quello che sostengo tutti i giorni. Ti e mai successo di pensare a qualcosa di...\",\"breadcrumb\":{\"@id\":\"https:\/\/www.gianbattista.it\/cms\/la-felicita-buona-salute-cattiva-memoria\/#breadcrumb\"},\"inLanguage\":\"it-IT\",\"potentialAction\":[{\"@type\":\"ReadAction\",\"target\":[\"https:\/\/www.gianbattista.it\/cms\/la-felicita-buona-salute-cattiva-memoria\/\"]}]},{\"@type\":\"ImageObject\",\"inLanguage\":\"it-IT\",\"@id\":\"https:\/\/www.gianbattista.it\/cms\/la-felicita-buona-salute-cattiva-memoria\/#primaryimage\",\"url\":\"https:\/\/www.gianbattista.it\/cms\/wp-content\/uploads\/2013\/09\/ingrid-bergman-gordon-parks.jpg\",\"contentUrl\":\"https:\/\/www.gianbattista.it\/cms\/wp-content\/uploads\/2013\/09\/ingrid-bergman-gordon-parks.jpg\",\"width\":675,\"height\":646},{\"@type\":\"BreadcrumbList\",\"@id\":\"https:\/\/www.gianbattista.it\/cms\/la-felicita-buona-salute-cattiva-memoria\/#breadcrumb\",\"itemListElement\":[{\"@type\":\"ListItem\",\"position\":1,\"name\":\"Home\",\"item\":\"https:\/\/www.gianbattista.it\/cms\/\"},{\"@type\":\"ListItem\",\"position\":2,\"name\":\"la felicit\u00e0 \u00e8 buona salute e cattiva memoria\"}]},{\"@type\":\"WebSite\",\"@id\":\"https:\/\/www.gianbattista.it\/cms\/#website\",\"url\":\"https:\/\/www.gianbattista.it\/cms\/\",\"name\":\"Gian Battista Gualdi\",\"description\":\"chiediti sempre il meglio\",\"publisher\":{\"@id\":\"https:\/\/www.gianbattista.it\/cms\/#organization\"},\"potentialAction\":[{\"@type\":\"SearchAction\",\"target\":{\"@type\":\"EntryPoint\",\"urlTemplate\":\"https:\/\/www.gianbattista.it\/cms\/?s={search_term_string}\"},\"query-input\":{\"@type\":\"PropertyValueSpecification\",\"valueRequired\":true,\"valueName\":\"search_term_string\"}}],\"inLanguage\":\"it-IT\"},{\"@type\":\"Organization\",\"@id\":\"https:\/\/www.gianbattista.it\/cms\/#organization\",\"name\":\"Gian Battista Gualdi\",\"url\":\"https:\/\/www.gianbattista.it\/cms\/\",\"logo\":{\"@type\":\"ImageObject\",\"inLanguage\":\"it-IT\",\"@id\":\"https:\/\/www.gianbattista.it\/cms\/#\/schema\/logo\/image\/\",\"url\":\"https:\/\/www.gianbattista.it\/cms\/wp-content\/uploads\/2016\/07\/GBG150.png\",\"contentUrl\":\"https:\/\/www.gianbattista.it\/cms\/wp-content\/uploads\/2016\/07\/GBG150.png\",\"width\":105,\"height\":70,\"caption\":\"Gian Battista Gualdi\"},\"image\":{\"@id\":\"https:\/\/www.gianbattista.it\/cms\/#\/schema\/logo\/image\/\"},\"sameAs\":[\"https:\/\/www.facebook.com\/gianbattistagualdi\",\"https:\/\/x.com\/gualdigb\",\"https:\/\/www.linkedin.com\/in\/gian-battista-gualdi-08781941?authType=NAME_SEARCH&amp;amp;amp;authToken=gMGk&amp;amp;amp;locale=it_IT&amp;amp;amp;trk=tyah&amp;amp;amp;trkInfo=clickedVertical:mynetwork,clickedEntityId:148340263,authType:NAME_SEARCH,idx:1-1-1,tarId:1467301191561,tas:gian battista\",\"https:\/\/www.youtube.com\/channel\/UC-02_zSXunzSWcH89_GVN_w\"]},{\"@type\":\"Person\",\"@id\":\"https:\/\/www.gianbattista.it\/cms\/#\/schema\/person\/1058c2e181b77adf83fbd7af6dfdda01\",\"name\":\"adminsito\",\"image\":{\"@type\":\"ImageObject\",\"inLanguage\":\"it-IT\",\"@id\":\"https:\/\/www.gianbattista.it\/cms\/#\/schema\/person\/image\/\",\"url\":\"https:\/\/secure.gravatar.com\/avatar\/66532d5a7693aa019d73b60d47ff5d5f?s=96&d=identicon&r=g\",\"contentUrl\":\"https:\/\/secure.gravatar.com\/avatar\/66532d5a7693aa019d73b60d47ff5d5f?s=96&d=identicon&r=g\",\"caption\":\"adminsito\"},\"sameAs\":[\"https:\/\/www.gianbattista.it\",\"https:\/\/www.facebook.com\/gianbattistagualdi\"],\"url\":\"https:\/\/www.gianbattista.it\/cms\/author\/admin\/\"}]}<\/script>\n<!-- \/ Yoast SEO plugin. -->","yoast_head_json":{"title":"la felicit\u00e0 \u00e8 buona salute e cattiva memoria - Gian Battista Gualdi","description":"la felicit\u00e0 \u00e8 buona salute e cattiva memoria e questo \u00e8 quello che sostengo tutti i giorni. Ti e mai successo di pensare a qualcosa di...","robots":{"index":"index","follow":"follow","max-snippet":"max-snippet:-1","max-image-preview":"max-image-preview:large","max-video-preview":"max-video-preview:-1"},"canonical":"https:\/\/www.gianbattista.it\/cms\/la-felicita-buona-salute-cattiva-memoria\/","og_locale":"it_IT","og_type":"article","og_title":"la felicit\u00e0 \u00e8 buona salute e cattiva memoria - Gian Battista Gualdi","og_description":"la felicit\u00e0 \u00e8 buona salute e cattiva memoria e questo \u00e8 quello che sostengo tutti i giorni. Ti e mai successo di pensare a qualcosa di...","og_url":"https:\/\/www.gianbattista.it\/cms\/la-felicita-buona-salute-cattiva-memoria\/","og_site_name":"Gian Battista Gualdi","article_publisher":"https:\/\/www.facebook.com\/gianbattistagualdi","article_author":"https:\/\/www.facebook.com\/gianbattistagualdi","article_published_time":"2013-09-22T04:11:31+00:00","article_modified_time":"2015-05-22T14:32:50+00:00","og_image":[{"width":675,"height":646,"url":"https:\/\/www.gianbattista.it\/cms\/wp-content\/uploads\/2013\/09\/ingrid-bergman-gordon-parks.jpg","type":"image\/jpeg"}],"author":"adminsito","twitter_misc":{"Scritto da":"adminsito","Tempo di lettura stimato":"1 minuto"},"schema":{"@context":"https:\/\/schema.org","@graph":[{"@type":"Article","@id":"https:\/\/www.gianbattista.it\/cms\/la-felicita-buona-salute-cattiva-memoria\/#article","isPartOf":{"@id":"https:\/\/www.gianbattista.it\/cms\/la-felicita-buona-salute-cattiva-memoria\/"},"author":{"name":"adminsito","@id":"https:\/\/www.gianbattista.it\/cms\/#\/schema\/person\/1058c2e181b77adf83fbd7af6dfdda01"},"headline":"la felicit\u00e0 \u00e8 buona salute e cattiva memoria","datePublished":"2013-09-22T04:11:31+00:00","dateModified":"2015-05-22T14:32:50+00:00","mainEntityOfPage":{"@id":"https:\/\/www.gianbattista.it\/cms\/la-felicita-buona-salute-cattiva-memoria\/"},"wordCount":190,"publisher":{"@id":"https:\/\/www.gianbattista.it\/cms\/#organization"},"image":{"@id":"https:\/\/www.gianbattista.it\/cms\/la-felicita-buona-salute-cattiva-memoria\/#primaryimage"},"thumbnailUrl":"https:\/\/www.gianbattista.it\/cms\/wp-content\/uploads\/2013\/09\/ingrid-bergman-gordon-parks.jpg","articleSection":["comunicAzione","ipnotizzAzione"],"inLanguage":"it-IT"},{"@type":"WebPage","@id":"https:\/\/www.gianbattista.it\/cms\/la-felicita-buona-salute-cattiva-memoria\/","url":"https:\/\/www.gianbattista.it\/cms\/la-felicita-buona-salute-cattiva-memoria\/","name":"la felicit\u00e0 \u00e8 buona salute e cattiva memoria - Gian Battista Gualdi","isPartOf":{"@id":"https:\/\/www.gianbattista.it\/cms\/#website"},"primaryImageOfPage":{"@id":"https:\/\/www.gianbattista.it\/cms\/la-felicita-buona-salute-cattiva-memoria\/#primaryimage"},"image":{"@id":"https:\/\/www.gianbattista.it\/cms\/la-felicita-buona-salute-cattiva-memoria\/#primaryimage"},"thumbnailUrl":"https:\/\/www.gianbattista.it\/cms\/wp-content\/uploads\/2013\/09\/ingrid-bergman-gordon-parks.jpg","datePublished":"2013-09-22T04:11:31+00:00","dateModified":"2015-05-22T14:32:50+00:00","description":"la felicit\u00e0 \u00e8 buona salute e cattiva memoria e questo \u00e8 quello che sostengo tutti i giorni. Ti e mai successo di pensare a qualcosa di...","breadcrumb":{"@id":"https:\/\/www.gianbattista.it\/cms\/la-felicita-buona-salute-cattiva-memoria\/#breadcrumb"},"inLanguage":"it-IT","potentialAction":[{"@type":"ReadAction","target":["https:\/\/www.gianbattista.it\/cms\/la-felicita-buona-salute-cattiva-memoria\/"]}]},{"@type":"ImageObject","inLanguage":"it-IT","@id":"https:\/\/www.gianbattista.it\/cms\/la-felicita-buona-salute-cattiva-memoria\/#primaryimage","url":"https:\/\/www.gianbattista.it\/cms\/wp-content\/uploads\/2013\/09\/ingrid-bergman-gordon-parks.jpg","contentUrl":"https:\/\/www.gianbattista.it\/cms\/wp-content\/uploads\/2013\/09\/ingrid-bergman-gordon-parks.jpg","width":675,"height":646},{"@type":"BreadcrumbList","@id":"https:\/\/www.gianbattista.it\/cms\/la-felicita-buona-salute-cattiva-memoria\/#breadcrumb","itemListElement":[{"@type":"ListItem","position":1,"name":"Home","item":"https:\/\/www.gianbattista.it\/cms\/"},{"@type":"ListItem","position":2,"name":"la felicit\u00e0 \u00e8 buona salute e cattiva memoria"}]},{"@type":"WebSite","@id":"https:\/\/www.gianbattista.it\/cms\/#website","url":"https:\/\/www.gianbattista.it\/cms\/","name":"Gian Battista Gualdi","description":"chiediti sempre il meglio","publisher":{"@id":"https:\/\/www.gianbattista.it\/cms\/#organization"},"potentialAction":[{"@type":"SearchAction","target":{"@type":"EntryPoint","urlTemplate":"https:\/\/www.gianbattista.it\/cms\/?s={search_term_string}"},"query-input":{"@type":"PropertyValueSpecification","valueRequired":true,"valueName":"search_term_string"}}],"inLanguage":"it-IT"},{"@type":"Organization","@id":"https:\/\/www.gianbattista.it\/cms\/#organization","name":"Gian Battista Gualdi","url":"https:\/\/www.gianbattista.it\/cms\/","logo":{"@type":"ImageObject","inLanguage":"it-IT","@id":"https:\/\/www.gianbattista.it\/cms\/#\/schema\/logo\/image\/","url":"https:\/\/www.gianbattista.it\/cms\/wp-content\/uploads\/2016\/07\/GBG150.png","contentUrl":"https:\/\/www.gianbattista.it\/cms\/wp-content\/uploads\/2016\/07\/GBG150.png","width":105,"height":70,"caption":"Gian Battista Gualdi"},"image":{"@id":"https:\/\/www.gianbattista.it\/cms\/#\/schema\/logo\/image\/"},"sameAs":["https:\/\/www.facebook.com\/gianbattistagualdi","https:\/\/x.com\/gualdigb","https:\/\/www.linkedin.com\/in\/gian-battista-gualdi-08781941?authType=NAME_SEARCH&amp;amp;amp;authToken=gMGk&amp;amp;amp;locale=it_IT&amp;amp;amp;trk=tyah&amp;amp;amp;trkInfo=clickedVertical:mynetwork,clickedEntityId:148340263,authType:NAME_SEARCH,idx:1-1-1,tarId:1467301191561,tas:gian battista","https:\/\/www.youtube.com\/channel\/UC-02_zSXunzSWcH89_GVN_w"]},{"@type":"Person","@id":"https:\/\/www.gianbattista.it\/cms\/#\/schema\/person\/1058c2e181b77adf83fbd7af6dfdda01","name":"adminsito","image":{"@type":"ImageObject","inLanguage":"it-IT","@id":"https:\/\/www.gianbattista.it\/cms\/#\/schema\/person\/image\/","url":"https:\/\/secure.gravatar.com\/avatar\/66532d5a7693aa019d73b60d47ff5d5f?s=96&d=identicon&r=g","contentUrl":"https:\/\/secure.gravatar.com\/avatar\/66532d5a7693aa019d73b60d47ff5d5f?s=96&d=identicon&r=g","caption":"adminsito"},"sameAs":["https:\/\/www.gianbattista.it","https:\/\/www.facebook.com\/gianbattistagualdi"],"url":"https:\/\/www.gianbattista.it\/cms\/author\/admin\/"}]}},"_links":{"self":[{"href":"https:\/\/www.gianbattista.it\/cms\/wp-json\/wp\/v2\/posts\/1232"}],"collection":[{"href":"https:\/\/www.gianbattista.it\/cms\/wp-json\/wp\/v2\/posts"}],"about":[{"href":"https:\/\/www.gianbattista.it\/cms\/wp-json\/wp\/v2\/types\/post"}],"author":[{"embeddable":true,"href":"https:\/\/www.gianbattista.it\/cms\/wp-json\/wp\/v2\/users\/2"}],"replies":[{"embeddable":true,"href":"https:\/\/www.gianbattista.it\/cms\/wp-json\/wp\/v2\/comments?post=1232"}],"version-history":[{"count":0,"href":"https:\/\/www.gianbattista.it\/cms\/wp-json\/wp\/v2\/posts\/1232\/revisions"}],"wp:featuredmedia":[{"embeddable":true,"href":"https:\/\/www.gianbattista.it\/cms\/wp-json\/wp\/v2\/media\/1252"}],"wp:attachment":[{"href":"https:\/\/www.gianbattista.it\/cms\/wp-json\/wp\/v2\/media?parent=1232"}],"wp:term":[{"taxonomy":"category","embeddable":true,"href":"https:\/\/www.gianbattista.it\/cms\/wp-json\/wp\/v2\/categories?post=1232"},{"taxonomy":"post_tag","embeddable":true,"href":"https:\/\/www.gianbattista.it\/cms\/wp-json\/wp\/v2\/tags?post=1232"}],"curies":[{"name":"wp","href":"https:\/\/api.w.org\/{rel}","templated":true}]}}