{"id":147,"date":"2012-03-10T15:35:34","date_gmt":"2012-03-10T15:35:34","guid":{"rendered":"https:\/\/www.gianbattista.it\/cms\/?p=147"},"modified":"2025-04-27T21:35:04","modified_gmt":"2025-04-27T19:35:04","slug":"le-funzioni-degli-emisferi","status":"publish","type":"post","link":"https:\/\/www.gianbattista.it\/cms\/le-funzioni-degli-emisferi\/","title":{"rendered":"le funzioni degli emisferi"},"content":{"rendered":"<h3>come funziona il nostro cervello<\/h3>\n<h2><strong>Cervello: matematico o sognatore?<\/strong><\/h2>\n<p><!--more--><\/p>\n<h4>Si pu\u00f2 affermare che l&#8217;<strong>emisfero sinistro\u00a0<\/strong>del\u00a0<strong>cervello<\/strong>\u00a0\u00e8 &#8220;il matematico&#8221;: \u00e8 specializzato nei i processi linguistici, \u00e8 competente in quelli sequenziali e nella percezione-gestione degli eventi che si susseguono nel tempo, come ad esempio la concatenazione logica del pensiero; in altri termini, il\u00a0<strong>cervello<\/strong>\u00a0matematico \u00e8 maggiormente qualificato nella percezione analitica della realt\u00e0.<\/h4>\n<h4>L&#8217;\u00a0<strong>emisfero destro<\/strong>, invece, \u00e8 il &#8220;sognatore&#8221;, pi\u00f9 specializzato nell&#8217;elaborazione visiva e nella percezione delle immagini, nella loro organizzazione spaziale e nell&#8217;interpretazione emotiva; pi\u00f9 sommariamente, al\u00a0<strong>cervello<\/strong>\u00a0sognatore spetta la percezione globale e complessiva degli stimoli.<\/h4>\n<h4><\/h4>\n<h3>FUNZIONI DELL\u2019EMISFERO SINISTRO<\/h3>\n<ul>\n<li>\n<h4>usa la logica<\/h4>\n<\/li>\n<li>\n<h4>\u00e8 orientato a percepire i dettagli<\/h4>\n<\/li>\n<li>\n<h4>prevalgono i fatti<\/h4>\n<\/li>\n<li>\n<h4>parole e linguaggio<\/h4>\n<\/li>\n<li>\n<h4>presente e passato<\/h4>\n<\/li>\n<li>\n<h4>matematica e scienza<\/h4>\n<\/li>\n<li>\n<h4>riesce a comprendere<\/h4>\n<\/li>\n<li>\n<h4>sapere<\/h4>\n<\/li>\n<li>\n<h4>riconoscere<\/h4>\n<\/li>\n<li>\n<h4>percezione di ordine e schema<\/h4>\n<\/li>\n<li>\n<h4>conosce i nomi delle cose<\/h4>\n<\/li>\n<li>\n<h4>si basa sulla realt\u00e0<\/h4>\n<\/li>\n<li>\n<h4>crea strategie<\/h4>\n<\/li>\n<li>\n<h4>pratico<\/h4>\n<\/li>\n<li>\n<h4>ama la sicurezza<\/h4>\n<\/li>\n<\/ul>\n<h3>FUNZIONI DELL\u2019EMISFERO DESTRO<\/h3>\n<ul>\n<li>\n<h4>usa i sentimenti<\/h4>\n<\/li>\n<li>\n<h4>\u00e8 orientato a percepire il quadro generale<\/h4>\n<\/li>\n<li>\n<h4>prevale l\u2019immaginazione<\/h4>\n<\/li>\n<li>\n<h4>simboli ed immagini<\/h4>\n<\/li>\n<li>\n<h4>presente e futuro<\/h4>\n<\/li>\n<li>\n<h4>filosofia e religione<\/h4>\n<\/li>\n<li>\n<h4>riesce ad arrivarci<\/h4>\n<\/li>\n<li>\n<h4>credere<\/h4>\n<\/li>\n<li>\n<h4>apprezzare<\/h4>\n<\/li>\n<li>\n<h4>percezione spaziale<\/h4>\n<\/li>\n<li>\n<h4>conosce la funzione delle cose<\/h4>\n<\/li>\n<li>\n<h4>si basa sulla fantasia<\/h4>\n<\/li>\n<li>\n<h4>possibilit\u00e0 del momento<\/h4>\n<\/li>\n<li>\n<h4>impetuoso<\/h4>\n<\/li>\n<li>\n<h4>corre rischi<\/h4>\n<\/li>\n<\/ul>\n<p><a href=\"https:\/\/www.gianbattista.it\/cms\/wp-content\/uploads\/2012\/03\/Sicurezza_AnneGeddes_Wallpaper43-web.jpg\"><img loading=\"lazy\" decoding=\"async\" src=\"https:\/\/www.gianbattista.it\/cms\/wp-content\/uploads\/2012\/03\/Sicurezza_AnneGeddes_Wallpaper43-web.jpg\" alt=\"Sicurezza_AnneGeddes_Wallpaper43-web\" width=\"500\" height=\"375\" \/><\/a><\/p>\n","protected":false},"excerpt":{"rendered":"<p>come funziona il nostro cervello?<\/p>\n","protected":false},"author":2,"featured_media":394,"comment_status":"closed","ping_status":"closed","sticky":false,"template":"","format":"standard","meta":{"_et_pb_use_builder":"off","_et_pb_old_content":"","_et_gb_content_width":"","footnotes":""},"categories":[4],"tags":[],"yoast_head":"<!-- This site is optimized with the Yoast SEO plugin v23.4 - https:\/\/yoast.com\/wordpress\/plugins\/seo\/ -->\n<title>come funziona il nostro cervello<\/title>\n<meta name=\"description\" content=\"come funziona il nostro cervello, FUNZIONI DELL\u2019EMISFERO, SINISTRO, DESTRO\" \/>\n<meta name=\"robots\" content=\"index, follow, max-snippet:-1, max-image-preview:large, max-video-preview:-1\" \/>\n<link rel=\"canonical\" href=\"https:\/\/www.gianbattista.it\/cms\/le-funzioni-degli-emisferi\/\" \/>\n<meta property=\"og:locale\" content=\"it_IT\" \/>\n<meta property=\"og:type\" content=\"article\" \/>\n<meta property=\"og:title\" content=\"come funziona il nostro cervello\" \/>\n<meta property=\"og:description\" content=\"come funziona il nostro cervello, FUNZIONI DELL\u2019EMISFERO, SINISTRO, DESTRO\" \/>\n<meta property=\"og:url\" content=\"https:\/\/www.gianbattista.it\/cms\/le-funzioni-degli-emisferi\/\" \/>\n<meta property=\"og:site_name\" content=\"Gian Battista Gualdi\" \/>\n<meta property=\"article:publisher\" content=\"https:\/\/www.facebook.com\/gianbattistagualdi\" \/>\n<meta property=\"article:author\" content=\"https:\/\/www.facebook.com\/gianbattistagualdi\" \/>\n<meta property=\"article:published_time\" content=\"2012-03-10T15:35:34+00:00\" \/>\n<meta property=\"article:modified_time\" content=\"2025-04-27T19:35:04+00:00\" \/>\n<meta property=\"og:image\" content=\"https:\/\/www.gianbattista.it\/cms\/wp-content\/uploads\/2012\/03\/Disney.jpg\" \/>\n\t<meta property=\"og:image:width\" content=\"626\" \/>\n\t<meta property=\"og:image:height\" content=\"470\" \/>\n\t<meta property=\"og:image:type\" content=\"image\/jpeg\" \/>\n<meta name=\"author\" content=\"adminsito\" \/>\n<meta name=\"twitter:label1\" content=\"Scritto da\" \/>\n\t<meta name=\"twitter:data1\" content=\"adminsito\" \/>\n\t<meta name=\"twitter:label2\" content=\"Tempo di lettura stimato\" \/>\n\t<meta name=\"twitter:data2\" content=\"2 minuti\" \/>\n<script type=\"application\/ld+json\" class=\"yoast-schema-graph\">{\"@context\":\"https:\/\/schema.org\",\"@graph\":[{\"@type\":\"Article\",\"@id\":\"https:\/\/www.gianbattista.it\/cms\/le-funzioni-degli-emisferi\/#article\",\"isPartOf\":{\"@id\":\"https:\/\/www.gianbattista.it\/cms\/le-funzioni-degli-emisferi\/\"},\"author\":{\"name\":\"adminsito\",\"@id\":\"https:\/\/www.gianbattista.it\/cms\/#\/schema\/person\/1058c2e181b77adf83fbd7af6dfdda01\"},\"headline\":\"le funzioni degli emisferi\",\"datePublished\":\"2012-03-10T15:35:34+00:00\",\"dateModified\":\"2025-04-27T19:35:04+00:00\",\"mainEntityOfPage\":{\"@id\":\"https:\/\/www.gianbattista.it\/cms\/le-funzioni-degli-emisferi\/\"},\"wordCount\":197,\"publisher\":{\"@id\":\"https:\/\/www.gianbattista.it\/cms\/#organization\"},\"image\":{\"@id\":\"https:\/\/www.gianbattista.it\/cms\/le-funzioni-degli-emisferi\/#primaryimage\"},\"thumbnailUrl\":\"https:\/\/www.gianbattista.it\/cms\/wp-content\/uploads\/2012\/03\/Disney.jpg\",\"articleSection\":[\"formAzione\"],\"inLanguage\":\"it-IT\"},{\"@type\":\"WebPage\",\"@id\":\"https:\/\/www.gianbattista.it\/cms\/le-funzioni-degli-emisferi\/\",\"url\":\"https:\/\/www.gianbattista.it\/cms\/le-funzioni-degli-emisferi\/\",\"name\":\"come funziona il nostro cervello\",\"isPartOf\":{\"@id\":\"https:\/\/www.gianbattista.it\/cms\/#website\"},\"primaryImageOfPage\":{\"@id\":\"https:\/\/www.gianbattista.it\/cms\/le-funzioni-degli-emisferi\/#primaryimage\"},\"image\":{\"@id\":\"https:\/\/www.gianbattista.it\/cms\/le-funzioni-degli-emisferi\/#primaryimage\"},\"thumbnailUrl\":\"https:\/\/www.gianbattista.it\/cms\/wp-content\/uploads\/2012\/03\/Disney.jpg\",\"datePublished\":\"2012-03-10T15:35:34+00:00\",\"dateModified\":\"2025-04-27T19:35:04+00:00\",\"description\":\"come funziona il nostro cervello, FUNZIONI DELL\u2019EMISFERO, SINISTRO, DESTRO\",\"breadcrumb\":{\"@id\":\"https:\/\/www.gianbattista.it\/cms\/le-funzioni-degli-emisferi\/#breadcrumb\"},\"inLanguage\":\"it-IT\",\"potentialAction\":[{\"@type\":\"ReadAction\",\"target\":[\"https:\/\/www.gianbattista.it\/cms\/le-funzioni-degli-emisferi\/\"]}]},{\"@type\":\"ImageObject\",\"inLanguage\":\"it-IT\",\"@id\":\"https:\/\/www.gianbattista.it\/cms\/le-funzioni-degli-emisferi\/#primaryimage\",\"url\":\"https:\/\/www.gianbattista.it\/cms\/wp-content\/uploads\/2012\/03\/Disney.jpg\",\"contentUrl\":\"https:\/\/www.gianbattista.it\/cms\/wp-content\/uploads\/2012\/03\/Disney.jpg\",\"width\":626,\"height\":470},{\"@type\":\"BreadcrumbList\",\"@id\":\"https:\/\/www.gianbattista.it\/cms\/le-funzioni-degli-emisferi\/#breadcrumb\",\"itemListElement\":[{\"@type\":\"ListItem\",\"position\":1,\"name\":\"Home\",\"item\":\"https:\/\/www.gianbattista.it\/cms\/\"},{\"@type\":\"ListItem\",\"position\":2,\"name\":\"le funzioni degli emisferi\"}]},{\"@type\":\"WebSite\",\"@id\":\"https:\/\/www.gianbattista.it\/cms\/#website\",\"url\":\"https:\/\/www.gianbattista.it\/cms\/\",\"name\":\"Gian Battista Gualdi\",\"description\":\"chiediti sempre il meglio\",\"publisher\":{\"@id\":\"https:\/\/www.gianbattista.it\/cms\/#organization\"},\"potentialAction\":[{\"@type\":\"SearchAction\",\"target\":{\"@type\":\"EntryPoint\",\"urlTemplate\":\"https:\/\/www.gianbattista.it\/cms\/?s={search_term_string}\"},\"query-input\":{\"@type\":\"PropertyValueSpecification\",\"valueRequired\":true,\"valueName\":\"search_term_string\"}}],\"inLanguage\":\"it-IT\"},{\"@type\":\"Organization\",\"@id\":\"https:\/\/www.gianbattista.it\/cms\/#organization\",\"name\":\"Gian Battista Gualdi\",\"url\":\"https:\/\/www.gianbattista.it\/cms\/\",\"logo\":{\"@type\":\"ImageObject\",\"inLanguage\":\"it-IT\",\"@id\":\"https:\/\/www.gianbattista.it\/cms\/#\/schema\/logo\/image\/\",\"url\":\"https:\/\/www.gianbattista.it\/cms\/wp-content\/uploads\/2016\/07\/GBG150.png\",\"contentUrl\":\"https:\/\/www.gianbattista.it\/cms\/wp-content\/uploads\/2016\/07\/GBG150.png\",\"width\":105,\"height\":70,\"caption\":\"Gian Battista Gualdi\"},\"image\":{\"@id\":\"https:\/\/www.gianbattista.it\/cms\/#\/schema\/logo\/image\/\"},\"sameAs\":[\"https:\/\/www.facebook.com\/gianbattistagualdi\",\"https:\/\/x.com\/gualdigb\",\"https:\/\/www.linkedin.com\/in\/gian-battista-gualdi-08781941?authType=NAME_SEARCH&amp;amp;amp;authToken=gMGk&amp;amp;amp;locale=it_IT&amp;amp;amp;trk=tyah&amp;amp;amp;trkInfo=clickedVertical:mynetwork,clickedEntityId:148340263,authType:NAME_SEARCH,idx:1-1-1,tarId:1467301191561,tas:gian battista\",\"https:\/\/www.youtube.com\/channel\/UC-02_zSXunzSWcH89_GVN_w\"]},{\"@type\":\"Person\",\"@id\":\"https:\/\/www.gianbattista.it\/cms\/#\/schema\/person\/1058c2e181b77adf83fbd7af6dfdda01\",\"name\":\"adminsito\",\"image\":{\"@type\":\"ImageObject\",\"inLanguage\":\"it-IT\",\"@id\":\"https:\/\/www.gianbattista.it\/cms\/#\/schema\/person\/image\/\",\"url\":\"https:\/\/secure.gravatar.com\/avatar\/66532d5a7693aa019d73b60d47ff5d5f?s=96&d=identicon&r=g\",\"contentUrl\":\"https:\/\/secure.gravatar.com\/avatar\/66532d5a7693aa019d73b60d47ff5d5f?s=96&d=identicon&r=g\",\"caption\":\"adminsito\"},\"sameAs\":[\"https:\/\/www.gianbattista.it\",\"https:\/\/www.facebook.com\/gianbattistagualdi\"],\"url\":\"https:\/\/www.gianbattista.it\/cms\/author\/admin\/\"}]}<\/script>\n<!-- \/ Yoast SEO plugin. -->","yoast_head_json":{"title":"come funziona il nostro cervello","description":"come funziona il nostro cervello, FUNZIONI DELL\u2019EMISFERO, SINISTRO, DESTRO","robots":{"index":"index","follow":"follow","max-snippet":"max-snippet:-1","max-image-preview":"max-image-preview:large","max-video-preview":"max-video-preview:-1"},"canonical":"https:\/\/www.gianbattista.it\/cms\/le-funzioni-degli-emisferi\/","og_locale":"it_IT","og_type":"article","og_title":"come funziona il nostro cervello","og_description":"come funziona il nostro cervello, FUNZIONI DELL\u2019EMISFERO, SINISTRO, DESTRO","og_url":"https:\/\/www.gianbattista.it\/cms\/le-funzioni-degli-emisferi\/","og_site_name":"Gian Battista Gualdi","article_publisher":"https:\/\/www.facebook.com\/gianbattistagualdi","article_author":"https:\/\/www.facebook.com\/gianbattistagualdi","article_published_time":"2012-03-10T15:35:34+00:00","article_modified_time":"2025-04-27T19:35:04+00:00","og_image":[{"width":626,"height":470,"url":"https:\/\/www.gianbattista.it\/cms\/wp-content\/uploads\/2012\/03\/Disney.jpg","type":"image\/jpeg"}],"author":"adminsito","twitter_misc":{"Scritto da":"adminsito","Tempo di lettura stimato":"2 minuti"},"schema":{"@context":"https:\/\/schema.org","@graph":[{"@type":"Article","@id":"https:\/\/www.gianbattista.it\/cms\/le-funzioni-degli-emisferi\/#article","isPartOf":{"@id":"https:\/\/www.gianbattista.it\/cms\/le-funzioni-degli-emisferi\/"},"author":{"name":"adminsito","@id":"https:\/\/www.gianbattista.it\/cms\/#\/schema\/person\/1058c2e181b77adf83fbd7af6dfdda01"},"headline":"le funzioni degli emisferi","datePublished":"2012-03-10T15:35:34+00:00","dateModified":"2025-04-27T19:35:04+00:00","mainEntityOfPage":{"@id":"https:\/\/www.gianbattista.it\/cms\/le-funzioni-degli-emisferi\/"},"wordCount":197,"publisher":{"@id":"https:\/\/www.gianbattista.it\/cms\/#organization"},"image":{"@id":"https:\/\/www.gianbattista.it\/cms\/le-funzioni-degli-emisferi\/#primaryimage"},"thumbnailUrl":"https:\/\/www.gianbattista.it\/cms\/wp-content\/uploads\/2012\/03\/Disney.jpg","articleSection":["formAzione"],"inLanguage":"it-IT"},{"@type":"WebPage","@id":"https:\/\/www.gianbattista.it\/cms\/le-funzioni-degli-emisferi\/","url":"https:\/\/www.gianbattista.it\/cms\/le-funzioni-degli-emisferi\/","name":"come funziona il nostro cervello","isPartOf":{"@id":"https:\/\/www.gianbattista.it\/cms\/#website"},"primaryImageOfPage":{"@id":"https:\/\/www.gianbattista.it\/cms\/le-funzioni-degli-emisferi\/#primaryimage"},"image":{"@id":"https:\/\/www.gianbattista.it\/cms\/le-funzioni-degli-emisferi\/#primaryimage"},"thumbnailUrl":"https:\/\/www.gianbattista.it\/cms\/wp-content\/uploads\/2012\/03\/Disney.jpg","datePublished":"2012-03-10T15:35:34+00:00","dateModified":"2025-04-27T19:35:04+00:00","description":"come funziona il nostro cervello, FUNZIONI DELL\u2019EMISFERO, SINISTRO, DESTRO","breadcrumb":{"@id":"https:\/\/www.gianbattista.it\/cms\/le-funzioni-degli-emisferi\/#breadcrumb"},"inLanguage":"it-IT","potentialAction":[{"@type":"ReadAction","target":["https:\/\/www.gianbattista.it\/cms\/le-funzioni-degli-emisferi\/"]}]},{"@type":"ImageObject","inLanguage":"it-IT","@id":"https:\/\/www.gianbattista.it\/cms\/le-funzioni-degli-emisferi\/#primaryimage","url":"https:\/\/www.gianbattista.it\/cms\/wp-content\/uploads\/2012\/03\/Disney.jpg","contentUrl":"https:\/\/www.gianbattista.it\/cms\/wp-content\/uploads\/2012\/03\/Disney.jpg","width":626,"height":470},{"@type":"BreadcrumbList","@id":"https:\/\/www.gianbattista.it\/cms\/le-funzioni-degli-emisferi\/#breadcrumb","itemListElement":[{"@type":"ListItem","position":1,"name":"Home","item":"https:\/\/www.gianbattista.it\/cms\/"},{"@type":"ListItem","position":2,"name":"le funzioni degli emisferi"}]},{"@type":"WebSite","@id":"https:\/\/www.gianbattista.it\/cms\/#website","url":"https:\/\/www.gianbattista.it\/cms\/","name":"Gian Battista Gualdi","description":"chiediti sempre il meglio","publisher":{"@id":"https:\/\/www.gianbattista.it\/cms\/#organization"},"potentialAction":[{"@type":"SearchAction","target":{"@type":"EntryPoint","urlTemplate":"https:\/\/www.gianbattista.it\/cms\/?s={search_term_string}"},"query-input":{"@type":"PropertyValueSpecification","valueRequired":true,"valueName":"search_term_string"}}],"inLanguage":"it-IT"},{"@type":"Organization","@id":"https:\/\/www.gianbattista.it\/cms\/#organization","name":"Gian Battista Gualdi","url":"https:\/\/www.gianbattista.it\/cms\/","logo":{"@type":"ImageObject","inLanguage":"it-IT","@id":"https:\/\/www.gianbattista.it\/cms\/#\/schema\/logo\/image\/","url":"https:\/\/www.gianbattista.it\/cms\/wp-content\/uploads\/2016\/07\/GBG150.png","contentUrl":"https:\/\/www.gianbattista.it\/cms\/wp-content\/uploads\/2016\/07\/GBG150.png","width":105,"height":70,"caption":"Gian Battista Gualdi"},"image":{"@id":"https:\/\/www.gianbattista.it\/cms\/#\/schema\/logo\/image\/"},"sameAs":["https:\/\/www.facebook.com\/gianbattistagualdi","https:\/\/x.com\/gualdigb","https:\/\/www.linkedin.com\/in\/gian-battista-gualdi-08781941?authType=NAME_SEARCH&amp;amp;amp;authToken=gMGk&amp;amp;amp;locale=it_IT&amp;amp;amp;trk=tyah&amp;amp;amp;trkInfo=clickedVertical:mynetwork,clickedEntityId:148340263,authType:NAME_SEARCH,idx:1-1-1,tarId:1467301191561,tas:gian battista","https:\/\/www.youtube.com\/channel\/UC-02_zSXunzSWcH89_GVN_w"]},{"@type":"Person","@id":"https:\/\/www.gianbattista.it\/cms\/#\/schema\/person\/1058c2e181b77adf83fbd7af6dfdda01","name":"adminsito","image":{"@type":"ImageObject","inLanguage":"it-IT","@id":"https:\/\/www.gianbattista.it\/cms\/#\/schema\/person\/image\/","url":"https:\/\/secure.gravatar.com\/avatar\/66532d5a7693aa019d73b60d47ff5d5f?s=96&d=identicon&r=g","contentUrl":"https:\/\/secure.gravatar.com\/avatar\/66532d5a7693aa019d73b60d47ff5d5f?s=96&d=identicon&r=g","caption":"adminsito"},"sameAs":["https:\/\/www.gianbattista.it","https:\/\/www.facebook.com\/gianbattistagualdi"],"url":"https:\/\/www.gianbattista.it\/cms\/author\/admin\/"}]}},"_links":{"self":[{"href":"https:\/\/www.gianbattista.it\/cms\/wp-json\/wp\/v2\/posts\/147"}],"collection":[{"href":"https:\/\/www.gianbattista.it\/cms\/wp-json\/wp\/v2\/posts"}],"about":[{"href":"https:\/\/www.gianbattista.it\/cms\/wp-json\/wp\/v2\/types\/post"}],"author":[{"embeddable":true,"href":"https:\/\/www.gianbattista.it\/cms\/wp-json\/wp\/v2\/users\/2"}],"replies":[{"embeddable":true,"href":"https:\/\/www.gianbattista.it\/cms\/wp-json\/wp\/v2\/comments?post=147"}],"version-history":[{"count":1,"href":"https:\/\/www.gianbattista.it\/cms\/wp-json\/wp\/v2\/posts\/147\/revisions"}],"predecessor-version":[{"id":37668,"href":"https:\/\/www.gianbattista.it\/cms\/wp-json\/wp\/v2\/posts\/147\/revisions\/37668"}],"wp:featuredmedia":[{"embeddable":true,"href":"https:\/\/www.gianbattista.it\/cms\/wp-json\/wp\/v2\/media\/394"}],"wp:attachment":[{"href":"https:\/\/www.gianbattista.it\/cms\/wp-json\/wp\/v2\/media?parent=147"}],"wp:term":[{"taxonomy":"category","embeddable":true,"href":"https:\/\/www.gianbattista.it\/cms\/wp-json\/wp\/v2\/categories?post=147"},{"taxonomy":"post_tag","embeddable":true,"href":"https:\/\/www.gianbattista.it\/cms\/wp-json\/wp\/v2\/tags?post=147"}],"curies":[{"name":"wp","href":"https:\/\/api.w.org\/{rel}","templated":true}]}}