{"id":1605,"date":"2014-07-24T04:56:14","date_gmt":"2014-07-24T04:56:14","guid":{"rendered":"https:\/\/www.gianbattista.it\/cms\/?p=1605"},"modified":"2015-05-21T21:59:50","modified_gmt":"2015-05-21T21:59:50","slug":"storia-taglialegna","status":"publish","type":"post","link":"https:\/\/www.gianbattista.it\/cms\/storia-taglialegna\/","title":{"rendered":"la storia del taglialegna"},"content":{"rendered":"<h4>C&#8217;era una volta un possente taglialegna in cerca di lavoro. Dopo aver girato diverse citt\u00e0, il taglialegna trov\u00f2 finalmente impiego presso un importante commerciante di legno. L&#8217;ottima paga e le eccellenti condizioni di lavoro convinsero il taglialegna a dare il meglio di s\u00e9.<\/h4>\n<h4>Il primo giorno il capo diede al nuovo arrivato un&#8217;ascia e gli indic\u00f2 l&#8217;area del bosco dove avrebbe dovuto lavorare. Al termine della giornata, il possente taglialegna frantum\u00f2 il record degli altri dipendenti, raggiungendo i 18 alberi abbattuti. Il capo si congratul\u00f2 sinceramente con lui e questo motiv\u00f2 ancor pi\u00f9 il taglialegna.<\/h4>\n<p><!--more--><\/p>\n<h4>Il secondo giorno il taglialegna lavor\u00f2 con tutte le sue energie, ma al tramonto gli alberi abbattuti furono 15. Per nulla demoralizzato, il terzo giorno il taglialegna si impegn\u00f2 con ancora pi\u00f9 vigore, ma anche questa volta il numero di alberi cal\u00f2: 10 unit\u00e0. Per quanta energia mettesse nel suo lavoro, giorno dopo giorno, il numero di alberi abbattuti continu\u00f2 a calare inesorabilmente.<\/h4>\n<h4>Mortificato, il taglialegna s\u00ec present\u00f2 dal capo scusandosi per lo scarso rendimento. Al che l&#8217;esperto commerciante di legno pose al suo dipendente una semplice domanda: &#8220;<em>Quando \u00e8 stata l&#8217;ultima volta che <\/em><strong><em>hai affilato la tua ascia<\/em><\/strong><em>?<\/em>&#8220;. Un po&#8217; imbarazzato il taglialegna rispose: &#8220;<em>Signore, non ho avuto tempo per affilare la mia ascia, ero troppo impegnato a tagliare gli alberi<\/em>&#8220;.<\/h4>\n","protected":false},"excerpt":{"rendered":"<p>C&#8217;era una volta un possente taglialegna in cerca di lavoro. Dopo aver girato diverse citt\u00e0, il taglialegna trov\u00f2 finalmente impiego presso un importante commerciante di legno. <\/p>\n","protected":false},"author":2,"featured_media":1606,"comment_status":"closed","ping_status":"closed","sticky":false,"template":"","format":"standard","meta":{"_et_pb_use_builder":"","_et_pb_old_content":"","_et_gb_content_width":"","footnotes":""},"categories":[1,4,5],"tags":[],"yoast_head":"<!-- This site is optimized with the Yoast SEO plugin v23.4 - https:\/\/yoast.com\/wordpress\/plugins\/seo\/ -->\n<title>La storia del taglialegna - Gian Battista Gualdi<\/title>\n<meta name=\"description\" content=\"C&#039;era una volta un possente taglialegna in cerca di lavoro. Dopo aver girato diverse citt\u00e0, il taglialegna trov\u00f2 finalmente impiego presso un importante commerciante di legno...\" \/>\n<meta name=\"robots\" content=\"index, follow, max-snippet:-1, max-image-preview:large, max-video-preview:-1\" \/>\n<link rel=\"canonical\" href=\"https:\/\/www.gianbattista.it\/cms\/storia-taglialegna\/\" \/>\n<meta property=\"og:locale\" content=\"it_IT\" \/>\n<meta property=\"og:type\" content=\"article\" \/>\n<meta property=\"og:title\" content=\"La storia del taglialegna - Gian Battista Gualdi\" \/>\n<meta property=\"og:description\" content=\"C&#039;era una volta un possente taglialegna in cerca di lavoro. Dopo aver girato diverse citt\u00e0, il taglialegna trov\u00f2 finalmente impiego presso un importante commerciante di legno...\" \/>\n<meta property=\"og:url\" content=\"https:\/\/www.gianbattista.it\/cms\/storia-taglialegna\/\" \/>\n<meta property=\"og:site_name\" content=\"Gian Battista Gualdi\" \/>\n<meta property=\"article:publisher\" content=\"https:\/\/www.facebook.com\/gianbattistagualdi\" \/>\n<meta property=\"article:author\" content=\"https:\/\/www.facebook.com\/gianbattistagualdi\" \/>\n<meta property=\"article:published_time\" content=\"2014-07-24T04:56:14+00:00\" \/>\n<meta property=\"article:modified_time\" content=\"2015-05-21T21:59:50+00:00\" \/>\n<meta property=\"og:image\" content=\"https:\/\/www.gianbattista.it\/cms\/wp-content\/uploads\/2014\/07\/8.jpg\" \/>\n\t<meta property=\"og:image:width\" content=\"611\" \/>\n\t<meta property=\"og:image:height\" content=\"231\" \/>\n\t<meta property=\"og:image:type\" content=\"image\/jpeg\" \/>\n<meta name=\"author\" content=\"adminsito\" \/>\n<meta name=\"twitter:label1\" content=\"Scritto da\" \/>\n\t<meta name=\"twitter:data1\" content=\"adminsito\" \/>\n\t<meta name=\"twitter:label2\" content=\"Tempo di lettura stimato\" \/>\n\t<meta name=\"twitter:data2\" content=\"1 minuto\" \/>\n<script type=\"application\/ld+json\" class=\"yoast-schema-graph\">{\"@context\":\"https:\/\/schema.org\",\"@graph\":[{\"@type\":\"Article\",\"@id\":\"https:\/\/www.gianbattista.it\/cms\/storia-taglialegna\/#article\",\"isPartOf\":{\"@id\":\"https:\/\/www.gianbattista.it\/cms\/storia-taglialegna\/\"},\"author\":{\"name\":\"adminsito\",\"@id\":\"https:\/\/www.gianbattista.it\/cms\/#\/schema\/person\/1058c2e181b77adf83fbd7af6dfdda01\"},\"headline\":\"la storia del taglialegna\",\"datePublished\":\"2014-07-24T04:56:14+00:00\",\"dateModified\":\"2015-05-21T21:59:50+00:00\",\"mainEntityOfPage\":{\"@id\":\"https:\/\/www.gianbattista.it\/cms\/storia-taglialegna\/\"},\"wordCount\":223,\"publisher\":{\"@id\":\"https:\/\/www.gianbattista.it\/cms\/#organization\"},\"image\":{\"@id\":\"https:\/\/www.gianbattista.it\/cms\/storia-taglialegna\/#primaryimage\"},\"thumbnailUrl\":\"https:\/\/www.gianbattista.it\/cms\/wp-content\/uploads\/2014\/07\/8.jpg\",\"articleSection\":[\"comunicAzione\",\"formAzione\",\"progettAzione\"],\"inLanguage\":\"it-IT\"},{\"@type\":\"WebPage\",\"@id\":\"https:\/\/www.gianbattista.it\/cms\/storia-taglialegna\/\",\"url\":\"https:\/\/www.gianbattista.it\/cms\/storia-taglialegna\/\",\"name\":\"La storia del taglialegna - Gian Battista Gualdi\",\"isPartOf\":{\"@id\":\"https:\/\/www.gianbattista.it\/cms\/#website\"},\"primaryImageOfPage\":{\"@id\":\"https:\/\/www.gianbattista.it\/cms\/storia-taglialegna\/#primaryimage\"},\"image\":{\"@id\":\"https:\/\/www.gianbattista.it\/cms\/storia-taglialegna\/#primaryimage\"},\"thumbnailUrl\":\"https:\/\/www.gianbattista.it\/cms\/wp-content\/uploads\/2014\/07\/8.jpg\",\"datePublished\":\"2014-07-24T04:56:14+00:00\",\"dateModified\":\"2015-05-21T21:59:50+00:00\",\"description\":\"C'era una volta un possente taglialegna in cerca di lavoro. Dopo aver girato diverse citt\u00e0, il taglialegna trov\u00f2 finalmente impiego presso un importante commerciante di legno...\",\"breadcrumb\":{\"@id\":\"https:\/\/www.gianbattista.it\/cms\/storia-taglialegna\/#breadcrumb\"},\"inLanguage\":\"it-IT\",\"potentialAction\":[{\"@type\":\"ReadAction\",\"target\":[\"https:\/\/www.gianbattista.it\/cms\/storia-taglialegna\/\"]}]},{\"@type\":\"ImageObject\",\"inLanguage\":\"it-IT\",\"@id\":\"https:\/\/www.gianbattista.it\/cms\/storia-taglialegna\/#primaryimage\",\"url\":\"https:\/\/www.gianbattista.it\/cms\/wp-content\/uploads\/2014\/07\/8.jpg\",\"contentUrl\":\"https:\/\/www.gianbattista.it\/cms\/wp-content\/uploads\/2014\/07\/8.jpg\",\"width\":611,\"height\":231},{\"@type\":\"BreadcrumbList\",\"@id\":\"https:\/\/www.gianbattista.it\/cms\/storia-taglialegna\/#breadcrumb\",\"itemListElement\":[{\"@type\":\"ListItem\",\"position\":1,\"name\":\"Home\",\"item\":\"https:\/\/www.gianbattista.it\/cms\/\"},{\"@type\":\"ListItem\",\"position\":2,\"name\":\"la storia del taglialegna\"}]},{\"@type\":\"WebSite\",\"@id\":\"https:\/\/www.gianbattista.it\/cms\/#website\",\"url\":\"https:\/\/www.gianbattista.it\/cms\/\",\"name\":\"Gian Battista Gualdi\",\"description\":\"chiediti sempre il meglio\",\"publisher\":{\"@id\":\"https:\/\/www.gianbattista.it\/cms\/#organization\"},\"potentialAction\":[{\"@type\":\"SearchAction\",\"target\":{\"@type\":\"EntryPoint\",\"urlTemplate\":\"https:\/\/www.gianbattista.it\/cms\/?s={search_term_string}\"},\"query-input\":{\"@type\":\"PropertyValueSpecification\",\"valueRequired\":true,\"valueName\":\"search_term_string\"}}],\"inLanguage\":\"it-IT\"},{\"@type\":\"Organization\",\"@id\":\"https:\/\/www.gianbattista.it\/cms\/#organization\",\"name\":\"Gian Battista Gualdi\",\"url\":\"https:\/\/www.gianbattista.it\/cms\/\",\"logo\":{\"@type\":\"ImageObject\",\"inLanguage\":\"it-IT\",\"@id\":\"https:\/\/www.gianbattista.it\/cms\/#\/schema\/logo\/image\/\",\"url\":\"https:\/\/www.gianbattista.it\/cms\/wp-content\/uploads\/2016\/07\/GBG150.png\",\"contentUrl\":\"https:\/\/www.gianbattista.it\/cms\/wp-content\/uploads\/2016\/07\/GBG150.png\",\"width\":105,\"height\":70,\"caption\":\"Gian Battista Gualdi\"},\"image\":{\"@id\":\"https:\/\/www.gianbattista.it\/cms\/#\/schema\/logo\/image\/\"},\"sameAs\":[\"https:\/\/www.facebook.com\/gianbattistagualdi\",\"https:\/\/x.com\/gualdigb\",\"https:\/\/www.linkedin.com\/in\/gian-battista-gualdi-08781941?authType=NAME_SEARCH&amp;amp;amp;authToken=gMGk&amp;amp;amp;locale=it_IT&amp;amp;amp;trk=tyah&amp;amp;amp;trkInfo=clickedVertical:mynetwork,clickedEntityId:148340263,authType:NAME_SEARCH,idx:1-1-1,tarId:1467301191561,tas:gian battista\",\"https:\/\/www.youtube.com\/channel\/UC-02_zSXunzSWcH89_GVN_w\"]},{\"@type\":\"Person\",\"@id\":\"https:\/\/www.gianbattista.it\/cms\/#\/schema\/person\/1058c2e181b77adf83fbd7af6dfdda01\",\"name\":\"adminsito\",\"image\":{\"@type\":\"ImageObject\",\"inLanguage\":\"it-IT\",\"@id\":\"https:\/\/www.gianbattista.it\/cms\/#\/schema\/person\/image\/\",\"url\":\"https:\/\/secure.gravatar.com\/avatar\/66532d5a7693aa019d73b60d47ff5d5f?s=96&d=identicon&r=g\",\"contentUrl\":\"https:\/\/secure.gravatar.com\/avatar\/66532d5a7693aa019d73b60d47ff5d5f?s=96&d=identicon&r=g\",\"caption\":\"adminsito\"},\"sameAs\":[\"https:\/\/www.gianbattista.it\",\"https:\/\/www.facebook.com\/gianbattistagualdi\"],\"url\":\"https:\/\/www.gianbattista.it\/cms\/author\/admin\/\"}]}<\/script>\n<!-- \/ Yoast SEO plugin. -->","yoast_head_json":{"title":"La storia del taglialegna - Gian Battista Gualdi","description":"C'era una volta un possente taglialegna in cerca di lavoro. Dopo aver girato diverse citt\u00e0, il taglialegna trov\u00f2 finalmente impiego presso un importante commerciante di legno...","robots":{"index":"index","follow":"follow","max-snippet":"max-snippet:-1","max-image-preview":"max-image-preview:large","max-video-preview":"max-video-preview:-1"},"canonical":"https:\/\/www.gianbattista.it\/cms\/storia-taglialegna\/","og_locale":"it_IT","og_type":"article","og_title":"La storia del taglialegna - Gian Battista Gualdi","og_description":"C'era una volta un possente taglialegna in cerca di lavoro. Dopo aver girato diverse citt\u00e0, il taglialegna trov\u00f2 finalmente impiego presso un importante commerciante di legno...","og_url":"https:\/\/www.gianbattista.it\/cms\/storia-taglialegna\/","og_site_name":"Gian Battista Gualdi","article_publisher":"https:\/\/www.facebook.com\/gianbattistagualdi","article_author":"https:\/\/www.facebook.com\/gianbattistagualdi","article_published_time":"2014-07-24T04:56:14+00:00","article_modified_time":"2015-05-21T21:59:50+00:00","og_image":[{"width":611,"height":231,"url":"https:\/\/www.gianbattista.it\/cms\/wp-content\/uploads\/2014\/07\/8.jpg","type":"image\/jpeg"}],"author":"adminsito","twitter_misc":{"Scritto da":"adminsito","Tempo di lettura stimato":"1 minuto"},"schema":{"@context":"https:\/\/schema.org","@graph":[{"@type":"Article","@id":"https:\/\/www.gianbattista.it\/cms\/storia-taglialegna\/#article","isPartOf":{"@id":"https:\/\/www.gianbattista.it\/cms\/storia-taglialegna\/"},"author":{"name":"adminsito","@id":"https:\/\/www.gianbattista.it\/cms\/#\/schema\/person\/1058c2e181b77adf83fbd7af6dfdda01"},"headline":"la storia del taglialegna","datePublished":"2014-07-24T04:56:14+00:00","dateModified":"2015-05-21T21:59:50+00:00","mainEntityOfPage":{"@id":"https:\/\/www.gianbattista.it\/cms\/storia-taglialegna\/"},"wordCount":223,"publisher":{"@id":"https:\/\/www.gianbattista.it\/cms\/#organization"},"image":{"@id":"https:\/\/www.gianbattista.it\/cms\/storia-taglialegna\/#primaryimage"},"thumbnailUrl":"https:\/\/www.gianbattista.it\/cms\/wp-content\/uploads\/2014\/07\/8.jpg","articleSection":["comunicAzione","formAzione","progettAzione"],"inLanguage":"it-IT"},{"@type":"WebPage","@id":"https:\/\/www.gianbattista.it\/cms\/storia-taglialegna\/","url":"https:\/\/www.gianbattista.it\/cms\/storia-taglialegna\/","name":"La storia del taglialegna - Gian Battista Gualdi","isPartOf":{"@id":"https:\/\/www.gianbattista.it\/cms\/#website"},"primaryImageOfPage":{"@id":"https:\/\/www.gianbattista.it\/cms\/storia-taglialegna\/#primaryimage"},"image":{"@id":"https:\/\/www.gianbattista.it\/cms\/storia-taglialegna\/#primaryimage"},"thumbnailUrl":"https:\/\/www.gianbattista.it\/cms\/wp-content\/uploads\/2014\/07\/8.jpg","datePublished":"2014-07-24T04:56:14+00:00","dateModified":"2015-05-21T21:59:50+00:00","description":"C'era una volta un possente taglialegna in cerca di lavoro. Dopo aver girato diverse citt\u00e0, il taglialegna trov\u00f2 finalmente impiego presso un importante commerciante di legno...","breadcrumb":{"@id":"https:\/\/www.gianbattista.it\/cms\/storia-taglialegna\/#breadcrumb"},"inLanguage":"it-IT","potentialAction":[{"@type":"ReadAction","target":["https:\/\/www.gianbattista.it\/cms\/storia-taglialegna\/"]}]},{"@type":"ImageObject","inLanguage":"it-IT","@id":"https:\/\/www.gianbattista.it\/cms\/storia-taglialegna\/#primaryimage","url":"https:\/\/www.gianbattista.it\/cms\/wp-content\/uploads\/2014\/07\/8.jpg","contentUrl":"https:\/\/www.gianbattista.it\/cms\/wp-content\/uploads\/2014\/07\/8.jpg","width":611,"height":231},{"@type":"BreadcrumbList","@id":"https:\/\/www.gianbattista.it\/cms\/storia-taglialegna\/#breadcrumb","itemListElement":[{"@type":"ListItem","position":1,"name":"Home","item":"https:\/\/www.gianbattista.it\/cms\/"},{"@type":"ListItem","position":2,"name":"la storia del taglialegna"}]},{"@type":"WebSite","@id":"https:\/\/www.gianbattista.it\/cms\/#website","url":"https:\/\/www.gianbattista.it\/cms\/","name":"Gian Battista Gualdi","description":"chiediti sempre il meglio","publisher":{"@id":"https:\/\/www.gianbattista.it\/cms\/#organization"},"potentialAction":[{"@type":"SearchAction","target":{"@type":"EntryPoint","urlTemplate":"https:\/\/www.gianbattista.it\/cms\/?s={search_term_string}"},"query-input":{"@type":"PropertyValueSpecification","valueRequired":true,"valueName":"search_term_string"}}],"inLanguage":"it-IT"},{"@type":"Organization","@id":"https:\/\/www.gianbattista.it\/cms\/#organization","name":"Gian Battista Gualdi","url":"https:\/\/www.gianbattista.it\/cms\/","logo":{"@type":"ImageObject","inLanguage":"it-IT","@id":"https:\/\/www.gianbattista.it\/cms\/#\/schema\/logo\/image\/","url":"https:\/\/www.gianbattista.it\/cms\/wp-content\/uploads\/2016\/07\/GBG150.png","contentUrl":"https:\/\/www.gianbattista.it\/cms\/wp-content\/uploads\/2016\/07\/GBG150.png","width":105,"height":70,"caption":"Gian Battista Gualdi"},"image":{"@id":"https:\/\/www.gianbattista.it\/cms\/#\/schema\/logo\/image\/"},"sameAs":["https:\/\/www.facebook.com\/gianbattistagualdi","https:\/\/x.com\/gualdigb","https:\/\/www.linkedin.com\/in\/gian-battista-gualdi-08781941?authType=NAME_SEARCH&amp;amp;amp;authToken=gMGk&amp;amp;amp;locale=it_IT&amp;amp;amp;trk=tyah&amp;amp;amp;trkInfo=clickedVertical:mynetwork,clickedEntityId:148340263,authType:NAME_SEARCH,idx:1-1-1,tarId:1467301191561,tas:gian battista","https:\/\/www.youtube.com\/channel\/UC-02_zSXunzSWcH89_GVN_w"]},{"@type":"Person","@id":"https:\/\/www.gianbattista.it\/cms\/#\/schema\/person\/1058c2e181b77adf83fbd7af6dfdda01","name":"adminsito","image":{"@type":"ImageObject","inLanguage":"it-IT","@id":"https:\/\/www.gianbattista.it\/cms\/#\/schema\/person\/image\/","url":"https:\/\/secure.gravatar.com\/avatar\/66532d5a7693aa019d73b60d47ff5d5f?s=96&d=identicon&r=g","contentUrl":"https:\/\/secure.gravatar.com\/avatar\/66532d5a7693aa019d73b60d47ff5d5f?s=96&d=identicon&r=g","caption":"adminsito"},"sameAs":["https:\/\/www.gianbattista.it","https:\/\/www.facebook.com\/gianbattistagualdi"],"url":"https:\/\/www.gianbattista.it\/cms\/author\/admin\/"}]}},"_links":{"self":[{"href":"https:\/\/www.gianbattista.it\/cms\/wp-json\/wp\/v2\/posts\/1605"}],"collection":[{"href":"https:\/\/www.gianbattista.it\/cms\/wp-json\/wp\/v2\/posts"}],"about":[{"href":"https:\/\/www.gianbattista.it\/cms\/wp-json\/wp\/v2\/types\/post"}],"author":[{"embeddable":true,"href":"https:\/\/www.gianbattista.it\/cms\/wp-json\/wp\/v2\/users\/2"}],"replies":[{"embeddable":true,"href":"https:\/\/www.gianbattista.it\/cms\/wp-json\/wp\/v2\/comments?post=1605"}],"version-history":[{"count":0,"href":"https:\/\/www.gianbattista.it\/cms\/wp-json\/wp\/v2\/posts\/1605\/revisions"}],"wp:featuredmedia":[{"embeddable":true,"href":"https:\/\/www.gianbattista.it\/cms\/wp-json\/wp\/v2\/media\/1606"}],"wp:attachment":[{"href":"https:\/\/www.gianbattista.it\/cms\/wp-json\/wp\/v2\/media?parent=1605"}],"wp:term":[{"taxonomy":"category","embeddable":true,"href":"https:\/\/www.gianbattista.it\/cms\/wp-json\/wp\/v2\/categories?post=1605"},{"taxonomy":"post_tag","embeddable":true,"href":"https:\/\/www.gianbattista.it\/cms\/wp-json\/wp\/v2\/tags?post=1605"}],"curies":[{"name":"wp","href":"https:\/\/api.w.org\/{rel}","templated":true}]}}