{"id":1625,"date":"2014-09-07T09:43:11","date_gmt":"2014-09-07T09:43:11","guid":{"rendered":"https:\/\/www.gianbattista.it\/cms\/?p=1625"},"modified":"2014-09-07T09:43:11","modified_gmt":"2014-09-07T09:43:11","slug":"mappa-non-territorio","status":"publish","type":"post","link":"https:\/\/www.gianbattista.it\/cms\/mappa-non-territorio\/","title":{"rendered":"la mappa non \u00e8 il territorio"},"content":{"rendered":"<h4><i>La mappa non \u00e8 il territorio<\/i>. Si noti che la frase usa il predicato <i>non \u00e8<\/i>.<\/h4>\n<p><!--more--><\/p>\n<h4>Questo esempio, uno dei tanti, mostra che\u00a0<b>Korzybski\u00a0<\/b>non intendeva abbandonare il verbo essere come tale. Disse espressamente che non vi erano problemi strutturali con il verbo essere, quando usato per definire l&#8217;<i>esistenza<\/i> o la <i>locazione<\/i>. Qualche volta sarebbe anche corretto usare le forme sbagliate di tale verbo, purch\u00e9 si resti consapevoli delle loro limitazioni strutturali.<\/h4>\n<h4 style=\"text-align: right;\"><b>Alfred Korzybski<\/b><\/h4>\n<p>&nbsp;<\/p>\n<h4>Concetti fondamentali sulla PNL<\/h4>\n<h4>L\u2019idea centrale della PNL \u00e8 che la totalit\u00e0 dell\u2019individuo interagisce nelle sue componenti (&#8220;linguaggio&#8221;, &#8220;convinzioni&#8221; e &#8220;fisiologia&#8221;) nel creare percezioni con determinate caratteristiche qualitative e quantitative: l&#8217;interpretazione soggettiva di questa struttura d\u00e0 significato al mondo.<\/h4>\n<h4>Modificando i significati attraverso una trasformazione della struttura percettiva (detta <i>mappa<\/i>, cio\u00e8 l&#8217;universo simbolico di riferimento), la persona pu\u00f2 intraprendere cambiamenti di atteggiamento e di comportamenti. La percezione del mondo, e di conseguenza la risposta ad esso, possono essere modificate applicando opportune tecniche di cambiamento.<\/h4>\n<h4><\/h4>\n<h4><b>\u00ab<\/b>\u00a0Il bello e il brutto, il letterale e il metaforico, il sano e il folle, il comico e il serio&#8230; perfino l&#8217;amore e l&#8217;odio, sono tutti temi che oggi la scienza evita. Ma tra pochi anni, quando la spaccatura fra i problemi della mente e i problemi della natura cesser\u00e0 di essere un fattore determinante di ci\u00f2 su cui \u00e8 impossibile riflettere, essi diventeranno accessibili al pensiero formale.\u00a0<b>\u00bb<\/b><\/h4>\n<h4 style=\"text-align: right;\">Gregory Bateson, <i>Dove gli angeli esitano<\/i><\/h4>\n","protected":false},"excerpt":{"rendered":"<p>La mappa non \u00e8 il territorio. Si noti che la frase usa il predicato non \u00e8.<\/p>\n","protected":false},"author":2,"featured_media":1626,"comment_status":"closed","ping_status":"closed","sticky":false,"template":"","format":"standard","meta":{"_et_pb_use_builder":"","_et_pb_old_content":"","_et_gb_content_width":"","footnotes":""},"categories":[1,4,17,5],"tags":[],"yoast_head":"<!-- This site is optimized with the Yoast SEO plugin v23.4 - https:\/\/yoast.com\/wordpress\/plugins\/seo\/ -->\n<title>la mappa non \u00e8 il territorio - Gian Battista Gualdi<\/title>\n<meta name=\"robots\" content=\"index, follow, max-snippet:-1, max-image-preview:large, max-video-preview:-1\" \/>\n<link rel=\"canonical\" href=\"https:\/\/www.gianbattista.it\/cms\/mappa-non-territorio\/\" \/>\n<meta property=\"og:locale\" content=\"it_IT\" \/>\n<meta property=\"og:type\" content=\"article\" \/>\n<meta property=\"og:title\" content=\"la mappa non \u00e8 il territorio - Gian Battista Gualdi\" \/>\n<meta property=\"og:description\" content=\"La mappa non \u00e8 il territorio. Si noti che la frase usa il predicato non \u00e8.\" \/>\n<meta property=\"og:url\" content=\"https:\/\/www.gianbattista.it\/cms\/mappa-non-territorio\/\" \/>\n<meta property=\"og:site_name\" content=\"Gian Battista Gualdi\" \/>\n<meta property=\"article:publisher\" content=\"https:\/\/www.facebook.com\/gianbattistagualdi\" \/>\n<meta property=\"article:author\" content=\"https:\/\/www.facebook.com\/gianbattistagualdi\" \/>\n<meta property=\"article:published_time\" content=\"2014-09-07T09:43:11+00:00\" \/>\n<meta property=\"og:image\" content=\"https:\/\/www.gianbattista.it\/cms\/wp-content\/uploads\/2014\/08\/mappa-territorio-cielo.jpg\" \/>\n\t<meta property=\"og:image:width\" content=\"707\" \/>\n\t<meta property=\"og:image:height\" content=\"464\" \/>\n\t<meta property=\"og:image:type\" content=\"image\/jpeg\" \/>\n<meta name=\"author\" content=\"adminsito\" \/>\n<meta name=\"twitter:label1\" content=\"Scritto da\" \/>\n\t<meta name=\"twitter:data1\" content=\"adminsito\" \/>\n\t<meta name=\"twitter:label2\" content=\"Tempo di lettura stimato\" \/>\n\t<meta name=\"twitter:data2\" content=\"1 minuto\" \/>\n<script type=\"application\/ld+json\" class=\"yoast-schema-graph\">{\"@context\":\"https:\/\/schema.org\",\"@graph\":[{\"@type\":\"Article\",\"@id\":\"https:\/\/www.gianbattista.it\/cms\/mappa-non-territorio\/#article\",\"isPartOf\":{\"@id\":\"https:\/\/www.gianbattista.it\/cms\/mappa-non-territorio\/\"},\"author\":{\"name\":\"adminsito\",\"@id\":\"https:\/\/www.gianbattista.it\/cms\/#\/schema\/person\/1058c2e181b77adf83fbd7af6dfdda01\"},\"headline\":\"la mappa non \u00e8 il territorio\",\"datePublished\":\"2014-09-07T09:43:11+00:00\",\"dateModified\":\"2014-09-07T09:43:11+00:00\",\"mainEntityOfPage\":{\"@id\":\"https:\/\/www.gianbattista.it\/cms\/mappa-non-territorio\/\"},\"wordCount\":241,\"publisher\":{\"@id\":\"https:\/\/www.gianbattista.it\/cms\/#organization\"},\"image\":{\"@id\":\"https:\/\/www.gianbattista.it\/cms\/mappa-non-territorio\/#primaryimage\"},\"thumbnailUrl\":\"https:\/\/www.gianbattista.it\/cms\/wp-content\/uploads\/2014\/08\/mappa-territorio-cielo.jpg\",\"articleSection\":[\"comunicAzione\",\"formAzione\",\"ipnotizzAzione\",\"progettAzione\"],\"inLanguage\":\"it-IT\"},{\"@type\":\"WebPage\",\"@id\":\"https:\/\/www.gianbattista.it\/cms\/mappa-non-territorio\/\",\"url\":\"https:\/\/www.gianbattista.it\/cms\/mappa-non-territorio\/\",\"name\":\"la mappa non \u00e8 il territorio - Gian Battista Gualdi\",\"isPartOf\":{\"@id\":\"https:\/\/www.gianbattista.it\/cms\/#website\"},\"primaryImageOfPage\":{\"@id\":\"https:\/\/www.gianbattista.it\/cms\/mappa-non-territorio\/#primaryimage\"},\"image\":{\"@id\":\"https:\/\/www.gianbattista.it\/cms\/mappa-non-territorio\/#primaryimage\"},\"thumbnailUrl\":\"https:\/\/www.gianbattista.it\/cms\/wp-content\/uploads\/2014\/08\/mappa-territorio-cielo.jpg\",\"datePublished\":\"2014-09-07T09:43:11+00:00\",\"dateModified\":\"2014-09-07T09:43:11+00:00\",\"breadcrumb\":{\"@id\":\"https:\/\/www.gianbattista.it\/cms\/mappa-non-territorio\/#breadcrumb\"},\"inLanguage\":\"it-IT\",\"potentialAction\":[{\"@type\":\"ReadAction\",\"target\":[\"https:\/\/www.gianbattista.it\/cms\/mappa-non-territorio\/\"]}]},{\"@type\":\"ImageObject\",\"inLanguage\":\"it-IT\",\"@id\":\"https:\/\/www.gianbattista.it\/cms\/mappa-non-territorio\/#primaryimage\",\"url\":\"https:\/\/www.gianbattista.it\/cms\/wp-content\/uploads\/2014\/08\/mappa-territorio-cielo.jpg\",\"contentUrl\":\"https:\/\/www.gianbattista.it\/cms\/wp-content\/uploads\/2014\/08\/mappa-territorio-cielo.jpg\",\"width\":707,\"height\":464},{\"@type\":\"BreadcrumbList\",\"@id\":\"https:\/\/www.gianbattista.it\/cms\/mappa-non-territorio\/#breadcrumb\",\"itemListElement\":[{\"@type\":\"ListItem\",\"position\":1,\"name\":\"Home\",\"item\":\"https:\/\/www.gianbattista.it\/cms\/\"},{\"@type\":\"ListItem\",\"position\":2,\"name\":\"la mappa non \u00e8 il territorio\"}]},{\"@type\":\"WebSite\",\"@id\":\"https:\/\/www.gianbattista.it\/cms\/#website\",\"url\":\"https:\/\/www.gianbattista.it\/cms\/\",\"name\":\"Gian Battista Gualdi\",\"description\":\"chiediti sempre il meglio\",\"publisher\":{\"@id\":\"https:\/\/www.gianbattista.it\/cms\/#organization\"},\"potentialAction\":[{\"@type\":\"SearchAction\",\"target\":{\"@type\":\"EntryPoint\",\"urlTemplate\":\"https:\/\/www.gianbattista.it\/cms\/?s={search_term_string}\"},\"query-input\":{\"@type\":\"PropertyValueSpecification\",\"valueRequired\":true,\"valueName\":\"search_term_string\"}}],\"inLanguage\":\"it-IT\"},{\"@type\":\"Organization\",\"@id\":\"https:\/\/www.gianbattista.it\/cms\/#organization\",\"name\":\"Gian Battista Gualdi\",\"url\":\"https:\/\/www.gianbattista.it\/cms\/\",\"logo\":{\"@type\":\"ImageObject\",\"inLanguage\":\"it-IT\",\"@id\":\"https:\/\/www.gianbattista.it\/cms\/#\/schema\/logo\/image\/\",\"url\":\"https:\/\/www.gianbattista.it\/cms\/wp-content\/uploads\/2016\/07\/GBG150.png\",\"contentUrl\":\"https:\/\/www.gianbattista.it\/cms\/wp-content\/uploads\/2016\/07\/GBG150.png\",\"width\":105,\"height\":70,\"caption\":\"Gian Battista Gualdi\"},\"image\":{\"@id\":\"https:\/\/www.gianbattista.it\/cms\/#\/schema\/logo\/image\/\"},\"sameAs\":[\"https:\/\/www.facebook.com\/gianbattistagualdi\",\"https:\/\/x.com\/gualdigb\",\"https:\/\/www.linkedin.com\/in\/gian-battista-gualdi-08781941?authType=NAME_SEARCH&amp;amp;amp;authToken=gMGk&amp;amp;amp;locale=it_IT&amp;amp;amp;trk=tyah&amp;amp;amp;trkInfo=clickedVertical:mynetwork,clickedEntityId:148340263,authType:NAME_SEARCH,idx:1-1-1,tarId:1467301191561,tas:gian battista\",\"https:\/\/www.youtube.com\/channel\/UC-02_zSXunzSWcH89_GVN_w\"]},{\"@type\":\"Person\",\"@id\":\"https:\/\/www.gianbattista.it\/cms\/#\/schema\/person\/1058c2e181b77adf83fbd7af6dfdda01\",\"name\":\"adminsito\",\"image\":{\"@type\":\"ImageObject\",\"inLanguage\":\"it-IT\",\"@id\":\"https:\/\/www.gianbattista.it\/cms\/#\/schema\/person\/image\/\",\"url\":\"https:\/\/secure.gravatar.com\/avatar\/66532d5a7693aa019d73b60d47ff5d5f?s=96&d=identicon&r=g\",\"contentUrl\":\"https:\/\/secure.gravatar.com\/avatar\/66532d5a7693aa019d73b60d47ff5d5f?s=96&d=identicon&r=g\",\"caption\":\"adminsito\"},\"sameAs\":[\"https:\/\/www.gianbattista.it\",\"https:\/\/www.facebook.com\/gianbattistagualdi\"],\"url\":\"https:\/\/www.gianbattista.it\/cms\/author\/admin\/\"}]}<\/script>\n<!-- \/ Yoast SEO plugin. -->","yoast_head_json":{"title":"la mappa non \u00e8 il territorio - Gian Battista Gualdi","robots":{"index":"index","follow":"follow","max-snippet":"max-snippet:-1","max-image-preview":"max-image-preview:large","max-video-preview":"max-video-preview:-1"},"canonical":"https:\/\/www.gianbattista.it\/cms\/mappa-non-territorio\/","og_locale":"it_IT","og_type":"article","og_title":"la mappa non \u00e8 il territorio - Gian Battista Gualdi","og_description":"La mappa non \u00e8 il territorio. Si noti che la frase usa il predicato non \u00e8.","og_url":"https:\/\/www.gianbattista.it\/cms\/mappa-non-territorio\/","og_site_name":"Gian Battista Gualdi","article_publisher":"https:\/\/www.facebook.com\/gianbattistagualdi","article_author":"https:\/\/www.facebook.com\/gianbattistagualdi","article_published_time":"2014-09-07T09:43:11+00:00","og_image":[{"width":707,"height":464,"url":"https:\/\/www.gianbattista.it\/cms\/wp-content\/uploads\/2014\/08\/mappa-territorio-cielo.jpg","type":"image\/jpeg"}],"author":"adminsito","twitter_misc":{"Scritto da":"adminsito","Tempo di lettura stimato":"1 minuto"},"schema":{"@context":"https:\/\/schema.org","@graph":[{"@type":"Article","@id":"https:\/\/www.gianbattista.it\/cms\/mappa-non-territorio\/#article","isPartOf":{"@id":"https:\/\/www.gianbattista.it\/cms\/mappa-non-territorio\/"},"author":{"name":"adminsito","@id":"https:\/\/www.gianbattista.it\/cms\/#\/schema\/person\/1058c2e181b77adf83fbd7af6dfdda01"},"headline":"la mappa non \u00e8 il territorio","datePublished":"2014-09-07T09:43:11+00:00","dateModified":"2014-09-07T09:43:11+00:00","mainEntityOfPage":{"@id":"https:\/\/www.gianbattista.it\/cms\/mappa-non-territorio\/"},"wordCount":241,"publisher":{"@id":"https:\/\/www.gianbattista.it\/cms\/#organization"},"image":{"@id":"https:\/\/www.gianbattista.it\/cms\/mappa-non-territorio\/#primaryimage"},"thumbnailUrl":"https:\/\/www.gianbattista.it\/cms\/wp-content\/uploads\/2014\/08\/mappa-territorio-cielo.jpg","articleSection":["comunicAzione","formAzione","ipnotizzAzione","progettAzione"],"inLanguage":"it-IT"},{"@type":"WebPage","@id":"https:\/\/www.gianbattista.it\/cms\/mappa-non-territorio\/","url":"https:\/\/www.gianbattista.it\/cms\/mappa-non-territorio\/","name":"la mappa non \u00e8 il territorio - Gian Battista Gualdi","isPartOf":{"@id":"https:\/\/www.gianbattista.it\/cms\/#website"},"primaryImageOfPage":{"@id":"https:\/\/www.gianbattista.it\/cms\/mappa-non-territorio\/#primaryimage"},"image":{"@id":"https:\/\/www.gianbattista.it\/cms\/mappa-non-territorio\/#primaryimage"},"thumbnailUrl":"https:\/\/www.gianbattista.it\/cms\/wp-content\/uploads\/2014\/08\/mappa-territorio-cielo.jpg","datePublished":"2014-09-07T09:43:11+00:00","dateModified":"2014-09-07T09:43:11+00:00","breadcrumb":{"@id":"https:\/\/www.gianbattista.it\/cms\/mappa-non-territorio\/#breadcrumb"},"inLanguage":"it-IT","potentialAction":[{"@type":"ReadAction","target":["https:\/\/www.gianbattista.it\/cms\/mappa-non-territorio\/"]}]},{"@type":"ImageObject","inLanguage":"it-IT","@id":"https:\/\/www.gianbattista.it\/cms\/mappa-non-territorio\/#primaryimage","url":"https:\/\/www.gianbattista.it\/cms\/wp-content\/uploads\/2014\/08\/mappa-territorio-cielo.jpg","contentUrl":"https:\/\/www.gianbattista.it\/cms\/wp-content\/uploads\/2014\/08\/mappa-territorio-cielo.jpg","width":707,"height":464},{"@type":"BreadcrumbList","@id":"https:\/\/www.gianbattista.it\/cms\/mappa-non-territorio\/#breadcrumb","itemListElement":[{"@type":"ListItem","position":1,"name":"Home","item":"https:\/\/www.gianbattista.it\/cms\/"},{"@type":"ListItem","position":2,"name":"la mappa non \u00e8 il territorio"}]},{"@type":"WebSite","@id":"https:\/\/www.gianbattista.it\/cms\/#website","url":"https:\/\/www.gianbattista.it\/cms\/","name":"Gian Battista Gualdi","description":"chiediti sempre il meglio","publisher":{"@id":"https:\/\/www.gianbattista.it\/cms\/#organization"},"potentialAction":[{"@type":"SearchAction","target":{"@type":"EntryPoint","urlTemplate":"https:\/\/www.gianbattista.it\/cms\/?s={search_term_string}"},"query-input":{"@type":"PropertyValueSpecification","valueRequired":true,"valueName":"search_term_string"}}],"inLanguage":"it-IT"},{"@type":"Organization","@id":"https:\/\/www.gianbattista.it\/cms\/#organization","name":"Gian Battista Gualdi","url":"https:\/\/www.gianbattista.it\/cms\/","logo":{"@type":"ImageObject","inLanguage":"it-IT","@id":"https:\/\/www.gianbattista.it\/cms\/#\/schema\/logo\/image\/","url":"https:\/\/www.gianbattista.it\/cms\/wp-content\/uploads\/2016\/07\/GBG150.png","contentUrl":"https:\/\/www.gianbattista.it\/cms\/wp-content\/uploads\/2016\/07\/GBG150.png","width":105,"height":70,"caption":"Gian Battista Gualdi"},"image":{"@id":"https:\/\/www.gianbattista.it\/cms\/#\/schema\/logo\/image\/"},"sameAs":["https:\/\/www.facebook.com\/gianbattistagualdi","https:\/\/x.com\/gualdigb","https:\/\/www.linkedin.com\/in\/gian-battista-gualdi-08781941?authType=NAME_SEARCH&amp;amp;amp;authToken=gMGk&amp;amp;amp;locale=it_IT&amp;amp;amp;trk=tyah&amp;amp;amp;trkInfo=clickedVertical:mynetwork,clickedEntityId:148340263,authType:NAME_SEARCH,idx:1-1-1,tarId:1467301191561,tas:gian battista","https:\/\/www.youtube.com\/channel\/UC-02_zSXunzSWcH89_GVN_w"]},{"@type":"Person","@id":"https:\/\/www.gianbattista.it\/cms\/#\/schema\/person\/1058c2e181b77adf83fbd7af6dfdda01","name":"adminsito","image":{"@type":"ImageObject","inLanguage":"it-IT","@id":"https:\/\/www.gianbattista.it\/cms\/#\/schema\/person\/image\/","url":"https:\/\/secure.gravatar.com\/avatar\/66532d5a7693aa019d73b60d47ff5d5f?s=96&d=identicon&r=g","contentUrl":"https:\/\/secure.gravatar.com\/avatar\/66532d5a7693aa019d73b60d47ff5d5f?s=96&d=identicon&r=g","caption":"adminsito"},"sameAs":["https:\/\/www.gianbattista.it","https:\/\/www.facebook.com\/gianbattistagualdi"],"url":"https:\/\/www.gianbattista.it\/cms\/author\/admin\/"}]}},"_links":{"self":[{"href":"https:\/\/www.gianbattista.it\/cms\/wp-json\/wp\/v2\/posts\/1625"}],"collection":[{"href":"https:\/\/www.gianbattista.it\/cms\/wp-json\/wp\/v2\/posts"}],"about":[{"href":"https:\/\/www.gianbattista.it\/cms\/wp-json\/wp\/v2\/types\/post"}],"author":[{"embeddable":true,"href":"https:\/\/www.gianbattista.it\/cms\/wp-json\/wp\/v2\/users\/2"}],"replies":[{"embeddable":true,"href":"https:\/\/www.gianbattista.it\/cms\/wp-json\/wp\/v2\/comments?post=1625"}],"version-history":[{"count":0,"href":"https:\/\/www.gianbattista.it\/cms\/wp-json\/wp\/v2\/posts\/1625\/revisions"}],"wp:featuredmedia":[{"embeddable":true,"href":"https:\/\/www.gianbattista.it\/cms\/wp-json\/wp\/v2\/media\/1626"}],"wp:attachment":[{"href":"https:\/\/www.gianbattista.it\/cms\/wp-json\/wp\/v2\/media?parent=1625"}],"wp:term":[{"taxonomy":"category","embeddable":true,"href":"https:\/\/www.gianbattista.it\/cms\/wp-json\/wp\/v2\/categories?post=1625"},{"taxonomy":"post_tag","embeddable":true,"href":"https:\/\/www.gianbattista.it\/cms\/wp-json\/wp\/v2\/tags?post=1625"}],"curies":[{"name":"wp","href":"https:\/\/api.w.org\/{rel}","templated":true}]}}