{"id":1910,"date":"2016-01-04T18:24:29","date_gmt":"2016-01-04T18:24:29","guid":{"rendered":"https:\/\/www.gianbattista.it\/cms\/?p=1910"},"modified":"2017-05-09T16:29:06","modified_gmt":"2017-05-09T14:29:06","slug":"i-have-a-dream-ipnosi-e-azione","status":"publish","type":"post","link":"https:\/\/www.gianbattista.it\/cms\/i-have-a-dream-ipnosi-e-azione\/","title":{"rendered":"I have a dream &#8211; ipnosi e azione"},"content":{"rendered":"<h4>Il famoso discorso di Martin Luther King, affascinante e fortemente ipnotico. Il Re usa il ricalco con parole d&#8217;azione e induce i partecipanti ad agire.<\/h4>\n<h4>Era il 23 Agosto del 1963 e notate come le parole motivano anche noi stessi che oggi le leggiamo. Tutto il discorso \u00e8 farcito con parole l&#8217;azione.<\/h4>\n<h4>Oggi sono felice di essere con voi in quella che nella storia sar\u00e0 ricordata come la pi\u00f9 grande manifestazione per la libert\u00e0 nella storia del nostro paese.<\/h4>\n<h4>Un secolo fa, un grande americano, che oggi <strong>getta<\/strong> su di noi la sua ombra simbolica, <strong>firm\u00f2<\/strong> il Proclama dell\u2019emancipazione.<\/h4>\n<h4>Si trattava di una legge epocale, che <strong>accese<\/strong> un grande faro di speranza per milioni di schiavi neri, <strong>marchiati<\/strong> dal fuoco di una <strong>bruciante<\/strong> ingiustizia.<\/h4>\n<h4>Il proclama <strong>giunse<\/strong> come un\u2019aurora di gioia, che <strong>metteva<\/strong> fine alla lunga notte della loro cattivit\u00e0.<\/h4>\n<h4>Ma oggi, e sono passati cento anni, i neri non sono ancora liberi.<\/h4>\n<h4>Sono passati cento anni, e la vita dei neri \u00e9 ancora <strong>paralizzata<\/strong> dalle pastoie della segregazione e dalle catene della discriminazione.<\/h4>\n<h4>Sono passati cento anni, e i neri vivono in un\u2019isola solitaria di povert\u00e0, in mezzo a un immenso oceano di benessere materiale.<\/h4>\n<h4>Sono passati cento anni, e i neri ancora languiscono negli angoli della societ\u00e0 americana, si ritrovano esuli nella propria terra.<\/h4>\n<h4>Quindi oggi <strong>siamo venuti<\/strong> qui per <strong>tratteggiare<\/strong> a tinte forti una situazione vergognosa.<\/h4>\n<h4>In un certo senso, <strong>siamo venuti<\/strong> nella capitale del nostro paese per <strong>incassare<\/strong> un assegno.<\/h4>\n<h4>Quando gli architetti della nostra repubblica hanno scritto le magnifiche parole della Costituzione e della Dichiarazione d\u2019indipendenza, hanno firmato un \u201cpagher\u00f2\u201d di cui ciascun americano era destinato a ereditare la titolarit\u00e0.<\/h4>\n<h4>Il \u201cpagher\u00f2\u201d conteneva la promessa che a tutti gli uomini, s\u00ec, ai neri come ai bianchi, sarebbero stati garantiti questi diritti inalienabili: \u201cvita, libert\u00e0 e ricerca della felicit\u00e0\u201d.<\/h4>\n<h4>Oggi appare evidente che per quanto riguarda i cittadini americani di colore, l\u2019America ha mancato di onorare il suo impegno debitorio.<\/h4>\n<h4>Invece di adempiere a questo sacro dovere, l\u2019America ha dato al popolo nero un assegno a vuoto, un assegno che \u00e9 tornato indietro, con la scritta \u201ccopertura insufficiente\u201d.<\/h4>\n<h4>Ma noi ci rifiutiamo di credere che la banca della giustizia sia in fallimento.<\/h4>\n<h4>Ci rifiutiamo di credere che nei grandi caveau di opportunit\u00e0 di questo paese non vi siano fondi sufficienti.<\/h4>\n<h4>E quindi siamo venuti a incassarlo, questo assegno, l\u2019assegno che offre, a chi le richiede, la ricchezza della libert\u00e0 e la garanzia della giustizia.<\/h4>\n<h4>Siamo venuti in questo luogo consacrato anche per ricordare all\u2019America l\u2019infuocata urgenza dell\u2019oggi.<\/h4>\n<h4>Quest\u2019ora non \u00e9 fatta per abbandonarsi al lusso di prendersela calma o di assumere la droga tranquillante del gradualismo.<\/h4>\n<h4>Adesso\u00a0\u00e8 il momento di tradurre in realt\u00e0 le promesse della democrazia.<\/h4>\n<h4>Adesso\u00a0\u00e8 il momento di risollevarci dalla valle buia e desolata della segregazione fino al sentiero soleggiato della giustizia razziale.<\/h4>\n<h4>Adesso \u00e9 il momento di sollevare la nostra nazione dalle sabbie mobili dell\u2019ingiustizia razziale per collocarla sulla roccia compatta della fraternit\u00e0.<\/h4>\n<h4>Adesso \u00e9 il momento di tradurre la giustizia in una realt\u00e0 per tutti i figli di Dio.<\/h4>\n<h4>Se la nazione non cogliesse l\u2019urgenza del presente, le conseguenze sarebbero funeste.<\/h4>\n<h4>L\u2019afosa estate della legittima insoddisfazione dei negri non finir\u00e0 finch\u00e9 non saremo entrati nel frizzante autunno della libert\u00e0 e dell\u2019uguaglianza.<\/h4>\n<h4>Il 1963 non \u00e9 una fine, \u00e9 un principio.<\/h4>\n<h4>Se la nazione torner\u00e0 all\u2019ordinaria amministrazione come se niente fosse accaduto, chi sperava che i neri avessero solo bisogno di sfogarsi un p\u00f2 e poi se ne sarebbero rimasti tranquilli rischia di avere una brutta sorpresa.<\/h4>\n<h4>In America non ci sar\u00e0 n\u00e9 riposo n\u00e9 pace finch\u00e9 i neri non vedranno garantiti i loro diritti di cittadinanza.<\/h4>\n<h4>I turbini della rivolta continueranno a scuotere le fondamenta della nostra nazione finch\u00e9 non spunter\u00e0 il giorno luminoso della giustizia.<\/h4>\n<h4>* Ma c\u2019\u00e9 qualcosa che devo dire al mio popolo, fermo su una soglia rischiosa, alle porte del palazzo della giustizia: durante il processo che ci porter\u00e0 a ottenere il posto che ci spetta di diritto, non dobbiamo commettere torti.<\/h4>\n<h4>Non cerchiamo di placare la sete di libert\u00e0 bevendo alla coppa del rancore e dell\u2019odio.<\/h4>\n<h4>Dobbiamo sempre condurre la nostra lotta su un piano elevato di dignit\u00e0 e disciplina.<\/h4>\n<h4>Non dobbiamo permettere che la nostra protesta creativa degeneri in violenza fisica.<\/h4>\n<h4>Sempre, e ancora e ancora, dobbiamo innalzarci fino alle vette maestose in cui la forza fisica s\u2019incontra con la forza dell\u2019anima.<\/h4>\n<h4>Il nuovo e meraviglioso clima di combattivit\u00e0 di cui oggi \u00e9 impregnata l\u2019intera comunit\u00e0 nera non deve indurci a diffidare di tutti i bianchi, perch\u00e9 molti nostri fratelli bianchi, come attesta oggi la loro presenza qui, hanno capito che il loro destino \u00e9 legato al nostro.<\/h4>\n<h4>Hanno capito che la loro libert\u00e0 si lega con un nodo inestricabile alla nostra.<\/h4>\n<h4>Non possiamo camminare da soli.<\/h4>\n<h4>E mentre camminiamo, dobbiamo impegnarci con un giuramento: di proseguire sempre avanti.<\/h4>\n<h4>Non possiamo voltarci indietro.<\/h4>\n<h4>C\u2019\u00e9 chi domanda ai seguaci dei diritti civili: \u201cQuando sarete soddisfatti?\u201d.<\/h4>\n<h4>Non potremo mai essere soddisfatti, finch\u00e9 i neri continueranno a subire gli indescrivibili orrori della brutalit\u00e0 poliziesca.<\/h4>\n<h4>Non potremo mai essere soddisfatti, finch\u00e9 non riusciremo a trovare alloggio nei motel delle autostrade e negli alberghi delle citt\u00e0, per dare riposo al nostro corpo affaticato dal viaggio.<\/h4>\n<h4>Non potremo mai essere soddisfatti, finch\u00e9 tutta la facolt\u00e0 di movimento dei neri rester\u00e0 limitata alla possibilit\u00e0 di trasferirsi da un piccolo ghetto a uno pi\u00f9 grande.<\/h4>\n<h4>Non potremo mai essere soddisfatti, finch\u00e9 i nostri figli continueranno a essere spogliati dell\u2019identit\u00e0 e derubati della dignit\u00e0 dai cartelli su cui sta scritto \u201cRiservato ai bianchi\u201d.<\/h4>\n<h4>Non potremo mai essere soddisfatti, finch\u00e9 i neri del Mississippi non potranno votare e i neri di New York crederanno di non avere niente per cui votare.<\/h4>\n<h4>No, no, non siamo soddisfatti e non saremo mai soddisfatti, finch\u00e9 la giustizia non scorrer\u00e0 come l\u2019acqua, e la rettitudine come un fiume in piena.<\/h4>\n<h4>Io non dimentico che alcuni fra voi sono venuti qui dopo grandi prove e tribolazioni.<\/h4>\n<h4>Alcuni di voi hanno lasciato da poco anguste celle di prigione.<\/h4>\n<h4>Alcuni di voi sono venuti da zone dove ricercando la libert\u00e0 sono stati colpiti dalle tempeste della persecuzione e travolti dai venti della brutalit\u00e0 poliziesca.<\/h4>\n<h4>Siete i reduci della sofferenza creativa.<\/h4>\n<h4>Continuate il vostro lavoro, nella fede che la sofferenza immeritata ha per frutto la redenzione.<\/h4>\n<h4>Tornate nel Mississippi, tornate nell\u2019Alabama, tornate nella Carolina del Sud, tornate in Georgia, tornate in Louisiana, tornate alle baraccopoli e ai ghetti delle nostre citt\u00e0 del Nord, sapendo che in qualche modo questa situazione pu\u00f2 cambiare e cambier\u00e0.<\/h4>\n<h4>* Non indugiamo nella valle della disperazione.<\/h4>\n<h4>Oggi, amici miei, vi dico: anche se dobbiamo affrontare le difficolt\u00e0 di oggi e di domani, io continuo ad avere un sogno.<\/h4>\n<h4>E un sogno che ha radici profonde nel sogno americano.<\/h4>\n<h4>Ho un sogno, che un giorno questa nazione sorger\u00e0 e vivr\u00e0 il significato vero del suo credo: noi riteniamo queste verit\u00e0 evidenti di per s\u00e9, che tutti gli uomini sono creati uguali.<\/h4>\n<h4>Ho un sogno, che un giorno sulle rosse montagne della Georgia i figli degli ex schiavi e i figli degli ex padroni di schiavi potranno sedersi insieme alla tavola della fraternit\u00e0.<\/h4>\n<h4>Ho un sogno, che un giorno perfino lo stato del Mississippi, dove si patisce il caldo afoso dell\u2019ingiustizia, il caldo afoso dell\u2019oppressione, si trasformer\u00e0 in un\u2019oasi di libert\u00e0 e di giustizia.<\/h4>\n<h4>Ho un sogno, che i miei quattro bambini un giorno vivranno in una nazione in cui non saranno giudicati per il colore della pelle, ma per l\u2019essenza della loro personalit\u00e0.<\/h4>\n<h4>Oggi ho un sogno.<\/h4>\n<h4>Ho un sogno, che un giorno, laggi\u00f9 nell\u2019Alabama, dove i razzisti sono pi\u00f9 che mai accaniti, dove il governatore non parla d\u2019altro che di potere di compromesso interlocutorio e di nullification delle leggi federali, un giorno, proprio l\u00e0 nell\u2019Alabama, i bambini neri e le bambine nere potranno prendere per mano bambini bianchi e bambine bianche, come fratelli e sorelle.<\/h4>\n<h4>Oggi ho un sogno.<\/h4>\n<h4>Ho un sogno, che un giorno ogni valle sar\u00e0 innalzata, ogni monte e ogni collina saranno abbassati, i luoghi scoscesi diventeranno piani, e i luoghi tortuosi diventeranno diritti, e la gloria del Signore sar\u00e0 rivelata, e tutte le creature la vedranno insieme.<\/h4>\n<h4>Questa \u00e9 la nostra speranza.<\/h4>\n<h4>Questa \u00e9 la fede che porter\u00f2 con me tornan\u00addo nel Sud.<\/h4>\n<h4>Con questa fede potremo cavare dalla montagna della disperazione una pietra di speranza.<\/h4>\n<h4>Con questa fede potremo trasformare le stridenti discordanze della nostra nazione in una bellissima sinfonia di fraternit\u00e0.<\/h4>\n<h4>Con questa fede potremo lavorare insieme, pregare insieme, lottare insieme, andare in prigione insieme, schierarci insieme per la libert\u00e0, sapendo che un giorno saremo liberi.<\/h4>\n<h4>Quel giorno verr\u00e0, quel giorno verr\u00e0 quando tutti i figli di Dio potranno cantare con un significato nuovo: \u201cPatria mia, \u00e9 di te, dolce terra di libert\u00e0, \u00e9 di te che io canto.<\/h4>\n<h4>Terra dove sono morti i miei padri, terra dell\u2019orgoglio dei Pellegrini, da ogni vetta riecheggi libert\u00e0\u201d.<\/h4>\n<h4>E se l\u2019America vuol essere una grande nazione, bisogna che questo diventi vero.<\/h4>\n<h4>E dunque, che la libert\u00e0 riecheggi dalle straordinarie colline del New Hampshire.<\/h4>\n<h4>Che la libert\u00e0 riecheggi dalle possenti montagne di New York.<\/h4>\n<h4>Che la libert\u00e0 riecheggi dagli elevati Allegheny della Pennsylvania.<\/h4>\n<h4>Che la libert\u00e0 riecheggi dalle innevate Montagne Rocciose del Colorado.<\/h4>\n<h4>Che la libert\u00e0 riecheggi dai pendii sinuosi della California.<\/h4>\n<h4>Ma non soltanto.<\/h4>\n<h4>Che la libert\u00e0 riecheggi dalla Stone Mountain della Georgia.<\/h4>\n<h4>Che la libert\u00e0 riecheggi dalla Lookout Mountain del Tennessee.<\/h4>\n<h4>Che la libert\u00e0 riecheggi da ogni collina e da ogni formicaio del Mississippi, da ogni vetta, che riecheggi la libert\u00e0.<\/h4>\n<h4>E quando questo avverr\u00e0, quando faremo riecheggiare la libert\u00e0, quando la lasceremo riecheggiare da ogni villaggio e da ogni paese, da ogni stato e da ogni citt\u00e0, saremo riusciti ad avvicinare quel giorno in cui tutti i figli di Dio, neri e bianchi, ebrei e gentili, protestanti e cattolici, potranno prendersi per mano e cantare le parole dell\u2019antico inno: \u201cLiberi finalmente, liberi finalmente.<\/h4>\n<h4>Grazie a Dio Onnipotente, siamo liberi finalmente\u201d.<\/h4>\n","protected":false},"excerpt":{"rendered":"<p>Il famoso discorso di Martin Luther King, affascinante e fortemente ipnotico. Il Re usa il ricalco con parole d&#8217;azione e induce i partecipanti ad agire.<\/p>\n","protected":false},"author":2,"featured_media":1911,"comment_status":"closed","ping_status":"closed","sticky":false,"template":"","format":"standard","meta":{"_et_pb_use_builder":"","_et_pb_old_content":"","_et_gb_content_width":"","footnotes":""},"categories":[1,17],"tags":[],"yoast_head":"<!-- This site is optimized with the Yoast SEO plugin v23.4 - https:\/\/yoast.com\/wordpress\/plugins\/seo\/ -->\n<title>I have a dream - ipnosi e azione - Gian Battista Gualdi<\/title>\n<meta name=\"description\" content=\"Il famoso discorso di Martin Luther King, affascinante e fortemente ipnotico. Il Re usa il ricalco con parole d&#039;azione e induce i partecipanti ad agire.\" \/>\n<meta name=\"robots\" content=\"index, follow, max-snippet:-1, max-image-preview:large, max-video-preview:-1\" \/>\n<link rel=\"canonical\" href=\"https:\/\/www.gianbattista.it\/cms\/i-have-a-dream-ipnosi-e-azione\/\" \/>\n<meta property=\"og:locale\" content=\"it_IT\" \/>\n<meta property=\"og:type\" content=\"article\" \/>\n<meta property=\"og:title\" content=\"I have a dream - ipnosi e azione - Gian Battista Gualdi\" \/>\n<meta property=\"og:description\" content=\"Il famoso discorso di Martin Luther King, affascinante e fortemente ipnotico. Il Re usa il ricalco con parole d&#039;azione e induce i partecipanti ad agire.\" \/>\n<meta property=\"og:url\" content=\"https:\/\/www.gianbattista.it\/cms\/i-have-a-dream-ipnosi-e-azione\/\" \/>\n<meta property=\"og:site_name\" content=\"Gian Battista Gualdi\" \/>\n<meta property=\"article:publisher\" content=\"https:\/\/www.facebook.com\/gianbattistagualdi\" \/>\n<meta property=\"article:author\" content=\"https:\/\/www.facebook.com\/gianbattistagualdi\" \/>\n<meta property=\"article:published_time\" content=\"2016-01-04T18:24:29+00:00\" \/>\n<meta property=\"article:modified_time\" content=\"2017-05-09T14:29:06+00:00\" \/>\n<meta property=\"og:image\" content=\"https:\/\/www.gianbattista.it\/cms\/wp-content\/uploads\/2016\/01\/MLK.png\" \/>\n\t<meta property=\"og:image:width\" content=\"538\" \/>\n\t<meta property=\"og:image:height\" content=\"218\" \/>\n\t<meta property=\"og:image:type\" content=\"image\/png\" \/>\n<meta name=\"author\" content=\"adminsito\" \/>\n<meta name=\"twitter:label1\" content=\"Scritto da\" \/>\n\t<meta name=\"twitter:data1\" content=\"adminsito\" \/>\n\t<meta name=\"twitter:label2\" content=\"Tempo di lettura stimato\" \/>\n\t<meta name=\"twitter:data2\" content=\"8 minuti\" \/>\n<script type=\"application\/ld+json\" class=\"yoast-schema-graph\">{\"@context\":\"https:\/\/schema.org\",\"@graph\":[{\"@type\":\"Article\",\"@id\":\"https:\/\/www.gianbattista.it\/cms\/i-have-a-dream-ipnosi-e-azione\/#article\",\"isPartOf\":{\"@id\":\"https:\/\/www.gianbattista.it\/cms\/i-have-a-dream-ipnosi-e-azione\/\"},\"author\":{\"name\":\"adminsito\",\"@id\":\"https:\/\/www.gianbattista.it\/cms\/#\/schema\/person\/1058c2e181b77adf83fbd7af6dfdda01\"},\"headline\":\"I have a dream &#8211; ipnosi e azione\",\"datePublished\":\"2016-01-04T18:24:29+00:00\",\"dateModified\":\"2017-05-09T14:29:06+00:00\",\"mainEntityOfPage\":{\"@id\":\"https:\/\/www.gianbattista.it\/cms\/i-have-a-dream-ipnosi-e-azione\/\"},\"wordCount\":1672,\"publisher\":{\"@id\":\"https:\/\/www.gianbattista.it\/cms\/#organization\"},\"image\":{\"@id\":\"https:\/\/www.gianbattista.it\/cms\/i-have-a-dream-ipnosi-e-azione\/#primaryimage\"},\"thumbnailUrl\":\"https:\/\/www.gianbattista.it\/cms\/wp-content\/uploads\/2016\/01\/MLK.png\",\"articleSection\":[\"comunicAzione\",\"ipnotizzAzione\"],\"inLanguage\":\"it-IT\"},{\"@type\":\"WebPage\",\"@id\":\"https:\/\/www.gianbattista.it\/cms\/i-have-a-dream-ipnosi-e-azione\/\",\"url\":\"https:\/\/www.gianbattista.it\/cms\/i-have-a-dream-ipnosi-e-azione\/\",\"name\":\"I have a dream - ipnosi e azione - Gian Battista Gualdi\",\"isPartOf\":{\"@id\":\"https:\/\/www.gianbattista.it\/cms\/#website\"},\"primaryImageOfPage\":{\"@id\":\"https:\/\/www.gianbattista.it\/cms\/i-have-a-dream-ipnosi-e-azione\/#primaryimage\"},\"image\":{\"@id\":\"https:\/\/www.gianbattista.it\/cms\/i-have-a-dream-ipnosi-e-azione\/#primaryimage\"},\"thumbnailUrl\":\"https:\/\/www.gianbattista.it\/cms\/wp-content\/uploads\/2016\/01\/MLK.png\",\"datePublished\":\"2016-01-04T18:24:29+00:00\",\"dateModified\":\"2017-05-09T14:29:06+00:00\",\"description\":\"Il famoso discorso di Martin Luther King, affascinante e fortemente ipnotico. Il Re usa il ricalco con parole d'azione e induce i partecipanti ad agire.\",\"breadcrumb\":{\"@id\":\"https:\/\/www.gianbattista.it\/cms\/i-have-a-dream-ipnosi-e-azione\/#breadcrumb\"},\"inLanguage\":\"it-IT\",\"potentialAction\":[{\"@type\":\"ReadAction\",\"target\":[\"https:\/\/www.gianbattista.it\/cms\/i-have-a-dream-ipnosi-e-azione\/\"]}]},{\"@type\":\"ImageObject\",\"inLanguage\":\"it-IT\",\"@id\":\"https:\/\/www.gianbattista.it\/cms\/i-have-a-dream-ipnosi-e-azione\/#primaryimage\",\"url\":\"https:\/\/www.gianbattista.it\/cms\/wp-content\/uploads\/2016\/01\/MLK.png\",\"contentUrl\":\"https:\/\/www.gianbattista.it\/cms\/wp-content\/uploads\/2016\/01\/MLK.png\",\"width\":538,\"height\":218},{\"@type\":\"BreadcrumbList\",\"@id\":\"https:\/\/www.gianbattista.it\/cms\/i-have-a-dream-ipnosi-e-azione\/#breadcrumb\",\"itemListElement\":[{\"@type\":\"ListItem\",\"position\":1,\"name\":\"Home\",\"item\":\"https:\/\/www.gianbattista.it\/cms\/\"},{\"@type\":\"ListItem\",\"position\":2,\"name\":\"I have a dream &#8211; ipnosi e azione\"}]},{\"@type\":\"WebSite\",\"@id\":\"https:\/\/www.gianbattista.it\/cms\/#website\",\"url\":\"https:\/\/www.gianbattista.it\/cms\/\",\"name\":\"Gian Battista Gualdi\",\"description\":\"chiediti sempre il meglio\",\"publisher\":{\"@id\":\"https:\/\/www.gianbattista.it\/cms\/#organization\"},\"potentialAction\":[{\"@type\":\"SearchAction\",\"target\":{\"@type\":\"EntryPoint\",\"urlTemplate\":\"https:\/\/www.gianbattista.it\/cms\/?s={search_term_string}\"},\"query-input\":{\"@type\":\"PropertyValueSpecification\",\"valueRequired\":true,\"valueName\":\"search_term_string\"}}],\"inLanguage\":\"it-IT\"},{\"@type\":\"Organization\",\"@id\":\"https:\/\/www.gianbattista.it\/cms\/#organization\",\"name\":\"Gian Battista Gualdi\",\"url\":\"https:\/\/www.gianbattista.it\/cms\/\",\"logo\":{\"@type\":\"ImageObject\",\"inLanguage\":\"it-IT\",\"@id\":\"https:\/\/www.gianbattista.it\/cms\/#\/schema\/logo\/image\/\",\"url\":\"https:\/\/www.gianbattista.it\/cms\/wp-content\/uploads\/2016\/07\/GBG150.png\",\"contentUrl\":\"https:\/\/www.gianbattista.it\/cms\/wp-content\/uploads\/2016\/07\/GBG150.png\",\"width\":105,\"height\":70,\"caption\":\"Gian Battista Gualdi\"},\"image\":{\"@id\":\"https:\/\/www.gianbattista.it\/cms\/#\/schema\/logo\/image\/\"},\"sameAs\":[\"https:\/\/www.facebook.com\/gianbattistagualdi\",\"https:\/\/x.com\/gualdigb\",\"https:\/\/www.linkedin.com\/in\/gian-battista-gualdi-08781941?authType=NAME_SEARCH&amp;amp;amp;authToken=gMGk&amp;amp;amp;locale=it_IT&amp;amp;amp;trk=tyah&amp;amp;amp;trkInfo=clickedVertical:mynetwork,clickedEntityId:148340263,authType:NAME_SEARCH,idx:1-1-1,tarId:1467301191561,tas:gian battista\",\"https:\/\/www.youtube.com\/channel\/UC-02_zSXunzSWcH89_GVN_w\"]},{\"@type\":\"Person\",\"@id\":\"https:\/\/www.gianbattista.it\/cms\/#\/schema\/person\/1058c2e181b77adf83fbd7af6dfdda01\",\"name\":\"adminsito\",\"image\":{\"@type\":\"ImageObject\",\"inLanguage\":\"it-IT\",\"@id\":\"https:\/\/www.gianbattista.it\/cms\/#\/schema\/person\/image\/\",\"url\":\"https:\/\/secure.gravatar.com\/avatar\/66532d5a7693aa019d73b60d47ff5d5f?s=96&d=identicon&r=g\",\"contentUrl\":\"https:\/\/secure.gravatar.com\/avatar\/66532d5a7693aa019d73b60d47ff5d5f?s=96&d=identicon&r=g\",\"caption\":\"adminsito\"},\"sameAs\":[\"https:\/\/www.gianbattista.it\",\"https:\/\/www.facebook.com\/gianbattistagualdi\"],\"url\":\"https:\/\/www.gianbattista.it\/cms\/author\/admin\/\"}]}<\/script>\n<!-- \/ Yoast SEO plugin. -->","yoast_head_json":{"title":"I have a dream - ipnosi e azione - Gian Battista Gualdi","description":"Il famoso discorso di Martin Luther King, affascinante e fortemente ipnotico. Il Re usa il ricalco con parole d'azione e induce i partecipanti ad agire.","robots":{"index":"index","follow":"follow","max-snippet":"max-snippet:-1","max-image-preview":"max-image-preview:large","max-video-preview":"max-video-preview:-1"},"canonical":"https:\/\/www.gianbattista.it\/cms\/i-have-a-dream-ipnosi-e-azione\/","og_locale":"it_IT","og_type":"article","og_title":"I have a dream - ipnosi e azione - Gian Battista Gualdi","og_description":"Il famoso discorso di Martin Luther King, affascinante e fortemente ipnotico. Il Re usa il ricalco con parole d'azione e induce i partecipanti ad agire.","og_url":"https:\/\/www.gianbattista.it\/cms\/i-have-a-dream-ipnosi-e-azione\/","og_site_name":"Gian Battista Gualdi","article_publisher":"https:\/\/www.facebook.com\/gianbattistagualdi","article_author":"https:\/\/www.facebook.com\/gianbattistagualdi","article_published_time":"2016-01-04T18:24:29+00:00","article_modified_time":"2017-05-09T14:29:06+00:00","og_image":[{"width":538,"height":218,"url":"https:\/\/www.gianbattista.it\/cms\/wp-content\/uploads\/2016\/01\/MLK.png","type":"image\/png"}],"author":"adminsito","twitter_misc":{"Scritto da":"adminsito","Tempo di lettura stimato":"8 minuti"},"schema":{"@context":"https:\/\/schema.org","@graph":[{"@type":"Article","@id":"https:\/\/www.gianbattista.it\/cms\/i-have-a-dream-ipnosi-e-azione\/#article","isPartOf":{"@id":"https:\/\/www.gianbattista.it\/cms\/i-have-a-dream-ipnosi-e-azione\/"},"author":{"name":"adminsito","@id":"https:\/\/www.gianbattista.it\/cms\/#\/schema\/person\/1058c2e181b77adf83fbd7af6dfdda01"},"headline":"I have a dream &#8211; ipnosi e azione","datePublished":"2016-01-04T18:24:29+00:00","dateModified":"2017-05-09T14:29:06+00:00","mainEntityOfPage":{"@id":"https:\/\/www.gianbattista.it\/cms\/i-have-a-dream-ipnosi-e-azione\/"},"wordCount":1672,"publisher":{"@id":"https:\/\/www.gianbattista.it\/cms\/#organization"},"image":{"@id":"https:\/\/www.gianbattista.it\/cms\/i-have-a-dream-ipnosi-e-azione\/#primaryimage"},"thumbnailUrl":"https:\/\/www.gianbattista.it\/cms\/wp-content\/uploads\/2016\/01\/MLK.png","articleSection":["comunicAzione","ipnotizzAzione"],"inLanguage":"it-IT"},{"@type":"WebPage","@id":"https:\/\/www.gianbattista.it\/cms\/i-have-a-dream-ipnosi-e-azione\/","url":"https:\/\/www.gianbattista.it\/cms\/i-have-a-dream-ipnosi-e-azione\/","name":"I have a dream - ipnosi e azione - Gian Battista Gualdi","isPartOf":{"@id":"https:\/\/www.gianbattista.it\/cms\/#website"},"primaryImageOfPage":{"@id":"https:\/\/www.gianbattista.it\/cms\/i-have-a-dream-ipnosi-e-azione\/#primaryimage"},"image":{"@id":"https:\/\/www.gianbattista.it\/cms\/i-have-a-dream-ipnosi-e-azione\/#primaryimage"},"thumbnailUrl":"https:\/\/www.gianbattista.it\/cms\/wp-content\/uploads\/2016\/01\/MLK.png","datePublished":"2016-01-04T18:24:29+00:00","dateModified":"2017-05-09T14:29:06+00:00","description":"Il famoso discorso di Martin Luther King, affascinante e fortemente ipnotico. Il Re usa il ricalco con parole d'azione e induce i partecipanti ad agire.","breadcrumb":{"@id":"https:\/\/www.gianbattista.it\/cms\/i-have-a-dream-ipnosi-e-azione\/#breadcrumb"},"inLanguage":"it-IT","potentialAction":[{"@type":"ReadAction","target":["https:\/\/www.gianbattista.it\/cms\/i-have-a-dream-ipnosi-e-azione\/"]}]},{"@type":"ImageObject","inLanguage":"it-IT","@id":"https:\/\/www.gianbattista.it\/cms\/i-have-a-dream-ipnosi-e-azione\/#primaryimage","url":"https:\/\/www.gianbattista.it\/cms\/wp-content\/uploads\/2016\/01\/MLK.png","contentUrl":"https:\/\/www.gianbattista.it\/cms\/wp-content\/uploads\/2016\/01\/MLK.png","width":538,"height":218},{"@type":"BreadcrumbList","@id":"https:\/\/www.gianbattista.it\/cms\/i-have-a-dream-ipnosi-e-azione\/#breadcrumb","itemListElement":[{"@type":"ListItem","position":1,"name":"Home","item":"https:\/\/www.gianbattista.it\/cms\/"},{"@type":"ListItem","position":2,"name":"I have a dream &#8211; ipnosi e azione"}]},{"@type":"WebSite","@id":"https:\/\/www.gianbattista.it\/cms\/#website","url":"https:\/\/www.gianbattista.it\/cms\/","name":"Gian Battista Gualdi","description":"chiediti sempre il meglio","publisher":{"@id":"https:\/\/www.gianbattista.it\/cms\/#organization"},"potentialAction":[{"@type":"SearchAction","target":{"@type":"EntryPoint","urlTemplate":"https:\/\/www.gianbattista.it\/cms\/?s={search_term_string}"},"query-input":{"@type":"PropertyValueSpecification","valueRequired":true,"valueName":"search_term_string"}}],"inLanguage":"it-IT"},{"@type":"Organization","@id":"https:\/\/www.gianbattista.it\/cms\/#organization","name":"Gian Battista Gualdi","url":"https:\/\/www.gianbattista.it\/cms\/","logo":{"@type":"ImageObject","inLanguage":"it-IT","@id":"https:\/\/www.gianbattista.it\/cms\/#\/schema\/logo\/image\/","url":"https:\/\/www.gianbattista.it\/cms\/wp-content\/uploads\/2016\/07\/GBG150.png","contentUrl":"https:\/\/www.gianbattista.it\/cms\/wp-content\/uploads\/2016\/07\/GBG150.png","width":105,"height":70,"caption":"Gian Battista Gualdi"},"image":{"@id":"https:\/\/www.gianbattista.it\/cms\/#\/schema\/logo\/image\/"},"sameAs":["https:\/\/www.facebook.com\/gianbattistagualdi","https:\/\/x.com\/gualdigb","https:\/\/www.linkedin.com\/in\/gian-battista-gualdi-08781941?authType=NAME_SEARCH&amp;amp;amp;authToken=gMGk&amp;amp;amp;locale=it_IT&amp;amp;amp;trk=tyah&amp;amp;amp;trkInfo=clickedVertical:mynetwork,clickedEntityId:148340263,authType:NAME_SEARCH,idx:1-1-1,tarId:1467301191561,tas:gian battista","https:\/\/www.youtube.com\/channel\/UC-02_zSXunzSWcH89_GVN_w"]},{"@type":"Person","@id":"https:\/\/www.gianbattista.it\/cms\/#\/schema\/person\/1058c2e181b77adf83fbd7af6dfdda01","name":"adminsito","image":{"@type":"ImageObject","inLanguage":"it-IT","@id":"https:\/\/www.gianbattista.it\/cms\/#\/schema\/person\/image\/","url":"https:\/\/secure.gravatar.com\/avatar\/66532d5a7693aa019d73b60d47ff5d5f?s=96&d=identicon&r=g","contentUrl":"https:\/\/secure.gravatar.com\/avatar\/66532d5a7693aa019d73b60d47ff5d5f?s=96&d=identicon&r=g","caption":"adminsito"},"sameAs":["https:\/\/www.gianbattista.it","https:\/\/www.facebook.com\/gianbattistagualdi"],"url":"https:\/\/www.gianbattista.it\/cms\/author\/admin\/"}]}},"_links":{"self":[{"href":"https:\/\/www.gianbattista.it\/cms\/wp-json\/wp\/v2\/posts\/1910"}],"collection":[{"href":"https:\/\/www.gianbattista.it\/cms\/wp-json\/wp\/v2\/posts"}],"about":[{"href":"https:\/\/www.gianbattista.it\/cms\/wp-json\/wp\/v2\/types\/post"}],"author":[{"embeddable":true,"href":"https:\/\/www.gianbattista.it\/cms\/wp-json\/wp\/v2\/users\/2"}],"replies":[{"embeddable":true,"href":"https:\/\/www.gianbattista.it\/cms\/wp-json\/wp\/v2\/comments?post=1910"}],"version-history":[{"count":0,"href":"https:\/\/www.gianbattista.it\/cms\/wp-json\/wp\/v2\/posts\/1910\/revisions"}],"wp:featuredmedia":[{"embeddable":true,"href":"https:\/\/www.gianbattista.it\/cms\/wp-json\/wp\/v2\/media\/1911"}],"wp:attachment":[{"href":"https:\/\/www.gianbattista.it\/cms\/wp-json\/wp\/v2\/media?parent=1910"}],"wp:term":[{"taxonomy":"category","embeddable":true,"href":"https:\/\/www.gianbattista.it\/cms\/wp-json\/wp\/v2\/categories?post=1910"},{"taxonomy":"post_tag","embeddable":true,"href":"https:\/\/www.gianbattista.it\/cms\/wp-json\/wp\/v2\/tags?post=1910"}],"curies":[{"name":"wp","href":"https:\/\/api.w.org\/{rel}","templated":true}]}}