{"id":1922,"date":"2016-01-24T17:27:43","date_gmt":"2016-01-24T17:27:43","guid":{"rendered":"https:\/\/www.gianbattista.it\/cms\/?p=1922"},"modified":"2016-02-03T05:43:33","modified_gmt":"2016-02-03T05:43:33","slug":"i-monaci-e-il-budda-doro","status":"publish","type":"post","link":"https:\/\/www.gianbattista.it\/cms\/i-monaci-e-il-budda-doro\/","title":{"rendered":"I monaci e il Budda d&#8217;oro"},"content":{"rendered":"<h4>Nell&#8217;autunno del 1988 Jack Canfield fu invitato a tenere una conferenza sull&#8217;amor proprio e sull&#8217;efficienza massima in un convegno ad Hong Kong.<\/h4>\n<h4>Ci\u00f2 che lo colp\u00ec maggiormente delle cose viste durante questo viaggio fu il tempio di Budda a Bangkok, un tempio molto piccolo che custodisce la statua di un Budda d&#8217;oro alto pi\u00f9 di tre metri, del peso di oltre due tonnellate e mezza, valutato 196 milioni di dollari!<\/h4>\n<h4>&#8220;Era una visione che incuteva timore: &#8211; commenta Canfield &#8211; un Budda d&#8217;oro massiccio dall&#8217;aria gentile ma imponente che ci sorrideva dall&#8217;alto&#8221;.<\/h4>\n<h4>Accanto alla statua\u00a0<strong>c&#8217;era una bacheca<\/strong>\u00a0in cui era\u00a0<strong>riportata la sua storia<\/strong>:<\/h4>\n<h4>Nel 1957 alcuni monaci di un monastero dovevano trasferire un Budda d&#8217;argilla dal loro tempio a una nuova sede. Il monastero doveva essere trasferito per far posto alla costruzione di una superstrada attraverso Bangkok.<\/h4>\n<h4>Quando la gru cominci\u00f2 a sollevare l&#8217;idolo gigantesco, il peso era cos\u00ec formidabile che la statua cominci\u00f2 ad incrinarsi.\u00a0 Per di pi\u00f9 cominci\u00f2 a piovere.\u00a0 Il monaco superiore, preoccupato di non danneggiare il sacro Budda, decise di rimettere a terra la statua e di ricoprirla con un grande telone per proteggerla dalla pioggia.<\/h4>\n<h4>Pi\u00f9 tardi, quella sera, il monaco superiore and\u00f2 a controllare il Budda. Accese la torcia elettrica sotto il telone per vedere se il Budda era asciutto. Quando la luce raggiunse l&#8217;incrinatura, il monaco not\u00f2 uno strano riflesso. Guardando meglio, si chiese se non potesse esservi qualcosa sotto l&#8217;argilla. A mano a mano che venivano via i pezzi d&#8217;argilla, il bagliore si faceva pi\u00f9 vivido e pi\u00f9 esteso.<\/h4>\n<h4>Trascorsero molte ore di lavoro prima che il monaco si trovasse faccia a faccia con lo straordinario Buddha in oro massiccio.\u00a0 Gli storici ritengono che diverse centinaia di anni prima della scoperta del monaco l&#8217;esercito birmano stesse per invadere la Thailandia (allora chiamata Siam).<\/h4>\n<h4>I monaci siamesi, rendendosi conto che il loro Paese sarebbe stato ben presto attaccato, coprirono il prezioso Budda d&#8217;oro con uno strato esterno d&#8217;argilla per impedire che il loro tesoro venisse trafugato dai birmani.<\/h4>\n<h4>Purtroppo, a quanto pare, i birmani massacrarono tutti i monaci siamesi e il loro segreto ben custodito dal Budda d&#8217;oro rimase intatto fino a quel giorno fatale del 1957.<\/h4>\n<h4>Tornando a casa &#8211; scrive Canfield &#8211; in aereo cominciai a pensare fra me: tutti siamo come il Budda d&#8217;argilla, coperti da una crosta di durezza costituita dalla paura, oppure sotto ciascuno di noi vi \u00e8 un &#8220;Budda d&#8217;oro&#8221; o un &#8220;Cristo d&#8217;oro&#8221; o &#8220;un&#8217;essenza d&#8217;oro&#8221; che \u00e8 il nostro vero Io.<\/h4>\n<h4>A un certo punto della nostra vita, fra i due e i nove anni d&#8217;et\u00e0, cominciamo a coprire la nostra &#8220;essenza d&#8217;oro&#8221;, il nostro io naturale. Pi\u00f9 o meno come il monaco, con martello e scalpello, il nostro compito ora \u00e8 di scoprire la nostra vera essenza.<\/h4>\n<h4>Perch\u00e9 non porre tra gli\u00a0<strong>obiettivi del nuovo anno<\/strong>\u00a0scoprire il tesoro racchiuso dentro di te!<\/h4>\n<h4>Se cominciamo ad entrare dentro noi stessi, a guardarci con affetto e stima, a capire chi siamo veramente quanto poco diamo e quanto invece potremmo dare a noi stessi ed agli altri se solo ne saremo consapevoli, avremmo probabilmente una visione diversa di noi stessi ed un modo diverso di affrontare la vita.<\/h4>\n<h4>Una forza ed una sicurezza in pi\u00f9 che acquisisci quando sei congruente nelle tue azioni col tuo &#8220;IO&#8221; vero, interiore.<\/h4>\n<h4>Lasciate che vi chieda: avete della vostra vita una\u00a0<strong>missione<\/strong>\u00a0e una\u00a0<strong>visione<\/strong>?<\/h4>\n","protected":false},"excerpt":{"rendered":"<p>Nell&#8217;autunno del 1988 Jack Canfield fu invitato a tenere una conferenza sull&#8217;amor proprio e sull&#8217;efficienza massima in un convegno ad Hong Kong. Ci\u00f2 che lo colp\u00ec maggiormente delle cose viste durante questo viaggio fu il tempio di Budda a Bangkok, un tempio molto piccolo che custodisce la statua di un Budda d&#8217;oro alto pi\u00f9 di [&hellip;]<\/p>\n","protected":false},"author":2,"featured_media":1965,"comment_status":"closed","ping_status":"closed","sticky":false,"template":"","format":"standard","meta":{"_et_pb_use_builder":"","_et_pb_old_content":"","_et_gb_content_width":"","footnotes":""},"categories":[4],"tags":[],"yoast_head":"<!-- This site is optimized with the Yoast SEO plugin v23.4 - https:\/\/yoast.com\/wordpress\/plugins\/seo\/ -->\n<title>I monaci e il Budda d&#039;oro - Gian Battista Gualdi<\/title>\n<meta name=\"robots\" content=\"index, follow, max-snippet:-1, max-image-preview:large, max-video-preview:-1\" \/>\n<link rel=\"canonical\" href=\"https:\/\/www.gianbattista.it\/cms\/i-monaci-e-il-budda-doro\/\" \/>\n<meta property=\"og:locale\" content=\"it_IT\" \/>\n<meta property=\"og:type\" content=\"article\" \/>\n<meta property=\"og:title\" content=\"I monaci e il Budda d&#039;oro - Gian Battista Gualdi\" \/>\n<meta property=\"og:description\" content=\"Nell&#8217;autunno del 1988 Jack Canfield fu invitato a tenere una conferenza sull&#8217;amor proprio e sull&#8217;efficienza massima in un convegno ad Hong Kong. Ci\u00f2 che lo colp\u00ec maggiormente delle cose viste durante questo viaggio fu il tempio di Budda a Bangkok, un tempio molto piccolo che custodisce la statua di un Budda d&#8217;oro alto pi\u00f9 di [&hellip;]\" \/>\n<meta property=\"og:url\" content=\"https:\/\/www.gianbattista.it\/cms\/i-monaci-e-il-budda-doro\/\" \/>\n<meta property=\"og:site_name\" content=\"Gian Battista Gualdi\" \/>\n<meta property=\"article:publisher\" content=\"https:\/\/www.facebook.com\/gianbattistagualdi\" \/>\n<meta property=\"article:author\" content=\"https:\/\/www.facebook.com\/gianbattistagualdi\" \/>\n<meta property=\"article:published_time\" content=\"2016-01-24T17:27:43+00:00\" \/>\n<meta property=\"article:modified_time\" content=\"2016-02-03T05:43:33+00:00\" \/>\n<meta property=\"og:image\" content=\"https:\/\/www.gianbattista.it\/cms\/wp-content\/uploads\/2016\/01\/budda.png\" \/>\n\t<meta property=\"og:image:width\" content=\"538\" \/>\n\t<meta property=\"og:image:height\" content=\"218\" \/>\n\t<meta property=\"og:image:type\" content=\"image\/png\" \/>\n<meta name=\"author\" content=\"adminsito\" \/>\n<meta name=\"twitter:label1\" content=\"Scritto da\" \/>\n\t<meta name=\"twitter:data1\" content=\"adminsito\" \/>\n\t<meta name=\"twitter:label2\" content=\"Tempo di lettura stimato\" \/>\n\t<meta name=\"twitter:data2\" content=\"3 minuti\" \/>\n<script type=\"application\/ld+json\" class=\"yoast-schema-graph\">{\"@context\":\"https:\/\/schema.org\",\"@graph\":[{\"@type\":\"Article\",\"@id\":\"https:\/\/www.gianbattista.it\/cms\/i-monaci-e-il-budda-doro\/#article\",\"isPartOf\":{\"@id\":\"https:\/\/www.gianbattista.it\/cms\/i-monaci-e-il-budda-doro\/\"},\"author\":{\"name\":\"adminsito\",\"@id\":\"https:\/\/www.gianbattista.it\/cms\/#\/schema\/person\/1058c2e181b77adf83fbd7af6dfdda01\"},\"headline\":\"I monaci e il Budda d&#8217;oro\",\"datePublished\":\"2016-01-24T17:27:43+00:00\",\"dateModified\":\"2016-02-03T05:43:33+00:00\",\"mainEntityOfPage\":{\"@id\":\"https:\/\/www.gianbattista.it\/cms\/i-monaci-e-il-budda-doro\/\"},\"wordCount\":591,\"publisher\":{\"@id\":\"https:\/\/www.gianbattista.it\/cms\/#organization\"},\"image\":{\"@id\":\"https:\/\/www.gianbattista.it\/cms\/i-monaci-e-il-budda-doro\/#primaryimage\"},\"thumbnailUrl\":\"https:\/\/www.gianbattista.it\/cms\/wp-content\/uploads\/2016\/01\/budda.png\",\"articleSection\":[\"formAzione\"],\"inLanguage\":\"it-IT\"},{\"@type\":\"WebPage\",\"@id\":\"https:\/\/www.gianbattista.it\/cms\/i-monaci-e-il-budda-doro\/\",\"url\":\"https:\/\/www.gianbattista.it\/cms\/i-monaci-e-il-budda-doro\/\",\"name\":\"I monaci e il Budda d'oro - Gian Battista Gualdi\",\"isPartOf\":{\"@id\":\"https:\/\/www.gianbattista.it\/cms\/#website\"},\"primaryImageOfPage\":{\"@id\":\"https:\/\/www.gianbattista.it\/cms\/i-monaci-e-il-budda-doro\/#primaryimage\"},\"image\":{\"@id\":\"https:\/\/www.gianbattista.it\/cms\/i-monaci-e-il-budda-doro\/#primaryimage\"},\"thumbnailUrl\":\"https:\/\/www.gianbattista.it\/cms\/wp-content\/uploads\/2016\/01\/budda.png\",\"datePublished\":\"2016-01-24T17:27:43+00:00\",\"dateModified\":\"2016-02-03T05:43:33+00:00\",\"breadcrumb\":{\"@id\":\"https:\/\/www.gianbattista.it\/cms\/i-monaci-e-il-budda-doro\/#breadcrumb\"},\"inLanguage\":\"it-IT\",\"potentialAction\":[{\"@type\":\"ReadAction\",\"target\":[\"https:\/\/www.gianbattista.it\/cms\/i-monaci-e-il-budda-doro\/\"]}]},{\"@type\":\"ImageObject\",\"inLanguage\":\"it-IT\",\"@id\":\"https:\/\/www.gianbattista.it\/cms\/i-monaci-e-il-budda-doro\/#primaryimage\",\"url\":\"https:\/\/www.gianbattista.it\/cms\/wp-content\/uploads\/2016\/01\/budda.png\",\"contentUrl\":\"https:\/\/www.gianbattista.it\/cms\/wp-content\/uploads\/2016\/01\/budda.png\",\"width\":538,\"height\":218},{\"@type\":\"BreadcrumbList\",\"@id\":\"https:\/\/www.gianbattista.it\/cms\/i-monaci-e-il-budda-doro\/#breadcrumb\",\"itemListElement\":[{\"@type\":\"ListItem\",\"position\":1,\"name\":\"Home\",\"item\":\"https:\/\/www.gianbattista.it\/cms\/\"},{\"@type\":\"ListItem\",\"position\":2,\"name\":\"I monaci e il Budda d&#8217;oro\"}]},{\"@type\":\"WebSite\",\"@id\":\"https:\/\/www.gianbattista.it\/cms\/#website\",\"url\":\"https:\/\/www.gianbattista.it\/cms\/\",\"name\":\"Gian Battista Gualdi\",\"description\":\"chiediti sempre il meglio\",\"publisher\":{\"@id\":\"https:\/\/www.gianbattista.it\/cms\/#organization\"},\"potentialAction\":[{\"@type\":\"SearchAction\",\"target\":{\"@type\":\"EntryPoint\",\"urlTemplate\":\"https:\/\/www.gianbattista.it\/cms\/?s={search_term_string}\"},\"query-input\":{\"@type\":\"PropertyValueSpecification\",\"valueRequired\":true,\"valueName\":\"search_term_string\"}}],\"inLanguage\":\"it-IT\"},{\"@type\":\"Organization\",\"@id\":\"https:\/\/www.gianbattista.it\/cms\/#organization\",\"name\":\"Gian Battista Gualdi\",\"url\":\"https:\/\/www.gianbattista.it\/cms\/\",\"logo\":{\"@type\":\"ImageObject\",\"inLanguage\":\"it-IT\",\"@id\":\"https:\/\/www.gianbattista.it\/cms\/#\/schema\/logo\/image\/\",\"url\":\"https:\/\/www.gianbattista.it\/cms\/wp-content\/uploads\/2016\/07\/GBG150.png\",\"contentUrl\":\"https:\/\/www.gianbattista.it\/cms\/wp-content\/uploads\/2016\/07\/GBG150.png\",\"width\":105,\"height\":70,\"caption\":\"Gian Battista Gualdi\"},\"image\":{\"@id\":\"https:\/\/www.gianbattista.it\/cms\/#\/schema\/logo\/image\/\"},\"sameAs\":[\"https:\/\/www.facebook.com\/gianbattistagualdi\",\"https:\/\/x.com\/gualdigb\",\"https:\/\/www.linkedin.com\/in\/gian-battista-gualdi-08781941?authType=NAME_SEARCH&amp;amp;amp;authToken=gMGk&amp;amp;amp;locale=it_IT&amp;amp;amp;trk=tyah&amp;amp;amp;trkInfo=clickedVertical:mynetwork,clickedEntityId:148340263,authType:NAME_SEARCH,idx:1-1-1,tarId:1467301191561,tas:gian battista\",\"https:\/\/www.youtube.com\/channel\/UC-02_zSXunzSWcH89_GVN_w\"]},{\"@type\":\"Person\",\"@id\":\"https:\/\/www.gianbattista.it\/cms\/#\/schema\/person\/1058c2e181b77adf83fbd7af6dfdda01\",\"name\":\"adminsito\",\"image\":{\"@type\":\"ImageObject\",\"inLanguage\":\"it-IT\",\"@id\":\"https:\/\/www.gianbattista.it\/cms\/#\/schema\/person\/image\/\",\"url\":\"https:\/\/secure.gravatar.com\/avatar\/66532d5a7693aa019d73b60d47ff5d5f?s=96&d=identicon&r=g\",\"contentUrl\":\"https:\/\/secure.gravatar.com\/avatar\/66532d5a7693aa019d73b60d47ff5d5f?s=96&d=identicon&r=g\",\"caption\":\"adminsito\"},\"sameAs\":[\"https:\/\/www.gianbattista.it\",\"https:\/\/www.facebook.com\/gianbattistagualdi\"],\"url\":\"https:\/\/www.gianbattista.it\/cms\/author\/admin\/\"}]}<\/script>\n<!-- \/ Yoast SEO plugin. -->","yoast_head_json":{"title":"I monaci e il Budda d'oro - Gian Battista Gualdi","robots":{"index":"index","follow":"follow","max-snippet":"max-snippet:-1","max-image-preview":"max-image-preview:large","max-video-preview":"max-video-preview:-1"},"canonical":"https:\/\/www.gianbattista.it\/cms\/i-monaci-e-il-budda-doro\/","og_locale":"it_IT","og_type":"article","og_title":"I monaci e il Budda d'oro - Gian Battista Gualdi","og_description":"Nell&#8217;autunno del 1988 Jack Canfield fu invitato a tenere una conferenza sull&#8217;amor proprio e sull&#8217;efficienza massima in un convegno ad Hong Kong. Ci\u00f2 che lo colp\u00ec maggiormente delle cose viste durante questo viaggio fu il tempio di Budda a Bangkok, un tempio molto piccolo che custodisce la statua di un Budda d&#8217;oro alto pi\u00f9 di [&hellip;]","og_url":"https:\/\/www.gianbattista.it\/cms\/i-monaci-e-il-budda-doro\/","og_site_name":"Gian Battista Gualdi","article_publisher":"https:\/\/www.facebook.com\/gianbattistagualdi","article_author":"https:\/\/www.facebook.com\/gianbattistagualdi","article_published_time":"2016-01-24T17:27:43+00:00","article_modified_time":"2016-02-03T05:43:33+00:00","og_image":[{"width":538,"height":218,"url":"https:\/\/www.gianbattista.it\/cms\/wp-content\/uploads\/2016\/01\/budda.png","type":"image\/png"}],"author":"adminsito","twitter_misc":{"Scritto da":"adminsito","Tempo di lettura stimato":"3 minuti"},"schema":{"@context":"https:\/\/schema.org","@graph":[{"@type":"Article","@id":"https:\/\/www.gianbattista.it\/cms\/i-monaci-e-il-budda-doro\/#article","isPartOf":{"@id":"https:\/\/www.gianbattista.it\/cms\/i-monaci-e-il-budda-doro\/"},"author":{"name":"adminsito","@id":"https:\/\/www.gianbattista.it\/cms\/#\/schema\/person\/1058c2e181b77adf83fbd7af6dfdda01"},"headline":"I monaci e il Budda d&#8217;oro","datePublished":"2016-01-24T17:27:43+00:00","dateModified":"2016-02-03T05:43:33+00:00","mainEntityOfPage":{"@id":"https:\/\/www.gianbattista.it\/cms\/i-monaci-e-il-budda-doro\/"},"wordCount":591,"publisher":{"@id":"https:\/\/www.gianbattista.it\/cms\/#organization"},"image":{"@id":"https:\/\/www.gianbattista.it\/cms\/i-monaci-e-il-budda-doro\/#primaryimage"},"thumbnailUrl":"https:\/\/www.gianbattista.it\/cms\/wp-content\/uploads\/2016\/01\/budda.png","articleSection":["formAzione"],"inLanguage":"it-IT"},{"@type":"WebPage","@id":"https:\/\/www.gianbattista.it\/cms\/i-monaci-e-il-budda-doro\/","url":"https:\/\/www.gianbattista.it\/cms\/i-monaci-e-il-budda-doro\/","name":"I monaci e il Budda d'oro - Gian Battista Gualdi","isPartOf":{"@id":"https:\/\/www.gianbattista.it\/cms\/#website"},"primaryImageOfPage":{"@id":"https:\/\/www.gianbattista.it\/cms\/i-monaci-e-il-budda-doro\/#primaryimage"},"image":{"@id":"https:\/\/www.gianbattista.it\/cms\/i-monaci-e-il-budda-doro\/#primaryimage"},"thumbnailUrl":"https:\/\/www.gianbattista.it\/cms\/wp-content\/uploads\/2016\/01\/budda.png","datePublished":"2016-01-24T17:27:43+00:00","dateModified":"2016-02-03T05:43:33+00:00","breadcrumb":{"@id":"https:\/\/www.gianbattista.it\/cms\/i-monaci-e-il-budda-doro\/#breadcrumb"},"inLanguage":"it-IT","potentialAction":[{"@type":"ReadAction","target":["https:\/\/www.gianbattista.it\/cms\/i-monaci-e-il-budda-doro\/"]}]},{"@type":"ImageObject","inLanguage":"it-IT","@id":"https:\/\/www.gianbattista.it\/cms\/i-monaci-e-il-budda-doro\/#primaryimage","url":"https:\/\/www.gianbattista.it\/cms\/wp-content\/uploads\/2016\/01\/budda.png","contentUrl":"https:\/\/www.gianbattista.it\/cms\/wp-content\/uploads\/2016\/01\/budda.png","width":538,"height":218},{"@type":"BreadcrumbList","@id":"https:\/\/www.gianbattista.it\/cms\/i-monaci-e-il-budda-doro\/#breadcrumb","itemListElement":[{"@type":"ListItem","position":1,"name":"Home","item":"https:\/\/www.gianbattista.it\/cms\/"},{"@type":"ListItem","position":2,"name":"I monaci e il Budda d&#8217;oro"}]},{"@type":"WebSite","@id":"https:\/\/www.gianbattista.it\/cms\/#website","url":"https:\/\/www.gianbattista.it\/cms\/","name":"Gian Battista Gualdi","description":"chiediti sempre il meglio","publisher":{"@id":"https:\/\/www.gianbattista.it\/cms\/#organization"},"potentialAction":[{"@type":"SearchAction","target":{"@type":"EntryPoint","urlTemplate":"https:\/\/www.gianbattista.it\/cms\/?s={search_term_string}"},"query-input":{"@type":"PropertyValueSpecification","valueRequired":true,"valueName":"search_term_string"}}],"inLanguage":"it-IT"},{"@type":"Organization","@id":"https:\/\/www.gianbattista.it\/cms\/#organization","name":"Gian Battista Gualdi","url":"https:\/\/www.gianbattista.it\/cms\/","logo":{"@type":"ImageObject","inLanguage":"it-IT","@id":"https:\/\/www.gianbattista.it\/cms\/#\/schema\/logo\/image\/","url":"https:\/\/www.gianbattista.it\/cms\/wp-content\/uploads\/2016\/07\/GBG150.png","contentUrl":"https:\/\/www.gianbattista.it\/cms\/wp-content\/uploads\/2016\/07\/GBG150.png","width":105,"height":70,"caption":"Gian Battista Gualdi"},"image":{"@id":"https:\/\/www.gianbattista.it\/cms\/#\/schema\/logo\/image\/"},"sameAs":["https:\/\/www.facebook.com\/gianbattistagualdi","https:\/\/x.com\/gualdigb","https:\/\/www.linkedin.com\/in\/gian-battista-gualdi-08781941?authType=NAME_SEARCH&amp;amp;amp;authToken=gMGk&amp;amp;amp;locale=it_IT&amp;amp;amp;trk=tyah&amp;amp;amp;trkInfo=clickedVertical:mynetwork,clickedEntityId:148340263,authType:NAME_SEARCH,idx:1-1-1,tarId:1467301191561,tas:gian battista","https:\/\/www.youtube.com\/channel\/UC-02_zSXunzSWcH89_GVN_w"]},{"@type":"Person","@id":"https:\/\/www.gianbattista.it\/cms\/#\/schema\/person\/1058c2e181b77adf83fbd7af6dfdda01","name":"adminsito","image":{"@type":"ImageObject","inLanguage":"it-IT","@id":"https:\/\/www.gianbattista.it\/cms\/#\/schema\/person\/image\/","url":"https:\/\/secure.gravatar.com\/avatar\/66532d5a7693aa019d73b60d47ff5d5f?s=96&d=identicon&r=g","contentUrl":"https:\/\/secure.gravatar.com\/avatar\/66532d5a7693aa019d73b60d47ff5d5f?s=96&d=identicon&r=g","caption":"adminsito"},"sameAs":["https:\/\/www.gianbattista.it","https:\/\/www.facebook.com\/gianbattistagualdi"],"url":"https:\/\/www.gianbattista.it\/cms\/author\/admin\/"}]}},"_links":{"self":[{"href":"https:\/\/www.gianbattista.it\/cms\/wp-json\/wp\/v2\/posts\/1922"}],"collection":[{"href":"https:\/\/www.gianbattista.it\/cms\/wp-json\/wp\/v2\/posts"}],"about":[{"href":"https:\/\/www.gianbattista.it\/cms\/wp-json\/wp\/v2\/types\/post"}],"author":[{"embeddable":true,"href":"https:\/\/www.gianbattista.it\/cms\/wp-json\/wp\/v2\/users\/2"}],"replies":[{"embeddable":true,"href":"https:\/\/www.gianbattista.it\/cms\/wp-json\/wp\/v2\/comments?post=1922"}],"version-history":[{"count":0,"href":"https:\/\/www.gianbattista.it\/cms\/wp-json\/wp\/v2\/posts\/1922\/revisions"}],"wp:featuredmedia":[{"embeddable":true,"href":"https:\/\/www.gianbattista.it\/cms\/wp-json\/wp\/v2\/media\/1965"}],"wp:attachment":[{"href":"https:\/\/www.gianbattista.it\/cms\/wp-json\/wp\/v2\/media?parent=1922"}],"wp:term":[{"taxonomy":"category","embeddable":true,"href":"https:\/\/www.gianbattista.it\/cms\/wp-json\/wp\/v2\/categories?post=1922"},{"taxonomy":"post_tag","embeddable":true,"href":"https:\/\/www.gianbattista.it\/cms\/wp-json\/wp\/v2\/tags?post=1922"}],"curies":[{"name":"wp","href":"https:\/\/api.w.org\/{rel}","templated":true}]}}