{"id":2097,"date":"2016-07-01T18:23:53","date_gmt":"2016-07-01T18:23:53","guid":{"rendered":"https:\/\/www.gianbattista.it\/cms\/?p=2097"},"modified":"2016-08-19T06:21:50","modified_gmt":"2016-08-19T06:21:50","slug":"motivo-cui-mondo-sempre-nel-caos","status":"publish","type":"post","link":"https:\/\/www.gianbattista.it\/cms\/motivo-cui-mondo-sempre-nel-caos\/","title":{"rendered":"Il motivo per cui il mondo \u00e8 sempre stato nel caos."},"content":{"rendered":"<h4>Sento la forte necessit\u00e0 di sperimentare con voi questo piccolo pensiero che ha raggiunto il mio cuore con immenso ardore.<\/h4>\n<h4>Ho sempre ritenuto che la DIGNIT\u00c0 la dobbiamo e la voglio dare alle persone che incontro nella vita. Voglio mettere tutte le persone nella condizione di nobilt\u00e0.<\/h4>\n<h4>Le persone sono state create per essere amate, mentre le cose sono state create per essere utilizzate.<\/h4>\n<h4>Il motivo per cui il mondo \u00e8 nel caos \u00e8 perch\u00e9 le cose sono amate e le persone sono utilizzate.<\/h4>\n<h4><a href=\"https:\/\/www.gianbattista.it\/cms\/wp-content\/uploads\/2016\/07\/2016-06-30-06.19.20.jpg\"><img loading=\"lazy\" decoding=\"async\" class=\"size-full wp-image-2099 alignnone\" src=\"https:\/\/www.gianbattista.it\/cms\/wp-content\/uploads\/2016\/07\/2016-06-30-06.19.20.jpg\" alt=\"2016-06-30 06.19.20\" width=\"585\" height=\"533\" srcset=\"https:\/\/www.gianbattista.it\/cms\/wp-content\/uploads\/2016\/07\/2016-06-30-06.19.20.jpg 585w, https:\/\/www.gianbattista.it\/cms\/wp-content\/uploads\/2016\/07\/2016-06-30-06.19.20-300x273.jpg 300w\" sizes=\"(max-width: 585px) 100vw, 585px\" \/><\/a><\/h4>\n<h4>Quando vedo un progetto e uno stile di comunicazione dove le persone sorridono e provano gioia sono felice per loro e posso donarmi veramente e con trasporto; mentre quando noto immagini e condizioni dove si utilizzano le persone per far leva sul dolore, sul male e sulla paura soffro per la loro bassezza e per la loro capacit\u00e0 di creare vergogna.<\/h4>\n","protected":false},"excerpt":{"rendered":"<p>Sento la forte necessit\u00e0 di sperimentare con voi questo piccolo pensiero che ha raggiunto il mio cuore con immenso ardore. Ho sempre ritenuto che la DIGNIT\u00c0 la dobbiamo e la voglio dare alle persone che incontro nella vita. Voglio mettere tutte le persone nella condizione di nobilt\u00e0. Le persone sono state create per essere amate, [&hellip;]<\/p>\n","protected":false},"author":2,"featured_media":2098,"comment_status":"closed","ping_status":"open","sticky":false,"template":"","format":"standard","meta":{"_et_pb_use_builder":"","_et_pb_old_content":"","_et_gb_content_width":"","footnotes":""},"categories":[1],"tags":[],"yoast_head":"<!-- This site is optimized with the Yoast SEO plugin v23.4 - https:\/\/yoast.com\/wordpress\/plugins\/seo\/ -->\n<title>Il motivo per cui il mondo \u00e8 sempre stato nel caos. - Gian Battista Gualdi<\/title>\n<meta name=\"robots\" content=\"index, follow, max-snippet:-1, max-image-preview:large, max-video-preview:-1\" \/>\n<link rel=\"canonical\" href=\"https:\/\/www.gianbattista.it\/cms\/motivo-cui-mondo-sempre-nel-caos\/\" \/>\n<meta property=\"og:locale\" content=\"it_IT\" \/>\n<meta property=\"og:type\" content=\"article\" \/>\n<meta property=\"og:title\" content=\"Il motivo per cui il mondo \u00e8 sempre stato nel caos. - Gian Battista Gualdi\" \/>\n<meta property=\"og:description\" content=\"Sento la forte necessit\u00e0 di sperimentare con voi questo piccolo pensiero che ha raggiunto il mio cuore con immenso ardore. Ho sempre ritenuto che la DIGNIT\u00c0 la dobbiamo e la voglio dare alle persone che incontro nella vita. Voglio mettere tutte le persone nella condizione di nobilt\u00e0. Le persone sono state create per essere amate, [&hellip;]\" \/>\n<meta property=\"og:url\" content=\"https:\/\/www.gianbattista.it\/cms\/motivo-cui-mondo-sempre-nel-caos\/\" \/>\n<meta property=\"og:site_name\" content=\"Gian Battista Gualdi\" \/>\n<meta property=\"article:publisher\" content=\"https:\/\/www.facebook.com\/gianbattistagualdi\" \/>\n<meta property=\"article:author\" content=\"https:\/\/www.facebook.com\/gianbattistagualdi\" \/>\n<meta property=\"article:published_time\" content=\"2016-07-01T18:23:53+00:00\" \/>\n<meta property=\"article:modified_time\" content=\"2016-08-19T06:21:50+00:00\" \/>\n<meta property=\"og:image\" content=\"https:\/\/www.gianbattista.it\/cms\/wp-content\/uploads\/2016\/07\/Mani.png\" \/>\n\t<meta property=\"og:image:width\" content=\"538\" \/>\n\t<meta property=\"og:image:height\" content=\"218\" \/>\n\t<meta property=\"og:image:type\" content=\"image\/png\" \/>\n<meta name=\"author\" content=\"adminsito\" \/>\n<meta name=\"twitter:label1\" content=\"Scritto da\" \/>\n\t<meta name=\"twitter:data1\" content=\"adminsito\" \/>\n\t<meta name=\"twitter:label2\" content=\"Tempo di lettura stimato\" \/>\n\t<meta name=\"twitter:data2\" content=\"1 minuto\" \/>\n<script type=\"application\/ld+json\" class=\"yoast-schema-graph\">{\"@context\":\"https:\/\/schema.org\",\"@graph\":[{\"@type\":\"Article\",\"@id\":\"https:\/\/www.gianbattista.it\/cms\/motivo-cui-mondo-sempre-nel-caos\/#article\",\"isPartOf\":{\"@id\":\"https:\/\/www.gianbattista.it\/cms\/motivo-cui-mondo-sempre-nel-caos\/\"},\"author\":{\"name\":\"adminsito\",\"@id\":\"https:\/\/www.gianbattista.it\/cms\/#\/schema\/person\/1058c2e181b77adf83fbd7af6dfdda01\"},\"headline\":\"Il motivo per cui il mondo \u00e8 sempre stato nel caos.\",\"datePublished\":\"2016-07-01T18:23:53+00:00\",\"dateModified\":\"2016-08-19T06:21:50+00:00\",\"mainEntityOfPage\":{\"@id\":\"https:\/\/www.gianbattista.it\/cms\/motivo-cui-mondo-sempre-nel-caos\/\"},\"wordCount\":153,\"publisher\":{\"@id\":\"https:\/\/www.gianbattista.it\/cms\/#organization\"},\"image\":{\"@id\":\"https:\/\/www.gianbattista.it\/cms\/motivo-cui-mondo-sempre-nel-caos\/#primaryimage\"},\"thumbnailUrl\":\"https:\/\/www.gianbattista.it\/cms\/wp-content\/uploads\/2016\/07\/Mani.png\",\"articleSection\":[\"comunicAzione\"],\"inLanguage\":\"it-IT\"},{\"@type\":\"WebPage\",\"@id\":\"https:\/\/www.gianbattista.it\/cms\/motivo-cui-mondo-sempre-nel-caos\/\",\"url\":\"https:\/\/www.gianbattista.it\/cms\/motivo-cui-mondo-sempre-nel-caos\/\",\"name\":\"Il motivo per cui il mondo \u00e8 sempre stato nel caos. - Gian Battista Gualdi\",\"isPartOf\":{\"@id\":\"https:\/\/www.gianbattista.it\/cms\/#website\"},\"primaryImageOfPage\":{\"@id\":\"https:\/\/www.gianbattista.it\/cms\/motivo-cui-mondo-sempre-nel-caos\/#primaryimage\"},\"image\":{\"@id\":\"https:\/\/www.gianbattista.it\/cms\/motivo-cui-mondo-sempre-nel-caos\/#primaryimage\"},\"thumbnailUrl\":\"https:\/\/www.gianbattista.it\/cms\/wp-content\/uploads\/2016\/07\/Mani.png\",\"datePublished\":\"2016-07-01T18:23:53+00:00\",\"dateModified\":\"2016-08-19T06:21:50+00:00\",\"breadcrumb\":{\"@id\":\"https:\/\/www.gianbattista.it\/cms\/motivo-cui-mondo-sempre-nel-caos\/#breadcrumb\"},\"inLanguage\":\"it-IT\",\"potentialAction\":[{\"@type\":\"ReadAction\",\"target\":[\"https:\/\/www.gianbattista.it\/cms\/motivo-cui-mondo-sempre-nel-caos\/\"]}]},{\"@type\":\"ImageObject\",\"inLanguage\":\"it-IT\",\"@id\":\"https:\/\/www.gianbattista.it\/cms\/motivo-cui-mondo-sempre-nel-caos\/#primaryimage\",\"url\":\"https:\/\/www.gianbattista.it\/cms\/wp-content\/uploads\/2016\/07\/Mani.png\",\"contentUrl\":\"https:\/\/www.gianbattista.it\/cms\/wp-content\/uploads\/2016\/07\/Mani.png\",\"width\":538,\"height\":218},{\"@type\":\"BreadcrumbList\",\"@id\":\"https:\/\/www.gianbattista.it\/cms\/motivo-cui-mondo-sempre-nel-caos\/#breadcrumb\",\"itemListElement\":[{\"@type\":\"ListItem\",\"position\":1,\"name\":\"Home\",\"item\":\"https:\/\/www.gianbattista.it\/cms\/\"},{\"@type\":\"ListItem\",\"position\":2,\"name\":\"Il motivo per cui il mondo \u00e8 sempre stato nel caos.\"}]},{\"@type\":\"WebSite\",\"@id\":\"https:\/\/www.gianbattista.it\/cms\/#website\",\"url\":\"https:\/\/www.gianbattista.it\/cms\/\",\"name\":\"Gian Battista Gualdi\",\"description\":\"chiediti sempre il meglio\",\"publisher\":{\"@id\":\"https:\/\/www.gianbattista.it\/cms\/#organization\"},\"potentialAction\":[{\"@type\":\"SearchAction\",\"target\":{\"@type\":\"EntryPoint\",\"urlTemplate\":\"https:\/\/www.gianbattista.it\/cms\/?s={search_term_string}\"},\"query-input\":{\"@type\":\"PropertyValueSpecification\",\"valueRequired\":true,\"valueName\":\"search_term_string\"}}],\"inLanguage\":\"it-IT\"},{\"@type\":\"Organization\",\"@id\":\"https:\/\/www.gianbattista.it\/cms\/#organization\",\"name\":\"Gian Battista Gualdi\",\"url\":\"https:\/\/www.gianbattista.it\/cms\/\",\"logo\":{\"@type\":\"ImageObject\",\"inLanguage\":\"it-IT\",\"@id\":\"https:\/\/www.gianbattista.it\/cms\/#\/schema\/logo\/image\/\",\"url\":\"https:\/\/www.gianbattista.it\/cms\/wp-content\/uploads\/2016\/07\/GBG150.png\",\"contentUrl\":\"https:\/\/www.gianbattista.it\/cms\/wp-content\/uploads\/2016\/07\/GBG150.png\",\"width\":105,\"height\":70,\"caption\":\"Gian Battista Gualdi\"},\"image\":{\"@id\":\"https:\/\/www.gianbattista.it\/cms\/#\/schema\/logo\/image\/\"},\"sameAs\":[\"https:\/\/www.facebook.com\/gianbattistagualdi\",\"https:\/\/x.com\/gualdigb\",\"https:\/\/www.linkedin.com\/in\/gian-battista-gualdi-08781941?authType=NAME_SEARCH&amp;amp;amp;authToken=gMGk&amp;amp;amp;locale=it_IT&amp;amp;amp;trk=tyah&amp;amp;amp;trkInfo=clickedVertical:mynetwork,clickedEntityId:148340263,authType:NAME_SEARCH,idx:1-1-1,tarId:1467301191561,tas:gian battista\",\"https:\/\/www.youtube.com\/channel\/UC-02_zSXunzSWcH89_GVN_w\"]},{\"@type\":\"Person\",\"@id\":\"https:\/\/www.gianbattista.it\/cms\/#\/schema\/person\/1058c2e181b77adf83fbd7af6dfdda01\",\"name\":\"adminsito\",\"image\":{\"@type\":\"ImageObject\",\"inLanguage\":\"it-IT\",\"@id\":\"https:\/\/www.gianbattista.it\/cms\/#\/schema\/person\/image\/\",\"url\":\"https:\/\/secure.gravatar.com\/avatar\/66532d5a7693aa019d73b60d47ff5d5f?s=96&d=identicon&r=g\",\"contentUrl\":\"https:\/\/secure.gravatar.com\/avatar\/66532d5a7693aa019d73b60d47ff5d5f?s=96&d=identicon&r=g\",\"caption\":\"adminsito\"},\"sameAs\":[\"https:\/\/www.gianbattista.it\",\"https:\/\/www.facebook.com\/gianbattistagualdi\"],\"url\":\"https:\/\/www.gianbattista.it\/cms\/author\/admin\/\"}]}<\/script>\n<!-- \/ Yoast SEO plugin. -->","yoast_head_json":{"title":"Il motivo per cui il mondo \u00e8 sempre stato nel caos. - Gian Battista Gualdi","robots":{"index":"index","follow":"follow","max-snippet":"max-snippet:-1","max-image-preview":"max-image-preview:large","max-video-preview":"max-video-preview:-1"},"canonical":"https:\/\/www.gianbattista.it\/cms\/motivo-cui-mondo-sempre-nel-caos\/","og_locale":"it_IT","og_type":"article","og_title":"Il motivo per cui il mondo \u00e8 sempre stato nel caos. - Gian Battista Gualdi","og_description":"Sento la forte necessit\u00e0 di sperimentare con voi questo piccolo pensiero che ha raggiunto il mio cuore con immenso ardore. Ho sempre ritenuto che la DIGNIT\u00c0 la dobbiamo e la voglio dare alle persone che incontro nella vita. Voglio mettere tutte le persone nella condizione di nobilt\u00e0. Le persone sono state create per essere amate, [&hellip;]","og_url":"https:\/\/www.gianbattista.it\/cms\/motivo-cui-mondo-sempre-nel-caos\/","og_site_name":"Gian Battista Gualdi","article_publisher":"https:\/\/www.facebook.com\/gianbattistagualdi","article_author":"https:\/\/www.facebook.com\/gianbattistagualdi","article_published_time":"2016-07-01T18:23:53+00:00","article_modified_time":"2016-08-19T06:21:50+00:00","og_image":[{"width":538,"height":218,"url":"https:\/\/www.gianbattista.it\/cms\/wp-content\/uploads\/2016\/07\/Mani.png","type":"image\/png"}],"author":"adminsito","twitter_misc":{"Scritto da":"adminsito","Tempo di lettura stimato":"1 minuto"},"schema":{"@context":"https:\/\/schema.org","@graph":[{"@type":"Article","@id":"https:\/\/www.gianbattista.it\/cms\/motivo-cui-mondo-sempre-nel-caos\/#article","isPartOf":{"@id":"https:\/\/www.gianbattista.it\/cms\/motivo-cui-mondo-sempre-nel-caos\/"},"author":{"name":"adminsito","@id":"https:\/\/www.gianbattista.it\/cms\/#\/schema\/person\/1058c2e181b77adf83fbd7af6dfdda01"},"headline":"Il motivo per cui il mondo \u00e8 sempre stato nel caos.","datePublished":"2016-07-01T18:23:53+00:00","dateModified":"2016-08-19T06:21:50+00:00","mainEntityOfPage":{"@id":"https:\/\/www.gianbattista.it\/cms\/motivo-cui-mondo-sempre-nel-caos\/"},"wordCount":153,"publisher":{"@id":"https:\/\/www.gianbattista.it\/cms\/#organization"},"image":{"@id":"https:\/\/www.gianbattista.it\/cms\/motivo-cui-mondo-sempre-nel-caos\/#primaryimage"},"thumbnailUrl":"https:\/\/www.gianbattista.it\/cms\/wp-content\/uploads\/2016\/07\/Mani.png","articleSection":["comunicAzione"],"inLanguage":"it-IT"},{"@type":"WebPage","@id":"https:\/\/www.gianbattista.it\/cms\/motivo-cui-mondo-sempre-nel-caos\/","url":"https:\/\/www.gianbattista.it\/cms\/motivo-cui-mondo-sempre-nel-caos\/","name":"Il motivo per cui il mondo \u00e8 sempre stato nel caos. - Gian Battista Gualdi","isPartOf":{"@id":"https:\/\/www.gianbattista.it\/cms\/#website"},"primaryImageOfPage":{"@id":"https:\/\/www.gianbattista.it\/cms\/motivo-cui-mondo-sempre-nel-caos\/#primaryimage"},"image":{"@id":"https:\/\/www.gianbattista.it\/cms\/motivo-cui-mondo-sempre-nel-caos\/#primaryimage"},"thumbnailUrl":"https:\/\/www.gianbattista.it\/cms\/wp-content\/uploads\/2016\/07\/Mani.png","datePublished":"2016-07-01T18:23:53+00:00","dateModified":"2016-08-19T06:21:50+00:00","breadcrumb":{"@id":"https:\/\/www.gianbattista.it\/cms\/motivo-cui-mondo-sempre-nel-caos\/#breadcrumb"},"inLanguage":"it-IT","potentialAction":[{"@type":"ReadAction","target":["https:\/\/www.gianbattista.it\/cms\/motivo-cui-mondo-sempre-nel-caos\/"]}]},{"@type":"ImageObject","inLanguage":"it-IT","@id":"https:\/\/www.gianbattista.it\/cms\/motivo-cui-mondo-sempre-nel-caos\/#primaryimage","url":"https:\/\/www.gianbattista.it\/cms\/wp-content\/uploads\/2016\/07\/Mani.png","contentUrl":"https:\/\/www.gianbattista.it\/cms\/wp-content\/uploads\/2016\/07\/Mani.png","width":538,"height":218},{"@type":"BreadcrumbList","@id":"https:\/\/www.gianbattista.it\/cms\/motivo-cui-mondo-sempre-nel-caos\/#breadcrumb","itemListElement":[{"@type":"ListItem","position":1,"name":"Home","item":"https:\/\/www.gianbattista.it\/cms\/"},{"@type":"ListItem","position":2,"name":"Il motivo per cui il mondo \u00e8 sempre stato nel caos."}]},{"@type":"WebSite","@id":"https:\/\/www.gianbattista.it\/cms\/#website","url":"https:\/\/www.gianbattista.it\/cms\/","name":"Gian Battista Gualdi","description":"chiediti sempre il meglio","publisher":{"@id":"https:\/\/www.gianbattista.it\/cms\/#organization"},"potentialAction":[{"@type":"SearchAction","target":{"@type":"EntryPoint","urlTemplate":"https:\/\/www.gianbattista.it\/cms\/?s={search_term_string}"},"query-input":{"@type":"PropertyValueSpecification","valueRequired":true,"valueName":"search_term_string"}}],"inLanguage":"it-IT"},{"@type":"Organization","@id":"https:\/\/www.gianbattista.it\/cms\/#organization","name":"Gian Battista Gualdi","url":"https:\/\/www.gianbattista.it\/cms\/","logo":{"@type":"ImageObject","inLanguage":"it-IT","@id":"https:\/\/www.gianbattista.it\/cms\/#\/schema\/logo\/image\/","url":"https:\/\/www.gianbattista.it\/cms\/wp-content\/uploads\/2016\/07\/GBG150.png","contentUrl":"https:\/\/www.gianbattista.it\/cms\/wp-content\/uploads\/2016\/07\/GBG150.png","width":105,"height":70,"caption":"Gian Battista Gualdi"},"image":{"@id":"https:\/\/www.gianbattista.it\/cms\/#\/schema\/logo\/image\/"},"sameAs":["https:\/\/www.facebook.com\/gianbattistagualdi","https:\/\/x.com\/gualdigb","https:\/\/www.linkedin.com\/in\/gian-battista-gualdi-08781941?authType=NAME_SEARCH&amp;amp;amp;authToken=gMGk&amp;amp;amp;locale=it_IT&amp;amp;amp;trk=tyah&amp;amp;amp;trkInfo=clickedVertical:mynetwork,clickedEntityId:148340263,authType:NAME_SEARCH,idx:1-1-1,tarId:1467301191561,tas:gian battista","https:\/\/www.youtube.com\/channel\/UC-02_zSXunzSWcH89_GVN_w"]},{"@type":"Person","@id":"https:\/\/www.gianbattista.it\/cms\/#\/schema\/person\/1058c2e181b77adf83fbd7af6dfdda01","name":"adminsito","image":{"@type":"ImageObject","inLanguage":"it-IT","@id":"https:\/\/www.gianbattista.it\/cms\/#\/schema\/person\/image\/","url":"https:\/\/secure.gravatar.com\/avatar\/66532d5a7693aa019d73b60d47ff5d5f?s=96&d=identicon&r=g","contentUrl":"https:\/\/secure.gravatar.com\/avatar\/66532d5a7693aa019d73b60d47ff5d5f?s=96&d=identicon&r=g","caption":"adminsito"},"sameAs":["https:\/\/www.gianbattista.it","https:\/\/www.facebook.com\/gianbattistagualdi"],"url":"https:\/\/www.gianbattista.it\/cms\/author\/admin\/"}]}},"_links":{"self":[{"href":"https:\/\/www.gianbattista.it\/cms\/wp-json\/wp\/v2\/posts\/2097"}],"collection":[{"href":"https:\/\/www.gianbattista.it\/cms\/wp-json\/wp\/v2\/posts"}],"about":[{"href":"https:\/\/www.gianbattista.it\/cms\/wp-json\/wp\/v2\/types\/post"}],"author":[{"embeddable":true,"href":"https:\/\/www.gianbattista.it\/cms\/wp-json\/wp\/v2\/users\/2"}],"replies":[{"embeddable":true,"href":"https:\/\/www.gianbattista.it\/cms\/wp-json\/wp\/v2\/comments?post=2097"}],"version-history":[{"count":0,"href":"https:\/\/www.gianbattista.it\/cms\/wp-json\/wp\/v2\/posts\/2097\/revisions"}],"wp:featuredmedia":[{"embeddable":true,"href":"https:\/\/www.gianbattista.it\/cms\/wp-json\/wp\/v2\/media\/2098"}],"wp:attachment":[{"href":"https:\/\/www.gianbattista.it\/cms\/wp-json\/wp\/v2\/media?parent=2097"}],"wp:term":[{"taxonomy":"category","embeddable":true,"href":"https:\/\/www.gianbattista.it\/cms\/wp-json\/wp\/v2\/categories?post=2097"},{"taxonomy":"post_tag","embeddable":true,"href":"https:\/\/www.gianbattista.it\/cms\/wp-json\/wp\/v2\/tags?post=2097"}],"curies":[{"name":"wp","href":"https:\/\/api.w.org\/{rel}","templated":true}]}}