{"id":2155,"date":"2016-08-29T08:29:08","date_gmt":"2016-08-29T08:29:08","guid":{"rendered":"https:\/\/www.gianbattista.it\/cms\/?p=2155"},"modified":"2016-08-24T07:41:15","modified_gmt":"2016-08-24T07:41:15","slug":"vento-sole-esopo","status":"publish","type":"post","link":"https:\/\/www.gianbattista.it\/cms\/vento-sole-esopo\/","title":{"rendered":"Il vento e il sole &#8211; Esopo"},"content":{"rendered":"<p class=\"title14\" align=\"justify\">Un giorno il vento e il sole cominciarono a litigare.<br \/>\nIl vento sosteneva di essere il pi\u00f9 forte e a sua volta il sole diceva di essere la forza pi\u00f9 grande della terra.<br \/>\nAlla fine decisero di fare una prova.<br \/>\nVidero un viandante che stava camminando lungo un sentiero e decisero che il pi\u00f9 forte di loro sarebbe stato colui che sarebbe riuscito a togliergli i vestiti .<br \/>\nIl vento, cos\u00ec, si mise all&#8217;opera : cominci\u00f2 a soffiare ,e soffiare , ma il risultato fu che il viandante si avvolgeva sempre pi\u00f9 nel mantello.<br \/>\nIl vento allora soffi\u00f2 con pi\u00f9 forza , e l&#8217;uomo chinando la testa si avvolse un sciarpa intorno al collo.<br \/>\nFu quindi la volta del sole, che cacciando via le nubi, cominci\u00f2 a splendere tiepidamente.<br \/>\nL&#8217;uomo che era arrivato nelle prossimit\u00e0 di un ponte , cominci\u00f2 pian piano a togliersi il mantello.<br \/>\nIl sole molto soddisfatto intensific\u00f2 il calore dei suoi raggi , fino a farli diventare incandescenti.<br \/>\nL&#8217;uomo rosso per il gran caldo, guard\u00f2 le acque del fiume e senza esitare si tuff\u00f2 .<br \/>\nIl sole alto nel cielo rideva e rideva!!<br \/>\nIl vento deluso e vinto si nascose in un luogo lontano.<\/p>\n<p align=\"justify\"><strong>favola Esopo<\/strong><\/p>\n","protected":false},"excerpt":{"rendered":"<p>Un giorno il vento e il sole cominciarono a litigare. Il vento sosteneva di essere il pi\u00f9 forte e a sua volta il sole diceva di essere la forza pi\u00f9 grande della terra. Alla fine decisero di fare una prova. Videro un viandante che stava camminando lungo un sentiero e decisero che il pi\u00f9 forte [&hellip;]<\/p>\n","protected":false},"author":2,"featured_media":2156,"comment_status":"closed","ping_status":"open","sticky":false,"template":"","format":"standard","meta":{"_et_pb_use_builder":"","_et_pb_old_content":"","_et_gb_content_width":"","footnotes":""},"categories":[1,5],"tags":[],"yoast_head":"<!-- This site is optimized with the Yoast SEO plugin v23.4 - https:\/\/yoast.com\/wordpress\/plugins\/seo\/ -->\n<title>Il vento e il sole - Esopo - Gian Battista Gualdi<\/title>\n<meta name=\"robots\" content=\"index, follow, max-snippet:-1, max-image-preview:large, max-video-preview:-1\" \/>\n<link rel=\"canonical\" href=\"https:\/\/www.gianbattista.it\/cms\/vento-sole-esopo\/\" \/>\n<meta property=\"og:locale\" content=\"it_IT\" \/>\n<meta property=\"og:type\" content=\"article\" \/>\n<meta property=\"og:title\" content=\"Il vento e il sole - Esopo - Gian Battista Gualdi\" \/>\n<meta property=\"og:description\" content=\"Un giorno il vento e il sole cominciarono a litigare. Il vento sosteneva di essere il pi\u00f9 forte e a sua volta il sole diceva di essere la forza pi\u00f9 grande della terra. Alla fine decisero di fare una prova. Videro un viandante che stava camminando lungo un sentiero e decisero che il pi\u00f9 forte [&hellip;]\" \/>\n<meta property=\"og:url\" content=\"https:\/\/www.gianbattista.it\/cms\/vento-sole-esopo\/\" \/>\n<meta property=\"og:site_name\" content=\"Gian Battista Gualdi\" \/>\n<meta property=\"article:publisher\" content=\"https:\/\/www.facebook.com\/gianbattistagualdi\" \/>\n<meta property=\"article:author\" content=\"https:\/\/www.facebook.com\/gianbattistagualdi\" \/>\n<meta property=\"article:published_time\" content=\"2016-08-29T08:29:08+00:00\" \/>\n<meta property=\"article:modified_time\" content=\"2016-08-24T07:41:15+00:00\" \/>\n<meta property=\"og:image\" content=\"https:\/\/www.gianbattista.it\/cms\/wp-content\/uploads\/2016\/08\/vento-e-sole.png\" \/>\n\t<meta property=\"og:image:width\" content=\"538\" \/>\n\t<meta property=\"og:image:height\" content=\"218\" \/>\n\t<meta property=\"og:image:type\" content=\"image\/png\" \/>\n<meta name=\"author\" content=\"adminsito\" \/>\n<meta name=\"twitter:label1\" content=\"Scritto da\" \/>\n\t<meta name=\"twitter:data1\" content=\"adminsito\" \/>\n\t<meta name=\"twitter:label2\" content=\"Tempo di lettura stimato\" \/>\n\t<meta name=\"twitter:data2\" content=\"1 minuto\" \/>\n<script type=\"application\/ld+json\" class=\"yoast-schema-graph\">{\"@context\":\"https:\/\/schema.org\",\"@graph\":[{\"@type\":\"Article\",\"@id\":\"https:\/\/www.gianbattista.it\/cms\/vento-sole-esopo\/#article\",\"isPartOf\":{\"@id\":\"https:\/\/www.gianbattista.it\/cms\/vento-sole-esopo\/\"},\"author\":{\"name\":\"adminsito\",\"@id\":\"https:\/\/www.gianbattista.it\/cms\/#\/schema\/person\/1058c2e181b77adf83fbd7af6dfdda01\"},\"headline\":\"Il vento e il sole &#8211; Esopo\",\"datePublished\":\"2016-08-29T08:29:08+00:00\",\"dateModified\":\"2016-08-24T07:41:15+00:00\",\"mainEntityOfPage\":{\"@id\":\"https:\/\/www.gianbattista.it\/cms\/vento-sole-esopo\/\"},\"wordCount\":204,\"publisher\":{\"@id\":\"https:\/\/www.gianbattista.it\/cms\/#organization\"},\"image\":{\"@id\":\"https:\/\/www.gianbattista.it\/cms\/vento-sole-esopo\/#primaryimage\"},\"thumbnailUrl\":\"https:\/\/www.gianbattista.it\/cms\/wp-content\/uploads\/2016\/08\/vento-e-sole.png\",\"articleSection\":[\"comunicAzione\",\"progettAzione\"],\"inLanguage\":\"it-IT\"},{\"@type\":\"WebPage\",\"@id\":\"https:\/\/www.gianbattista.it\/cms\/vento-sole-esopo\/\",\"url\":\"https:\/\/www.gianbattista.it\/cms\/vento-sole-esopo\/\",\"name\":\"Il vento e il sole - Esopo - Gian Battista Gualdi\",\"isPartOf\":{\"@id\":\"https:\/\/www.gianbattista.it\/cms\/#website\"},\"primaryImageOfPage\":{\"@id\":\"https:\/\/www.gianbattista.it\/cms\/vento-sole-esopo\/#primaryimage\"},\"image\":{\"@id\":\"https:\/\/www.gianbattista.it\/cms\/vento-sole-esopo\/#primaryimage\"},\"thumbnailUrl\":\"https:\/\/www.gianbattista.it\/cms\/wp-content\/uploads\/2016\/08\/vento-e-sole.png\",\"datePublished\":\"2016-08-29T08:29:08+00:00\",\"dateModified\":\"2016-08-24T07:41:15+00:00\",\"breadcrumb\":{\"@id\":\"https:\/\/www.gianbattista.it\/cms\/vento-sole-esopo\/#breadcrumb\"},\"inLanguage\":\"it-IT\",\"potentialAction\":[{\"@type\":\"ReadAction\",\"target\":[\"https:\/\/www.gianbattista.it\/cms\/vento-sole-esopo\/\"]}]},{\"@type\":\"ImageObject\",\"inLanguage\":\"it-IT\",\"@id\":\"https:\/\/www.gianbattista.it\/cms\/vento-sole-esopo\/#primaryimage\",\"url\":\"https:\/\/www.gianbattista.it\/cms\/wp-content\/uploads\/2016\/08\/vento-e-sole.png\",\"contentUrl\":\"https:\/\/www.gianbattista.it\/cms\/wp-content\/uploads\/2016\/08\/vento-e-sole.png\",\"width\":538,\"height\":218},{\"@type\":\"BreadcrumbList\",\"@id\":\"https:\/\/www.gianbattista.it\/cms\/vento-sole-esopo\/#breadcrumb\",\"itemListElement\":[{\"@type\":\"ListItem\",\"position\":1,\"name\":\"Home\",\"item\":\"https:\/\/www.gianbattista.it\/cms\/\"},{\"@type\":\"ListItem\",\"position\":2,\"name\":\"Il vento e il sole &#8211; Esopo\"}]},{\"@type\":\"WebSite\",\"@id\":\"https:\/\/www.gianbattista.it\/cms\/#website\",\"url\":\"https:\/\/www.gianbattista.it\/cms\/\",\"name\":\"Gian Battista Gualdi\",\"description\":\"chiediti sempre il meglio\",\"publisher\":{\"@id\":\"https:\/\/www.gianbattista.it\/cms\/#organization\"},\"potentialAction\":[{\"@type\":\"SearchAction\",\"target\":{\"@type\":\"EntryPoint\",\"urlTemplate\":\"https:\/\/www.gianbattista.it\/cms\/?s={search_term_string}\"},\"query-input\":{\"@type\":\"PropertyValueSpecification\",\"valueRequired\":true,\"valueName\":\"search_term_string\"}}],\"inLanguage\":\"it-IT\"},{\"@type\":\"Organization\",\"@id\":\"https:\/\/www.gianbattista.it\/cms\/#organization\",\"name\":\"Gian Battista Gualdi\",\"url\":\"https:\/\/www.gianbattista.it\/cms\/\",\"logo\":{\"@type\":\"ImageObject\",\"inLanguage\":\"it-IT\",\"@id\":\"https:\/\/www.gianbattista.it\/cms\/#\/schema\/logo\/image\/\",\"url\":\"https:\/\/www.gianbattista.it\/cms\/wp-content\/uploads\/2016\/07\/GBG150.png\",\"contentUrl\":\"https:\/\/www.gianbattista.it\/cms\/wp-content\/uploads\/2016\/07\/GBG150.png\",\"width\":105,\"height\":70,\"caption\":\"Gian Battista Gualdi\"},\"image\":{\"@id\":\"https:\/\/www.gianbattista.it\/cms\/#\/schema\/logo\/image\/\"},\"sameAs\":[\"https:\/\/www.facebook.com\/gianbattistagualdi\",\"https:\/\/x.com\/gualdigb\",\"https:\/\/www.linkedin.com\/in\/gian-battista-gualdi-08781941?authType=NAME_SEARCH&amp;amp;amp;authToken=gMGk&amp;amp;amp;locale=it_IT&amp;amp;amp;trk=tyah&amp;amp;amp;trkInfo=clickedVertical:mynetwork,clickedEntityId:148340263,authType:NAME_SEARCH,idx:1-1-1,tarId:1467301191561,tas:gian battista\",\"https:\/\/www.youtube.com\/channel\/UC-02_zSXunzSWcH89_GVN_w\"]},{\"@type\":\"Person\",\"@id\":\"https:\/\/www.gianbattista.it\/cms\/#\/schema\/person\/1058c2e181b77adf83fbd7af6dfdda01\",\"name\":\"adminsito\",\"image\":{\"@type\":\"ImageObject\",\"inLanguage\":\"it-IT\",\"@id\":\"https:\/\/www.gianbattista.it\/cms\/#\/schema\/person\/image\/\",\"url\":\"https:\/\/secure.gravatar.com\/avatar\/66532d5a7693aa019d73b60d47ff5d5f?s=96&d=identicon&r=g\",\"contentUrl\":\"https:\/\/secure.gravatar.com\/avatar\/66532d5a7693aa019d73b60d47ff5d5f?s=96&d=identicon&r=g\",\"caption\":\"adminsito\"},\"sameAs\":[\"https:\/\/www.gianbattista.it\",\"https:\/\/www.facebook.com\/gianbattistagualdi\"],\"url\":\"https:\/\/www.gianbattista.it\/cms\/author\/admin\/\"}]}<\/script>\n<!-- \/ Yoast SEO plugin. -->","yoast_head_json":{"title":"Il vento e il sole - Esopo - Gian Battista Gualdi","robots":{"index":"index","follow":"follow","max-snippet":"max-snippet:-1","max-image-preview":"max-image-preview:large","max-video-preview":"max-video-preview:-1"},"canonical":"https:\/\/www.gianbattista.it\/cms\/vento-sole-esopo\/","og_locale":"it_IT","og_type":"article","og_title":"Il vento e il sole - Esopo - Gian Battista Gualdi","og_description":"Un giorno il vento e il sole cominciarono a litigare. Il vento sosteneva di essere il pi\u00f9 forte e a sua volta il sole diceva di essere la forza pi\u00f9 grande della terra. Alla fine decisero di fare una prova. Videro un viandante che stava camminando lungo un sentiero e decisero che il pi\u00f9 forte [&hellip;]","og_url":"https:\/\/www.gianbattista.it\/cms\/vento-sole-esopo\/","og_site_name":"Gian Battista Gualdi","article_publisher":"https:\/\/www.facebook.com\/gianbattistagualdi","article_author":"https:\/\/www.facebook.com\/gianbattistagualdi","article_published_time":"2016-08-29T08:29:08+00:00","article_modified_time":"2016-08-24T07:41:15+00:00","og_image":[{"width":538,"height":218,"url":"https:\/\/www.gianbattista.it\/cms\/wp-content\/uploads\/2016\/08\/vento-e-sole.png","type":"image\/png"}],"author":"adminsito","twitter_misc":{"Scritto da":"adminsito","Tempo di lettura stimato":"1 minuto"},"schema":{"@context":"https:\/\/schema.org","@graph":[{"@type":"Article","@id":"https:\/\/www.gianbattista.it\/cms\/vento-sole-esopo\/#article","isPartOf":{"@id":"https:\/\/www.gianbattista.it\/cms\/vento-sole-esopo\/"},"author":{"name":"adminsito","@id":"https:\/\/www.gianbattista.it\/cms\/#\/schema\/person\/1058c2e181b77adf83fbd7af6dfdda01"},"headline":"Il vento e il sole &#8211; Esopo","datePublished":"2016-08-29T08:29:08+00:00","dateModified":"2016-08-24T07:41:15+00:00","mainEntityOfPage":{"@id":"https:\/\/www.gianbattista.it\/cms\/vento-sole-esopo\/"},"wordCount":204,"publisher":{"@id":"https:\/\/www.gianbattista.it\/cms\/#organization"},"image":{"@id":"https:\/\/www.gianbattista.it\/cms\/vento-sole-esopo\/#primaryimage"},"thumbnailUrl":"https:\/\/www.gianbattista.it\/cms\/wp-content\/uploads\/2016\/08\/vento-e-sole.png","articleSection":["comunicAzione","progettAzione"],"inLanguage":"it-IT"},{"@type":"WebPage","@id":"https:\/\/www.gianbattista.it\/cms\/vento-sole-esopo\/","url":"https:\/\/www.gianbattista.it\/cms\/vento-sole-esopo\/","name":"Il vento e il sole - Esopo - Gian Battista Gualdi","isPartOf":{"@id":"https:\/\/www.gianbattista.it\/cms\/#website"},"primaryImageOfPage":{"@id":"https:\/\/www.gianbattista.it\/cms\/vento-sole-esopo\/#primaryimage"},"image":{"@id":"https:\/\/www.gianbattista.it\/cms\/vento-sole-esopo\/#primaryimage"},"thumbnailUrl":"https:\/\/www.gianbattista.it\/cms\/wp-content\/uploads\/2016\/08\/vento-e-sole.png","datePublished":"2016-08-29T08:29:08+00:00","dateModified":"2016-08-24T07:41:15+00:00","breadcrumb":{"@id":"https:\/\/www.gianbattista.it\/cms\/vento-sole-esopo\/#breadcrumb"},"inLanguage":"it-IT","potentialAction":[{"@type":"ReadAction","target":["https:\/\/www.gianbattista.it\/cms\/vento-sole-esopo\/"]}]},{"@type":"ImageObject","inLanguage":"it-IT","@id":"https:\/\/www.gianbattista.it\/cms\/vento-sole-esopo\/#primaryimage","url":"https:\/\/www.gianbattista.it\/cms\/wp-content\/uploads\/2016\/08\/vento-e-sole.png","contentUrl":"https:\/\/www.gianbattista.it\/cms\/wp-content\/uploads\/2016\/08\/vento-e-sole.png","width":538,"height":218},{"@type":"BreadcrumbList","@id":"https:\/\/www.gianbattista.it\/cms\/vento-sole-esopo\/#breadcrumb","itemListElement":[{"@type":"ListItem","position":1,"name":"Home","item":"https:\/\/www.gianbattista.it\/cms\/"},{"@type":"ListItem","position":2,"name":"Il vento e il sole &#8211; Esopo"}]},{"@type":"WebSite","@id":"https:\/\/www.gianbattista.it\/cms\/#website","url":"https:\/\/www.gianbattista.it\/cms\/","name":"Gian Battista Gualdi","description":"chiediti sempre il meglio","publisher":{"@id":"https:\/\/www.gianbattista.it\/cms\/#organization"},"potentialAction":[{"@type":"SearchAction","target":{"@type":"EntryPoint","urlTemplate":"https:\/\/www.gianbattista.it\/cms\/?s={search_term_string}"},"query-input":{"@type":"PropertyValueSpecification","valueRequired":true,"valueName":"search_term_string"}}],"inLanguage":"it-IT"},{"@type":"Organization","@id":"https:\/\/www.gianbattista.it\/cms\/#organization","name":"Gian Battista Gualdi","url":"https:\/\/www.gianbattista.it\/cms\/","logo":{"@type":"ImageObject","inLanguage":"it-IT","@id":"https:\/\/www.gianbattista.it\/cms\/#\/schema\/logo\/image\/","url":"https:\/\/www.gianbattista.it\/cms\/wp-content\/uploads\/2016\/07\/GBG150.png","contentUrl":"https:\/\/www.gianbattista.it\/cms\/wp-content\/uploads\/2016\/07\/GBG150.png","width":105,"height":70,"caption":"Gian Battista Gualdi"},"image":{"@id":"https:\/\/www.gianbattista.it\/cms\/#\/schema\/logo\/image\/"},"sameAs":["https:\/\/www.facebook.com\/gianbattistagualdi","https:\/\/x.com\/gualdigb","https:\/\/www.linkedin.com\/in\/gian-battista-gualdi-08781941?authType=NAME_SEARCH&amp;amp;amp;authToken=gMGk&amp;amp;amp;locale=it_IT&amp;amp;amp;trk=tyah&amp;amp;amp;trkInfo=clickedVertical:mynetwork,clickedEntityId:148340263,authType:NAME_SEARCH,idx:1-1-1,tarId:1467301191561,tas:gian battista","https:\/\/www.youtube.com\/channel\/UC-02_zSXunzSWcH89_GVN_w"]},{"@type":"Person","@id":"https:\/\/www.gianbattista.it\/cms\/#\/schema\/person\/1058c2e181b77adf83fbd7af6dfdda01","name":"adminsito","image":{"@type":"ImageObject","inLanguage":"it-IT","@id":"https:\/\/www.gianbattista.it\/cms\/#\/schema\/person\/image\/","url":"https:\/\/secure.gravatar.com\/avatar\/66532d5a7693aa019d73b60d47ff5d5f?s=96&d=identicon&r=g","contentUrl":"https:\/\/secure.gravatar.com\/avatar\/66532d5a7693aa019d73b60d47ff5d5f?s=96&d=identicon&r=g","caption":"adminsito"},"sameAs":["https:\/\/www.gianbattista.it","https:\/\/www.facebook.com\/gianbattistagualdi"],"url":"https:\/\/www.gianbattista.it\/cms\/author\/admin\/"}]}},"_links":{"self":[{"href":"https:\/\/www.gianbattista.it\/cms\/wp-json\/wp\/v2\/posts\/2155"}],"collection":[{"href":"https:\/\/www.gianbattista.it\/cms\/wp-json\/wp\/v2\/posts"}],"about":[{"href":"https:\/\/www.gianbattista.it\/cms\/wp-json\/wp\/v2\/types\/post"}],"author":[{"embeddable":true,"href":"https:\/\/www.gianbattista.it\/cms\/wp-json\/wp\/v2\/users\/2"}],"replies":[{"embeddable":true,"href":"https:\/\/www.gianbattista.it\/cms\/wp-json\/wp\/v2\/comments?post=2155"}],"version-history":[{"count":0,"href":"https:\/\/www.gianbattista.it\/cms\/wp-json\/wp\/v2\/posts\/2155\/revisions"}],"wp:featuredmedia":[{"embeddable":true,"href":"https:\/\/www.gianbattista.it\/cms\/wp-json\/wp\/v2\/media\/2156"}],"wp:attachment":[{"href":"https:\/\/www.gianbattista.it\/cms\/wp-json\/wp\/v2\/media?parent=2155"}],"wp:term":[{"taxonomy":"category","embeddable":true,"href":"https:\/\/www.gianbattista.it\/cms\/wp-json\/wp\/v2\/categories?post=2155"},{"taxonomy":"post_tag","embeddable":true,"href":"https:\/\/www.gianbattista.it\/cms\/wp-json\/wp\/v2\/tags?post=2155"}],"curies":[{"name":"wp","href":"https:\/\/api.w.org\/{rel}","templated":true}]}}