{"id":2215,"date":"2016-09-16T09:54:33","date_gmt":"2016-09-16T09:54:33","guid":{"rendered":"https:\/\/www.gianbattista.it\/cms\/?p=2215"},"modified":"2020-10-26T16:45:48","modified_gmt":"2020-10-26T15:45:48","slug":"il-valore-della-parola-promuovere","status":"publish","type":"post","link":"https:\/\/www.gianbattista.it\/cms\/il-valore-della-parola-promuovere\/","title":{"rendered":"ProMuovere. Il valore della parola promuovere"},"content":{"rendered":"<p>[et_pb_section fb_built=&#8221;1&#8243; admin_label=&#8221;section&#8221; _builder_version=&#8221;3.22&#8243;][et_pb_row admin_label=&#8221;row&#8221; _builder_version=&#8221;3.25&#8243; background_size=&#8221;initial&#8221; background_position=&#8221;top_left&#8221; background_repeat=&#8221;repeat&#8221;][et_pb_column type=&#8221;4_4&#8243; _builder_version=&#8221;3.25&#8243; custom_padding=&#8221;|||&#8221; custom_padding__hover=&#8221;|||&#8221;][et_pb_text admin_label=&#8221;Text&#8221; _builder_version=&#8221;3.27.4&#8243; background_size=&#8221;initial&#8221; background_position=&#8221;top_left&#8221; background_repeat=&#8221;repeat&#8221; custom_padding=&#8221;||2px|||&#8221;]<\/p>\n<h3>Promuovere ovvero muovere prima<\/h3>\n<p>Spesso mi diverto a dividere le parole. Devo questa mi caratteristica ai tempi dell&#8217;adolescenza e ancora oggi mi ricordo un comico (Giampiero Orselli) che stupiva con le filastrocche e nomi dai doppi sensi.<\/p>\n<p>Caramella mortadella mandarino mandolino tamarindo damigiana marachella mortadella mandarino bacinella.<\/p>\n<p>Oggi uso di frequente, per non dire sempre,\u00a0questa modalit\u00e0 e\u00a0valorizzo le parole che mi colpiscono; permetto anche alla nostra parte conscia di capire, o meglio pensare di capire, che cosa arriva dal e al nostro cervello. Per fare questo metto semplicemente in maiuscolo una parola della frase; come di solito faccio nella firma della mia e-mail personale: ComunicAzione ResponsAbile.<\/p>\n<h3>ProMuovere.<\/h3>\n<p>Da Ora, oggi, domani, fatelo anche voi e quando trovare qualche vocabolo o parola interessante\u00a0che in qualche modo vi cambia il vostro punto di vista, vi chiedo di farmi un favore! <a href=\"https:\/\/www.treccani.it\/vocabolario\/promuovere\/\">Mandatela anche a me<\/a>:<\/p>\n<p>Il significato di programmare e pianificare \u00e8 fondamentale per la gestione della nostra vita. Infatti chi programma e pianifica pu\u00f2 tranquillamente vedere il valore del proprio tempo anche retribuito al di sopra di ogni aspettativa. Promuovere ovvero MUOVERE PRIMA,\u00a0in realt\u00e0 lo \u00e8 ancora di pi\u00f9 perch\u00e9, in qualche modo le rappresenta entrambe.<\/p>\n<p>Pensate che un ora pu\u00f2 valere anche pi\u00f9 di mille euro quando \u00e8 ben proMossa, pianificata e preparata.<\/p>\n<p>Da oggi questa fantastica parola &#8220;proMuovere&#8221; entra a far parte del mio vocabolario.<\/p>\n<p>Hai una parola che ti piace e in qualche modo \u00e8 fonte di stimolo proprio per la sua composizione? Inviamela.<\/p>\n<p>[\/et_pb_text][\/et_pb_column][\/et_pb_row][\/et_pb_section]<\/p>\n","protected":false},"excerpt":{"rendered":"<p>Promuovere ovvero muovere prima Spesso mi diverto a dividere le parole. Devo questa mi caratteristica ai tempi dell&#8217;adolescenza e ancora oggi mi ricordo un comico (Giampiero Orselli) che stupiva con le filastrocche e nomi dai doppi sensi. Caramella mortadella mandarino mandolino tamarindo damigiana marachella mortadella mandarino bacinella. Oggi uso di frequente, per non dire sempre,\u00a0questa [&hellip;]<\/p>\n","protected":false},"author":2,"featured_media":2240,"comment_status":"closed","ping_status":"closed","sticky":false,"template":"","format":"standard","meta":{"_et_pb_use_builder":"on","_et_pb_old_content":"<h3>Promuovere ovvero muovere prima<\/h3>\r\nSpesso mi diverto a dividere le parole. Devo questa mi caratteristica ai tempi dell'adolescenza e ancora oggi mi ricordo un comico (Giampiero Orselli) che stupiva con le filastrocche e nomi dai doppi sensi.\r\n\r\nCaramella mortadella mandarino mandolino tamarindo damigiana marachella mortadella mandarino bacinella.\r\n\r\nOggi uso di frequente, per non dire sempre,\u00a0questa modalit\u00e0 e\u00a0valorizzo le parole che mi colpiscono; permetto anche alla nostra parte conscia di capire, o meglio pensare di capire, che cosa arriva dal e al nostro cervello. Per fare questo metto semplicemente in maiuscolo una parola della frase; come di solito faccio nella firma della mia e-mail personale: ComunicAzione ResponsAbile.\r\n<h3>ProMuovere.<\/h3>\r\nDa Ora, oggi, domani, fatelo anche voi e quando trovare qualche vocabolo o parola interessante\u00a0che in qualche modo vi cambia il vostro punto di vista, vi chiedo di farmi un favore! <a href=\"https:\/\/www.treccani.it\/vocabolario\/promuovere\/\">Mandatela anche a me<\/a>:\r\n\r\nIl significato di programmare e pianificare \u00e8 fondamentale per la gestione della nostra vita. Infatti chi programma e pianifica pu\u00f2 tranquillamente vedere il valore del proprio tempo anche retribuito al di sopra di ogni aspettativa. Promuovere ovvero MUOVERE PRIMA,\u00a0in realt\u00e0 lo \u00e8 ancora di pi\u00f9 perch\u00e9, in qualche modo le rappresenta entrambe.\r\n\r\nPensate che un ora pu\u00f2 valere anche pi\u00f9 di mille euro quando \u00e8 ben proMossa, pianificata e preparata.\r\n\r\nDa oggi questa fantastica parola \"proMuovere\" entra a far parte del mio vocabolario.\r\n\r\nHai una parola che ti piace e in qualche modo \u00e8 fonte di stimolo proprio per la sua composizione? Inviamela.\r\n\r\n[CONTACT_FORM_TO_EMAIL id=\"1\"]","_et_gb_content_width":"","footnotes":""},"categories":[1,5],"tags":[],"yoast_head":"<!-- This site is optimized with the Yoast SEO plugin v23.4 - https:\/\/yoast.com\/wordpress\/plugins\/seo\/ -->\n<title>ProMuovere. Il valore della parola promuovere - Gian Battista Gualdi<\/title>\n<meta name=\"description\" content=\"Promuovere ovvero MUOVERE PRIMA, in realt\u00e0 lo \u00e8 ancora di pi\u00f9 perch\u00e9, in qualche modo le rappresenta entrambe. Pianificare e preparare.\" \/>\n<meta name=\"robots\" content=\"index, follow, max-snippet:-1, max-image-preview:large, max-video-preview:-1\" \/>\n<link rel=\"canonical\" href=\"https:\/\/www.gianbattista.it\/cms\/il-valore-della-parola-promuovere\/\" \/>\n<meta property=\"og:locale\" content=\"it_IT\" \/>\n<meta property=\"og:type\" content=\"article\" \/>\n<meta property=\"og:title\" content=\"ProMuovere. Il valore della parola promuovere - Gian Battista Gualdi\" \/>\n<meta property=\"og:description\" content=\"Promuovere ovvero MUOVERE PRIMA, in realt\u00e0 lo \u00e8 ancora di pi\u00f9 perch\u00e9, in qualche modo le rappresenta entrambe. Pianificare e preparare.\" \/>\n<meta property=\"og:url\" content=\"https:\/\/www.gianbattista.it\/cms\/il-valore-della-parola-promuovere\/\" \/>\n<meta property=\"og:site_name\" content=\"Gian Battista Gualdi\" \/>\n<meta property=\"article:publisher\" content=\"https:\/\/www.facebook.com\/gianbattistagualdi\" \/>\n<meta property=\"article:author\" content=\"https:\/\/www.facebook.com\/gianbattistagualdi\" \/>\n<meta property=\"article:published_time\" content=\"2016-09-16T09:54:33+00:00\" \/>\n<meta property=\"article:modified_time\" content=\"2020-10-26T15:45:48+00:00\" \/>\n<meta property=\"og:image\" content=\"https:\/\/www.gianbattista.it\/cms\/wp-content\/uploads\/2016\/09\/promuovere-impresa.png\" \/>\n\t<meta property=\"og:image:width\" content=\"538\" \/>\n\t<meta property=\"og:image:height\" content=\"218\" \/>\n\t<meta property=\"og:image:type\" content=\"image\/png\" \/>\n<meta name=\"author\" content=\"adminsito\" \/>\n<meta name=\"twitter:label1\" content=\"Scritto da\" \/>\n\t<meta name=\"twitter:data1\" content=\"adminsito\" \/>\n\t<meta name=\"twitter:label2\" content=\"Tempo di lettura stimato\" \/>\n\t<meta name=\"twitter:data2\" content=\"2 minuti\" \/>\n<script type=\"application\/ld+json\" class=\"yoast-schema-graph\">{\"@context\":\"https:\/\/schema.org\",\"@graph\":[{\"@type\":\"Article\",\"@id\":\"https:\/\/www.gianbattista.it\/cms\/il-valore-della-parola-promuovere\/#article\",\"isPartOf\":{\"@id\":\"https:\/\/www.gianbattista.it\/cms\/il-valore-della-parola-promuovere\/\"},\"author\":{\"name\":\"adminsito\",\"@id\":\"https:\/\/www.gianbattista.it\/cms\/#\/schema\/person\/1058c2e181b77adf83fbd7af6dfdda01\"},\"headline\":\"ProMuovere. Il valore della parola promuovere\",\"datePublished\":\"2016-09-16T09:54:33+00:00\",\"dateModified\":\"2020-10-26T15:45:48+00:00\",\"mainEntityOfPage\":{\"@id\":\"https:\/\/www.gianbattista.it\/cms\/il-valore-della-parola-promuovere\/\"},\"wordCount\":324,\"publisher\":{\"@id\":\"https:\/\/www.gianbattista.it\/cms\/#organization\"},\"image\":{\"@id\":\"https:\/\/www.gianbattista.it\/cms\/il-valore-della-parola-promuovere\/#primaryimage\"},\"thumbnailUrl\":\"https:\/\/www.gianbattista.it\/cms\/wp-content\/uploads\/2016\/09\/promuovere-impresa.png\",\"articleSection\":[\"comunicAzione\",\"progettAzione\"],\"inLanguage\":\"it-IT\"},{\"@type\":\"WebPage\",\"@id\":\"https:\/\/www.gianbattista.it\/cms\/il-valore-della-parola-promuovere\/\",\"url\":\"https:\/\/www.gianbattista.it\/cms\/il-valore-della-parola-promuovere\/\",\"name\":\"ProMuovere. Il valore della parola promuovere - Gian Battista Gualdi\",\"isPartOf\":{\"@id\":\"https:\/\/www.gianbattista.it\/cms\/#website\"},\"primaryImageOfPage\":{\"@id\":\"https:\/\/www.gianbattista.it\/cms\/il-valore-della-parola-promuovere\/#primaryimage\"},\"image\":{\"@id\":\"https:\/\/www.gianbattista.it\/cms\/il-valore-della-parola-promuovere\/#primaryimage\"},\"thumbnailUrl\":\"https:\/\/www.gianbattista.it\/cms\/wp-content\/uploads\/2016\/09\/promuovere-impresa.png\",\"datePublished\":\"2016-09-16T09:54:33+00:00\",\"dateModified\":\"2020-10-26T15:45:48+00:00\",\"description\":\"Promuovere ovvero MUOVERE PRIMA, in realt\u00e0 lo \u00e8 ancora di pi\u00f9 perch\u00e9, in qualche modo le rappresenta entrambe. Pianificare e preparare.\",\"breadcrumb\":{\"@id\":\"https:\/\/www.gianbattista.it\/cms\/il-valore-della-parola-promuovere\/#breadcrumb\"},\"inLanguage\":\"it-IT\",\"potentialAction\":[{\"@type\":\"ReadAction\",\"target\":[\"https:\/\/www.gianbattista.it\/cms\/il-valore-della-parola-promuovere\/\"]}]},{\"@type\":\"ImageObject\",\"inLanguage\":\"it-IT\",\"@id\":\"https:\/\/www.gianbattista.it\/cms\/il-valore-della-parola-promuovere\/#primaryimage\",\"url\":\"https:\/\/www.gianbattista.it\/cms\/wp-content\/uploads\/2016\/09\/promuovere-impresa.png\",\"contentUrl\":\"https:\/\/www.gianbattista.it\/cms\/wp-content\/uploads\/2016\/09\/promuovere-impresa.png\",\"width\":538,\"height\":218},{\"@type\":\"BreadcrumbList\",\"@id\":\"https:\/\/www.gianbattista.it\/cms\/il-valore-della-parola-promuovere\/#breadcrumb\",\"itemListElement\":[{\"@type\":\"ListItem\",\"position\":1,\"name\":\"Home\",\"item\":\"https:\/\/www.gianbattista.it\/cms\/\"},{\"@type\":\"ListItem\",\"position\":2,\"name\":\"ProMuovere. Il valore della parola promuovere\"}]},{\"@type\":\"WebSite\",\"@id\":\"https:\/\/www.gianbattista.it\/cms\/#website\",\"url\":\"https:\/\/www.gianbattista.it\/cms\/\",\"name\":\"Gian Battista Gualdi\",\"description\":\"chiediti sempre il meglio\",\"publisher\":{\"@id\":\"https:\/\/www.gianbattista.it\/cms\/#organization\"},\"potentialAction\":[{\"@type\":\"SearchAction\",\"target\":{\"@type\":\"EntryPoint\",\"urlTemplate\":\"https:\/\/www.gianbattista.it\/cms\/?s={search_term_string}\"},\"query-input\":{\"@type\":\"PropertyValueSpecification\",\"valueRequired\":true,\"valueName\":\"search_term_string\"}}],\"inLanguage\":\"it-IT\"},{\"@type\":\"Organization\",\"@id\":\"https:\/\/www.gianbattista.it\/cms\/#organization\",\"name\":\"Gian Battista Gualdi\",\"url\":\"https:\/\/www.gianbattista.it\/cms\/\",\"logo\":{\"@type\":\"ImageObject\",\"inLanguage\":\"it-IT\",\"@id\":\"https:\/\/www.gianbattista.it\/cms\/#\/schema\/logo\/image\/\",\"url\":\"https:\/\/www.gianbattista.it\/cms\/wp-content\/uploads\/2016\/07\/GBG150.png\",\"contentUrl\":\"https:\/\/www.gianbattista.it\/cms\/wp-content\/uploads\/2016\/07\/GBG150.png\",\"width\":105,\"height\":70,\"caption\":\"Gian Battista Gualdi\"},\"image\":{\"@id\":\"https:\/\/www.gianbattista.it\/cms\/#\/schema\/logo\/image\/\"},\"sameAs\":[\"https:\/\/www.facebook.com\/gianbattistagualdi\",\"https:\/\/x.com\/gualdigb\",\"https:\/\/www.linkedin.com\/in\/gian-battista-gualdi-08781941?authType=NAME_SEARCH&amp;amp;amp;authToken=gMGk&amp;amp;amp;locale=it_IT&amp;amp;amp;trk=tyah&amp;amp;amp;trkInfo=clickedVertical:mynetwork,clickedEntityId:148340263,authType:NAME_SEARCH,idx:1-1-1,tarId:1467301191561,tas:gian battista\",\"https:\/\/www.youtube.com\/channel\/UC-02_zSXunzSWcH89_GVN_w\"]},{\"@type\":\"Person\",\"@id\":\"https:\/\/www.gianbattista.it\/cms\/#\/schema\/person\/1058c2e181b77adf83fbd7af6dfdda01\",\"name\":\"adminsito\",\"image\":{\"@type\":\"ImageObject\",\"inLanguage\":\"it-IT\",\"@id\":\"https:\/\/www.gianbattista.it\/cms\/#\/schema\/person\/image\/\",\"url\":\"https:\/\/secure.gravatar.com\/avatar\/66532d5a7693aa019d73b60d47ff5d5f?s=96&d=identicon&r=g\",\"contentUrl\":\"https:\/\/secure.gravatar.com\/avatar\/66532d5a7693aa019d73b60d47ff5d5f?s=96&d=identicon&r=g\",\"caption\":\"adminsito\"},\"sameAs\":[\"https:\/\/www.gianbattista.it\",\"https:\/\/www.facebook.com\/gianbattistagualdi\"],\"url\":\"https:\/\/www.gianbattista.it\/cms\/author\/admin\/\"}]}<\/script>\n<!-- \/ Yoast SEO plugin. -->","yoast_head_json":{"title":"ProMuovere. Il valore della parola promuovere - Gian Battista Gualdi","description":"Promuovere ovvero MUOVERE PRIMA, in realt\u00e0 lo \u00e8 ancora di pi\u00f9 perch\u00e9, in qualche modo le rappresenta entrambe. Pianificare e preparare.","robots":{"index":"index","follow":"follow","max-snippet":"max-snippet:-1","max-image-preview":"max-image-preview:large","max-video-preview":"max-video-preview:-1"},"canonical":"https:\/\/www.gianbattista.it\/cms\/il-valore-della-parola-promuovere\/","og_locale":"it_IT","og_type":"article","og_title":"ProMuovere. Il valore della parola promuovere - Gian Battista Gualdi","og_description":"Promuovere ovvero MUOVERE PRIMA, in realt\u00e0 lo \u00e8 ancora di pi\u00f9 perch\u00e9, in qualche modo le rappresenta entrambe. Pianificare e preparare.","og_url":"https:\/\/www.gianbattista.it\/cms\/il-valore-della-parola-promuovere\/","og_site_name":"Gian Battista Gualdi","article_publisher":"https:\/\/www.facebook.com\/gianbattistagualdi","article_author":"https:\/\/www.facebook.com\/gianbattistagualdi","article_published_time":"2016-09-16T09:54:33+00:00","article_modified_time":"2020-10-26T15:45:48+00:00","og_image":[{"width":538,"height":218,"url":"https:\/\/www.gianbattista.it\/cms\/wp-content\/uploads\/2016\/09\/promuovere-impresa.png","type":"image\/png"}],"author":"adminsito","twitter_misc":{"Scritto da":"adminsito","Tempo di lettura stimato":"2 minuti"},"schema":{"@context":"https:\/\/schema.org","@graph":[{"@type":"Article","@id":"https:\/\/www.gianbattista.it\/cms\/il-valore-della-parola-promuovere\/#article","isPartOf":{"@id":"https:\/\/www.gianbattista.it\/cms\/il-valore-della-parola-promuovere\/"},"author":{"name":"adminsito","@id":"https:\/\/www.gianbattista.it\/cms\/#\/schema\/person\/1058c2e181b77adf83fbd7af6dfdda01"},"headline":"ProMuovere. Il valore della parola promuovere","datePublished":"2016-09-16T09:54:33+00:00","dateModified":"2020-10-26T15:45:48+00:00","mainEntityOfPage":{"@id":"https:\/\/www.gianbattista.it\/cms\/il-valore-della-parola-promuovere\/"},"wordCount":324,"publisher":{"@id":"https:\/\/www.gianbattista.it\/cms\/#organization"},"image":{"@id":"https:\/\/www.gianbattista.it\/cms\/il-valore-della-parola-promuovere\/#primaryimage"},"thumbnailUrl":"https:\/\/www.gianbattista.it\/cms\/wp-content\/uploads\/2016\/09\/promuovere-impresa.png","articleSection":["comunicAzione","progettAzione"],"inLanguage":"it-IT"},{"@type":"WebPage","@id":"https:\/\/www.gianbattista.it\/cms\/il-valore-della-parola-promuovere\/","url":"https:\/\/www.gianbattista.it\/cms\/il-valore-della-parola-promuovere\/","name":"ProMuovere. Il valore della parola promuovere - Gian Battista Gualdi","isPartOf":{"@id":"https:\/\/www.gianbattista.it\/cms\/#website"},"primaryImageOfPage":{"@id":"https:\/\/www.gianbattista.it\/cms\/il-valore-della-parola-promuovere\/#primaryimage"},"image":{"@id":"https:\/\/www.gianbattista.it\/cms\/il-valore-della-parola-promuovere\/#primaryimage"},"thumbnailUrl":"https:\/\/www.gianbattista.it\/cms\/wp-content\/uploads\/2016\/09\/promuovere-impresa.png","datePublished":"2016-09-16T09:54:33+00:00","dateModified":"2020-10-26T15:45:48+00:00","description":"Promuovere ovvero MUOVERE PRIMA, in realt\u00e0 lo \u00e8 ancora di pi\u00f9 perch\u00e9, in qualche modo le rappresenta entrambe. Pianificare e preparare.","breadcrumb":{"@id":"https:\/\/www.gianbattista.it\/cms\/il-valore-della-parola-promuovere\/#breadcrumb"},"inLanguage":"it-IT","potentialAction":[{"@type":"ReadAction","target":["https:\/\/www.gianbattista.it\/cms\/il-valore-della-parola-promuovere\/"]}]},{"@type":"ImageObject","inLanguage":"it-IT","@id":"https:\/\/www.gianbattista.it\/cms\/il-valore-della-parola-promuovere\/#primaryimage","url":"https:\/\/www.gianbattista.it\/cms\/wp-content\/uploads\/2016\/09\/promuovere-impresa.png","contentUrl":"https:\/\/www.gianbattista.it\/cms\/wp-content\/uploads\/2016\/09\/promuovere-impresa.png","width":538,"height":218},{"@type":"BreadcrumbList","@id":"https:\/\/www.gianbattista.it\/cms\/il-valore-della-parola-promuovere\/#breadcrumb","itemListElement":[{"@type":"ListItem","position":1,"name":"Home","item":"https:\/\/www.gianbattista.it\/cms\/"},{"@type":"ListItem","position":2,"name":"ProMuovere. Il valore della parola promuovere"}]},{"@type":"WebSite","@id":"https:\/\/www.gianbattista.it\/cms\/#website","url":"https:\/\/www.gianbattista.it\/cms\/","name":"Gian Battista Gualdi","description":"chiediti sempre il meglio","publisher":{"@id":"https:\/\/www.gianbattista.it\/cms\/#organization"},"potentialAction":[{"@type":"SearchAction","target":{"@type":"EntryPoint","urlTemplate":"https:\/\/www.gianbattista.it\/cms\/?s={search_term_string}"},"query-input":{"@type":"PropertyValueSpecification","valueRequired":true,"valueName":"search_term_string"}}],"inLanguage":"it-IT"},{"@type":"Organization","@id":"https:\/\/www.gianbattista.it\/cms\/#organization","name":"Gian Battista Gualdi","url":"https:\/\/www.gianbattista.it\/cms\/","logo":{"@type":"ImageObject","inLanguage":"it-IT","@id":"https:\/\/www.gianbattista.it\/cms\/#\/schema\/logo\/image\/","url":"https:\/\/www.gianbattista.it\/cms\/wp-content\/uploads\/2016\/07\/GBG150.png","contentUrl":"https:\/\/www.gianbattista.it\/cms\/wp-content\/uploads\/2016\/07\/GBG150.png","width":105,"height":70,"caption":"Gian Battista Gualdi"},"image":{"@id":"https:\/\/www.gianbattista.it\/cms\/#\/schema\/logo\/image\/"},"sameAs":["https:\/\/www.facebook.com\/gianbattistagualdi","https:\/\/x.com\/gualdigb","https:\/\/www.linkedin.com\/in\/gian-battista-gualdi-08781941?authType=NAME_SEARCH&amp;amp;amp;authToken=gMGk&amp;amp;amp;locale=it_IT&amp;amp;amp;trk=tyah&amp;amp;amp;trkInfo=clickedVertical:mynetwork,clickedEntityId:148340263,authType:NAME_SEARCH,idx:1-1-1,tarId:1467301191561,tas:gian battista","https:\/\/www.youtube.com\/channel\/UC-02_zSXunzSWcH89_GVN_w"]},{"@type":"Person","@id":"https:\/\/www.gianbattista.it\/cms\/#\/schema\/person\/1058c2e181b77adf83fbd7af6dfdda01","name":"adminsito","image":{"@type":"ImageObject","inLanguage":"it-IT","@id":"https:\/\/www.gianbattista.it\/cms\/#\/schema\/person\/image\/","url":"https:\/\/secure.gravatar.com\/avatar\/66532d5a7693aa019d73b60d47ff5d5f?s=96&d=identicon&r=g","contentUrl":"https:\/\/secure.gravatar.com\/avatar\/66532d5a7693aa019d73b60d47ff5d5f?s=96&d=identicon&r=g","caption":"adminsito"},"sameAs":["https:\/\/www.gianbattista.it","https:\/\/www.facebook.com\/gianbattistagualdi"],"url":"https:\/\/www.gianbattista.it\/cms\/author\/admin\/"}]}},"_links":{"self":[{"href":"https:\/\/www.gianbattista.it\/cms\/wp-json\/wp\/v2\/posts\/2215"}],"collection":[{"href":"https:\/\/www.gianbattista.it\/cms\/wp-json\/wp\/v2\/posts"}],"about":[{"href":"https:\/\/www.gianbattista.it\/cms\/wp-json\/wp\/v2\/types\/post"}],"author":[{"embeddable":true,"href":"https:\/\/www.gianbattista.it\/cms\/wp-json\/wp\/v2\/users\/2"}],"replies":[{"embeddable":true,"href":"https:\/\/www.gianbattista.it\/cms\/wp-json\/wp\/v2\/comments?post=2215"}],"version-history":[{"count":0,"href":"https:\/\/www.gianbattista.it\/cms\/wp-json\/wp\/v2\/posts\/2215\/revisions"}],"wp:featuredmedia":[{"embeddable":true,"href":"https:\/\/www.gianbattista.it\/cms\/wp-json\/wp\/v2\/media\/2240"}],"wp:attachment":[{"href":"https:\/\/www.gianbattista.it\/cms\/wp-json\/wp\/v2\/media?parent=2215"}],"wp:term":[{"taxonomy":"category","embeddable":true,"href":"https:\/\/www.gianbattista.it\/cms\/wp-json\/wp\/v2\/categories?post=2215"},{"taxonomy":"post_tag","embeddable":true,"href":"https:\/\/www.gianbattista.it\/cms\/wp-json\/wp\/v2\/tags?post=2215"}],"curies":[{"name":"wp","href":"https:\/\/api.w.org\/{rel}","templated":true}]}}