{"id":2381,"date":"2016-10-07T13:43:14","date_gmt":"2016-10-07T13:43:14","guid":{"rendered":"https:\/\/www.gianbattista.it\/cms\/?p=2381"},"modified":"2016-10-11T18:40:48","modified_gmt":"2016-10-11T18:40:48","slug":"creiamo-e-formiamo-lazione-stessa-ogni-giorno-ogni-attimo","status":"publish","type":"post","link":"https:\/\/www.gianbattista.it\/cms\/creiamo-e-formiamo-lazione-stessa-ogni-giorno-ogni-attimo\/","title":{"rendered":"Creiamo e formiamo l\u2019Azione"},"content":{"rendered":"<h4><strong>Ogni giorno, ogni attimo<\/strong><\/h4>\n<h4><strong>Tutto ci\u00f2 che \u00e8<\/strong>\u00a0<strong><a href=\"https:\/\/www.google.it\/?gws_rd=ssl#q=azione\">Azione<\/a><\/strong>\u00a0<strong>ha sempre motivato il mio modo di essere e delle persone attorno a me<\/strong><\/h4>\n<p><strong>Alcuni anni fa costituii\u00a0la mia prima societ\u00e0 a responsabilit\u00e0 limitata e la chiamai &#8220;ComunicAAzione&#8221;<\/strong><\/p>\n<p><strong>I principi comuni che condivido con le persone che frequento sono: ComunicAzione (la mia prima mission) FormAzione, <\/strong>MotivAzione, FormAzione, InformatizzAzione, ProgettAzione, NegoziAzione, ConversAzione, <strong>OrganizzAzione, IpnotizzAzione, ProgrammAzione, EducAzione.<\/strong><\/p>\n<p><span style=\"font-size: 10.5pt; font-family: 'Open Sans'; color: #666666;\">Il concetto di Azione nell\u2019ambito finanziario \u00e8 unico; esso equivale a capacit\u00e0 e volont\u00e0 decisionale (proprio una decisione di volont\u00e0); corrisponde al dare fiducia e quindi a procedere a sostenere e finanziare un\u2019idea o un\u2019iniziativa. Equivale ad un titolo rappresentativo di una quota della propriet\u00e0 di una societ\u00e0 per azioni.<\/span><\/p>\n<p><span style=\"font-size: 10.5pt; font-family: 'Open Sans'; color: #666666;\">L\u2019Azione va considerata, a tutti gli effetti, come una forma di investimento da parte del detentore sotto forma di strumento finanziario.<\/span><\/p>\n<p><span style=\"font-size: 10.5pt; font-family: 'Open Sans'; color: #666666;\">Il ricorso alle Azioni consente un pi\u00f9 facile scambio delle stesse, ad esempio attraverso lo strumento del mercato azionario.<\/span><\/p>\n<p><span style=\"font-size: 10.5pt; font-family: 'Open Sans'; color: #666666;\">All\u2019interno di ciascuna categoria le <b>A<\/b>zioni devono <b>avere pari valore<\/b> e offrire uguali diritti.<\/span><\/p>\n<p>Analizzando la parola <a href=\"https:\/\/www.treccani.it\/enciclopedia\/tag\/azione\/\">Azione<\/a>, sui\u00a0vocabolari ho trovato queste due definizioni:<\/p>\n<ol>\n<li>La capacit\u00e0 umana di modificare il reale a fini economici, politici, etici: uomo d&#8217;azione (contrapposto a uomo di pensiero o di contemplazione).<\/li>\n<li>Forza determinante, capacit\u00e0 di produrre determinati effetti. &#8220;i suoi propositi\u00a0si sono trasformati in Azioni&#8221;<\/li>\n<\/ol>\n<p><strong>il motto \u00e8 proprio quello di\u00a0<a href=\"https:\/\/www.gianbattista.it\/\">aiutare le persone di successo<\/a>.<\/strong><\/p>\n<p><strong>Tutte le persone hanno dentro di se una capacit\u00e0 incredibile di fare accadere gli eventi ovvero di farle succedere.<\/strong><\/p>\n","protected":false},"excerpt":{"rendered":"<p>Tutto ci\u00f2 che \u00e8 Azione ha sempre motivato il mio modo di essere e delle persone attorno a me<\/p>\n<p>Alcuni anni fa costituii la mia prima societ\u00e0 a responsabilit\u00e0 limitata e la chiamai &#8220;ComunicAAzione&#8221;<\/p>\n","protected":false},"author":2,"featured_media":2425,"comment_status":"closed","ping_status":"closed","sticky":false,"template":"","format":"standard","meta":{"_et_pb_use_builder":"","_et_pb_old_content":"","_et_gb_content_width":"","footnotes":""},"categories":[1,5],"tags":[],"yoast_head":"<!-- This site is optimized with the Yoast SEO plugin v23.4 - https:\/\/yoast.com\/wordpress\/plugins\/seo\/ -->\n<title>Creiamo e formiamo l\u2019Azione - Gian Battista Gualdi<\/title>\n<meta name=\"description\" content=\"Tutto ci\u00f2 che \u00e8 Azione ha sempre motivato il mio modo di essere e delle persone attorno a me. Creiamo e formiamo l\u2019Azione stessa.\" \/>\n<meta name=\"robots\" content=\"index, follow, max-snippet:-1, max-image-preview:large, max-video-preview:-1\" \/>\n<link rel=\"canonical\" href=\"https:\/\/www.gianbattista.it\/cms\/creiamo-e-formiamo-lazione-stessa-ogni-giorno-ogni-attimo\/\" \/>\n<meta property=\"og:locale\" content=\"it_IT\" \/>\n<meta property=\"og:type\" content=\"article\" \/>\n<meta property=\"og:title\" content=\"Creiamo e formiamo l\u2019Azione - Gian Battista Gualdi\" \/>\n<meta property=\"og:description\" content=\"Tutto ci\u00f2 che \u00e8 Azione ha sempre motivato il mio modo di essere e delle persone attorno a me. Creiamo e formiamo l\u2019Azione stessa.\" \/>\n<meta property=\"og:url\" content=\"https:\/\/www.gianbattista.it\/cms\/creiamo-e-formiamo-lazione-stessa-ogni-giorno-ogni-attimo\/\" \/>\n<meta property=\"og:site_name\" content=\"Gian Battista Gualdi\" \/>\n<meta property=\"article:publisher\" content=\"https:\/\/www.facebook.com\/gianbattistagualdi\" \/>\n<meta property=\"article:author\" content=\"https:\/\/www.facebook.com\/gianbattistagualdi\" \/>\n<meta property=\"article:published_time\" content=\"2016-10-07T13:43:14+00:00\" \/>\n<meta property=\"article:modified_time\" content=\"2016-10-11T18:40:48+00:00\" \/>\n<meta property=\"og:image\" content=\"https:\/\/www.gianbattista.it\/cms\/wp-content\/uploads\/2016\/10\/Donna-Rossa.png\" \/>\n\t<meta property=\"og:image:width\" content=\"538\" \/>\n\t<meta property=\"og:image:height\" content=\"218\" \/>\n\t<meta property=\"og:image:type\" content=\"image\/png\" \/>\n<meta name=\"author\" content=\"adminsito\" \/>\n<meta name=\"twitter:label1\" content=\"Scritto da\" \/>\n\t<meta name=\"twitter:data1\" content=\"adminsito\" \/>\n\t<meta name=\"twitter:label2\" content=\"Tempo di lettura stimato\" \/>\n\t<meta name=\"twitter:data2\" content=\"1 minuto\" \/>\n<script type=\"application\/ld+json\" class=\"yoast-schema-graph\">{\"@context\":\"https:\/\/schema.org\",\"@graph\":[{\"@type\":\"Article\",\"@id\":\"https:\/\/www.gianbattista.it\/cms\/creiamo-e-formiamo-lazione-stessa-ogni-giorno-ogni-attimo\/#article\",\"isPartOf\":{\"@id\":\"https:\/\/www.gianbattista.it\/cms\/creiamo-e-formiamo-lazione-stessa-ogni-giorno-ogni-attimo\/\"},\"author\":{\"name\":\"adminsito\",\"@id\":\"https:\/\/www.gianbattista.it\/cms\/#\/schema\/person\/1058c2e181b77adf83fbd7af6dfdda01\"},\"headline\":\"Creiamo e formiamo l\u2019Azione\",\"datePublished\":\"2016-10-07T13:43:14+00:00\",\"dateModified\":\"2016-10-11T18:40:48+00:00\",\"mainEntityOfPage\":{\"@id\":\"https:\/\/www.gianbattista.it\/cms\/creiamo-e-formiamo-lazione-stessa-ogni-giorno-ogni-attimo\/\"},\"wordCount\":255,\"publisher\":{\"@id\":\"https:\/\/www.gianbattista.it\/cms\/#organization\"},\"image\":{\"@id\":\"https:\/\/www.gianbattista.it\/cms\/creiamo-e-formiamo-lazione-stessa-ogni-giorno-ogni-attimo\/#primaryimage\"},\"thumbnailUrl\":\"https:\/\/www.gianbattista.it\/cms\/wp-content\/uploads\/2016\/10\/Donna-Rossa.png\",\"articleSection\":[\"comunicAzione\",\"progettAzione\"],\"inLanguage\":\"it-IT\"},{\"@type\":\"WebPage\",\"@id\":\"https:\/\/www.gianbattista.it\/cms\/creiamo-e-formiamo-lazione-stessa-ogni-giorno-ogni-attimo\/\",\"url\":\"https:\/\/www.gianbattista.it\/cms\/creiamo-e-formiamo-lazione-stessa-ogni-giorno-ogni-attimo\/\",\"name\":\"Creiamo e formiamo l\u2019Azione - Gian Battista Gualdi\",\"isPartOf\":{\"@id\":\"https:\/\/www.gianbattista.it\/cms\/#website\"},\"primaryImageOfPage\":{\"@id\":\"https:\/\/www.gianbattista.it\/cms\/creiamo-e-formiamo-lazione-stessa-ogni-giorno-ogni-attimo\/#primaryimage\"},\"image\":{\"@id\":\"https:\/\/www.gianbattista.it\/cms\/creiamo-e-formiamo-lazione-stessa-ogni-giorno-ogni-attimo\/#primaryimage\"},\"thumbnailUrl\":\"https:\/\/www.gianbattista.it\/cms\/wp-content\/uploads\/2016\/10\/Donna-Rossa.png\",\"datePublished\":\"2016-10-07T13:43:14+00:00\",\"dateModified\":\"2016-10-11T18:40:48+00:00\",\"description\":\"Tutto ci\u00f2 che \u00e8 Azione ha sempre motivato il mio modo di essere e delle persone attorno a me. Creiamo e formiamo l\u2019Azione stessa.\",\"breadcrumb\":{\"@id\":\"https:\/\/www.gianbattista.it\/cms\/creiamo-e-formiamo-lazione-stessa-ogni-giorno-ogni-attimo\/#breadcrumb\"},\"inLanguage\":\"it-IT\",\"potentialAction\":[{\"@type\":\"ReadAction\",\"target\":[\"https:\/\/www.gianbattista.it\/cms\/creiamo-e-formiamo-lazione-stessa-ogni-giorno-ogni-attimo\/\"]}]},{\"@type\":\"ImageObject\",\"inLanguage\":\"it-IT\",\"@id\":\"https:\/\/www.gianbattista.it\/cms\/creiamo-e-formiamo-lazione-stessa-ogni-giorno-ogni-attimo\/#primaryimage\",\"url\":\"https:\/\/www.gianbattista.it\/cms\/wp-content\/uploads\/2016\/10\/Donna-Rossa.png\",\"contentUrl\":\"https:\/\/www.gianbattista.it\/cms\/wp-content\/uploads\/2016\/10\/Donna-Rossa.png\",\"width\":538,\"height\":218,\"caption\":\"Azione\"},{\"@type\":\"BreadcrumbList\",\"@id\":\"https:\/\/www.gianbattista.it\/cms\/creiamo-e-formiamo-lazione-stessa-ogni-giorno-ogni-attimo\/#breadcrumb\",\"itemListElement\":[{\"@type\":\"ListItem\",\"position\":1,\"name\":\"Home\",\"item\":\"https:\/\/www.gianbattista.it\/cms\/\"},{\"@type\":\"ListItem\",\"position\":2,\"name\":\"Creiamo e formiamo l\u2019Azione\"}]},{\"@type\":\"WebSite\",\"@id\":\"https:\/\/www.gianbattista.it\/cms\/#website\",\"url\":\"https:\/\/www.gianbattista.it\/cms\/\",\"name\":\"Gian Battista Gualdi\",\"description\":\"chiediti sempre il meglio\",\"publisher\":{\"@id\":\"https:\/\/www.gianbattista.it\/cms\/#organization\"},\"potentialAction\":[{\"@type\":\"SearchAction\",\"target\":{\"@type\":\"EntryPoint\",\"urlTemplate\":\"https:\/\/www.gianbattista.it\/cms\/?s={search_term_string}\"},\"query-input\":{\"@type\":\"PropertyValueSpecification\",\"valueRequired\":true,\"valueName\":\"search_term_string\"}}],\"inLanguage\":\"it-IT\"},{\"@type\":\"Organization\",\"@id\":\"https:\/\/www.gianbattista.it\/cms\/#organization\",\"name\":\"Gian Battista Gualdi\",\"url\":\"https:\/\/www.gianbattista.it\/cms\/\",\"logo\":{\"@type\":\"ImageObject\",\"inLanguage\":\"it-IT\",\"@id\":\"https:\/\/www.gianbattista.it\/cms\/#\/schema\/logo\/image\/\",\"url\":\"https:\/\/www.gianbattista.it\/cms\/wp-content\/uploads\/2016\/07\/GBG150.png\",\"contentUrl\":\"https:\/\/www.gianbattista.it\/cms\/wp-content\/uploads\/2016\/07\/GBG150.png\",\"width\":105,\"height\":70,\"caption\":\"Gian Battista Gualdi\"},\"image\":{\"@id\":\"https:\/\/www.gianbattista.it\/cms\/#\/schema\/logo\/image\/\"},\"sameAs\":[\"https:\/\/www.facebook.com\/gianbattistagualdi\",\"https:\/\/x.com\/gualdigb\",\"https:\/\/www.linkedin.com\/in\/gian-battista-gualdi-08781941?authType=NAME_SEARCH&amp;amp;amp;authToken=gMGk&amp;amp;amp;locale=it_IT&amp;amp;amp;trk=tyah&amp;amp;amp;trkInfo=clickedVertical:mynetwork,clickedEntityId:148340263,authType:NAME_SEARCH,idx:1-1-1,tarId:1467301191561,tas:gian battista\",\"https:\/\/www.youtube.com\/channel\/UC-02_zSXunzSWcH89_GVN_w\"]},{\"@type\":\"Person\",\"@id\":\"https:\/\/www.gianbattista.it\/cms\/#\/schema\/person\/1058c2e181b77adf83fbd7af6dfdda01\",\"name\":\"adminsito\",\"image\":{\"@type\":\"ImageObject\",\"inLanguage\":\"it-IT\",\"@id\":\"https:\/\/www.gianbattista.it\/cms\/#\/schema\/person\/image\/\",\"url\":\"https:\/\/secure.gravatar.com\/avatar\/66532d5a7693aa019d73b60d47ff5d5f?s=96&d=identicon&r=g\",\"contentUrl\":\"https:\/\/secure.gravatar.com\/avatar\/66532d5a7693aa019d73b60d47ff5d5f?s=96&d=identicon&r=g\",\"caption\":\"adminsito\"},\"sameAs\":[\"https:\/\/www.gianbattista.it\",\"https:\/\/www.facebook.com\/gianbattistagualdi\"],\"url\":\"https:\/\/www.gianbattista.it\/cms\/author\/admin\/\"}]}<\/script>\n<!-- \/ Yoast SEO plugin. -->","yoast_head_json":{"title":"Creiamo e formiamo l\u2019Azione - Gian Battista Gualdi","description":"Tutto ci\u00f2 che \u00e8 Azione ha sempre motivato il mio modo di essere e delle persone attorno a me. Creiamo e formiamo l\u2019Azione stessa.","robots":{"index":"index","follow":"follow","max-snippet":"max-snippet:-1","max-image-preview":"max-image-preview:large","max-video-preview":"max-video-preview:-1"},"canonical":"https:\/\/www.gianbattista.it\/cms\/creiamo-e-formiamo-lazione-stessa-ogni-giorno-ogni-attimo\/","og_locale":"it_IT","og_type":"article","og_title":"Creiamo e formiamo l\u2019Azione - Gian Battista Gualdi","og_description":"Tutto ci\u00f2 che \u00e8 Azione ha sempre motivato il mio modo di essere e delle persone attorno a me. Creiamo e formiamo l\u2019Azione stessa.","og_url":"https:\/\/www.gianbattista.it\/cms\/creiamo-e-formiamo-lazione-stessa-ogni-giorno-ogni-attimo\/","og_site_name":"Gian Battista Gualdi","article_publisher":"https:\/\/www.facebook.com\/gianbattistagualdi","article_author":"https:\/\/www.facebook.com\/gianbattistagualdi","article_published_time":"2016-10-07T13:43:14+00:00","article_modified_time":"2016-10-11T18:40:48+00:00","og_image":[{"width":538,"height":218,"url":"https:\/\/www.gianbattista.it\/cms\/wp-content\/uploads\/2016\/10\/Donna-Rossa.png","type":"image\/png"}],"author":"adminsito","twitter_misc":{"Scritto da":"adminsito","Tempo di lettura stimato":"1 minuto"},"schema":{"@context":"https:\/\/schema.org","@graph":[{"@type":"Article","@id":"https:\/\/www.gianbattista.it\/cms\/creiamo-e-formiamo-lazione-stessa-ogni-giorno-ogni-attimo\/#article","isPartOf":{"@id":"https:\/\/www.gianbattista.it\/cms\/creiamo-e-formiamo-lazione-stessa-ogni-giorno-ogni-attimo\/"},"author":{"name":"adminsito","@id":"https:\/\/www.gianbattista.it\/cms\/#\/schema\/person\/1058c2e181b77adf83fbd7af6dfdda01"},"headline":"Creiamo e formiamo l\u2019Azione","datePublished":"2016-10-07T13:43:14+00:00","dateModified":"2016-10-11T18:40:48+00:00","mainEntityOfPage":{"@id":"https:\/\/www.gianbattista.it\/cms\/creiamo-e-formiamo-lazione-stessa-ogni-giorno-ogni-attimo\/"},"wordCount":255,"publisher":{"@id":"https:\/\/www.gianbattista.it\/cms\/#organization"},"image":{"@id":"https:\/\/www.gianbattista.it\/cms\/creiamo-e-formiamo-lazione-stessa-ogni-giorno-ogni-attimo\/#primaryimage"},"thumbnailUrl":"https:\/\/www.gianbattista.it\/cms\/wp-content\/uploads\/2016\/10\/Donna-Rossa.png","articleSection":["comunicAzione","progettAzione"],"inLanguage":"it-IT"},{"@type":"WebPage","@id":"https:\/\/www.gianbattista.it\/cms\/creiamo-e-formiamo-lazione-stessa-ogni-giorno-ogni-attimo\/","url":"https:\/\/www.gianbattista.it\/cms\/creiamo-e-formiamo-lazione-stessa-ogni-giorno-ogni-attimo\/","name":"Creiamo e formiamo l\u2019Azione - Gian Battista Gualdi","isPartOf":{"@id":"https:\/\/www.gianbattista.it\/cms\/#website"},"primaryImageOfPage":{"@id":"https:\/\/www.gianbattista.it\/cms\/creiamo-e-formiamo-lazione-stessa-ogni-giorno-ogni-attimo\/#primaryimage"},"image":{"@id":"https:\/\/www.gianbattista.it\/cms\/creiamo-e-formiamo-lazione-stessa-ogni-giorno-ogni-attimo\/#primaryimage"},"thumbnailUrl":"https:\/\/www.gianbattista.it\/cms\/wp-content\/uploads\/2016\/10\/Donna-Rossa.png","datePublished":"2016-10-07T13:43:14+00:00","dateModified":"2016-10-11T18:40:48+00:00","description":"Tutto ci\u00f2 che \u00e8 Azione ha sempre motivato il mio modo di essere e delle persone attorno a me. Creiamo e formiamo l\u2019Azione stessa.","breadcrumb":{"@id":"https:\/\/www.gianbattista.it\/cms\/creiamo-e-formiamo-lazione-stessa-ogni-giorno-ogni-attimo\/#breadcrumb"},"inLanguage":"it-IT","potentialAction":[{"@type":"ReadAction","target":["https:\/\/www.gianbattista.it\/cms\/creiamo-e-formiamo-lazione-stessa-ogni-giorno-ogni-attimo\/"]}]},{"@type":"ImageObject","inLanguage":"it-IT","@id":"https:\/\/www.gianbattista.it\/cms\/creiamo-e-formiamo-lazione-stessa-ogni-giorno-ogni-attimo\/#primaryimage","url":"https:\/\/www.gianbattista.it\/cms\/wp-content\/uploads\/2016\/10\/Donna-Rossa.png","contentUrl":"https:\/\/www.gianbattista.it\/cms\/wp-content\/uploads\/2016\/10\/Donna-Rossa.png","width":538,"height":218,"caption":"Azione"},{"@type":"BreadcrumbList","@id":"https:\/\/www.gianbattista.it\/cms\/creiamo-e-formiamo-lazione-stessa-ogni-giorno-ogni-attimo\/#breadcrumb","itemListElement":[{"@type":"ListItem","position":1,"name":"Home","item":"https:\/\/www.gianbattista.it\/cms\/"},{"@type":"ListItem","position":2,"name":"Creiamo e formiamo l\u2019Azione"}]},{"@type":"WebSite","@id":"https:\/\/www.gianbattista.it\/cms\/#website","url":"https:\/\/www.gianbattista.it\/cms\/","name":"Gian Battista Gualdi","description":"chiediti sempre il meglio","publisher":{"@id":"https:\/\/www.gianbattista.it\/cms\/#organization"},"potentialAction":[{"@type":"SearchAction","target":{"@type":"EntryPoint","urlTemplate":"https:\/\/www.gianbattista.it\/cms\/?s={search_term_string}"},"query-input":{"@type":"PropertyValueSpecification","valueRequired":true,"valueName":"search_term_string"}}],"inLanguage":"it-IT"},{"@type":"Organization","@id":"https:\/\/www.gianbattista.it\/cms\/#organization","name":"Gian Battista Gualdi","url":"https:\/\/www.gianbattista.it\/cms\/","logo":{"@type":"ImageObject","inLanguage":"it-IT","@id":"https:\/\/www.gianbattista.it\/cms\/#\/schema\/logo\/image\/","url":"https:\/\/www.gianbattista.it\/cms\/wp-content\/uploads\/2016\/07\/GBG150.png","contentUrl":"https:\/\/www.gianbattista.it\/cms\/wp-content\/uploads\/2016\/07\/GBG150.png","width":105,"height":70,"caption":"Gian Battista Gualdi"},"image":{"@id":"https:\/\/www.gianbattista.it\/cms\/#\/schema\/logo\/image\/"},"sameAs":["https:\/\/www.facebook.com\/gianbattistagualdi","https:\/\/x.com\/gualdigb","https:\/\/www.linkedin.com\/in\/gian-battista-gualdi-08781941?authType=NAME_SEARCH&amp;amp;amp;authToken=gMGk&amp;amp;amp;locale=it_IT&amp;amp;amp;trk=tyah&amp;amp;amp;trkInfo=clickedVertical:mynetwork,clickedEntityId:148340263,authType:NAME_SEARCH,idx:1-1-1,tarId:1467301191561,tas:gian battista","https:\/\/www.youtube.com\/channel\/UC-02_zSXunzSWcH89_GVN_w"]},{"@type":"Person","@id":"https:\/\/www.gianbattista.it\/cms\/#\/schema\/person\/1058c2e181b77adf83fbd7af6dfdda01","name":"adminsito","image":{"@type":"ImageObject","inLanguage":"it-IT","@id":"https:\/\/www.gianbattista.it\/cms\/#\/schema\/person\/image\/","url":"https:\/\/secure.gravatar.com\/avatar\/66532d5a7693aa019d73b60d47ff5d5f?s=96&d=identicon&r=g","contentUrl":"https:\/\/secure.gravatar.com\/avatar\/66532d5a7693aa019d73b60d47ff5d5f?s=96&d=identicon&r=g","caption":"adminsito"},"sameAs":["https:\/\/www.gianbattista.it","https:\/\/www.facebook.com\/gianbattistagualdi"],"url":"https:\/\/www.gianbattista.it\/cms\/author\/admin\/"}]}},"_links":{"self":[{"href":"https:\/\/www.gianbattista.it\/cms\/wp-json\/wp\/v2\/posts\/2381"}],"collection":[{"href":"https:\/\/www.gianbattista.it\/cms\/wp-json\/wp\/v2\/posts"}],"about":[{"href":"https:\/\/www.gianbattista.it\/cms\/wp-json\/wp\/v2\/types\/post"}],"author":[{"embeddable":true,"href":"https:\/\/www.gianbattista.it\/cms\/wp-json\/wp\/v2\/users\/2"}],"replies":[{"embeddable":true,"href":"https:\/\/www.gianbattista.it\/cms\/wp-json\/wp\/v2\/comments?post=2381"}],"version-history":[{"count":0,"href":"https:\/\/www.gianbattista.it\/cms\/wp-json\/wp\/v2\/posts\/2381\/revisions"}],"wp:featuredmedia":[{"embeddable":true,"href":"https:\/\/www.gianbattista.it\/cms\/wp-json\/wp\/v2\/media\/2425"}],"wp:attachment":[{"href":"https:\/\/www.gianbattista.it\/cms\/wp-json\/wp\/v2\/media?parent=2381"}],"wp:term":[{"taxonomy":"category","embeddable":true,"href":"https:\/\/www.gianbattista.it\/cms\/wp-json\/wp\/v2\/categories?post=2381"},{"taxonomy":"post_tag","embeddable":true,"href":"https:\/\/www.gianbattista.it\/cms\/wp-json\/wp\/v2\/tags?post=2381"}],"curies":[{"name":"wp","href":"https:\/\/api.w.org\/{rel}","templated":true}]}}