{"id":2490,"date":"2016-11-07T11:32:51","date_gmt":"2016-11-07T11:32:51","guid":{"rendered":"https:\/\/www.gianbattista.it\/cms\/?p=2490"},"modified":"2016-11-12T10:57:50","modified_gmt":"2016-11-12T10:57:50","slug":"tra-il-dire-e-il-fare-ce-di-mezzo-il-cominciare","status":"publish","type":"post","link":"https:\/\/www.gianbattista.it\/cms\/tra-il-dire-e-il-fare-ce-di-mezzo-il-cominciare\/","title":{"rendered":"tra il dire e il fare c&#8217;\u00e8 di mezzo il cominciare"},"content":{"rendered":"<h4>tra il dire e il fare c&#8217;\u00e8 di mezzo il cominciare<\/h4>\n<p>Poi si pu\u00f2 aggiungere.<\/p>\n<p>&#8220;Perch\u00e9 se ci metti il mare rischi pure di annegare.&#8221;<\/p>\n<p>Trovo questa citazione semplicemente&nbsp;fantastica, mi ha fatto riflettere molto e l&#8217;ho usata quando dovevo&nbsp;far fare la &#8220;scelta&#8221; a&nbsp;persone indecise.<\/p>\n<p>Ho usato questa metafora&nbsp;anche per concludere&nbsp;la fase finale di una&nbsp;vendita; proprio quando \u00e8 il momento di chiedere una trattativa o un contratto lo faccio, la dico e subito dopo, faccio seguire la mia dichiarazione con un gran silenzio. Il cliente firma e fa l&#8217;ordine. Incredibile.<\/p>\n<p>Una volta ho sentito dire che tra il&nbsp;tra il dire e il fare c&#8217;\u00e8 di mezzo &#8220;e il&#8221;. Banale? Forse, \u00e8 comunque un modo diverso d&#8217;interpretare questo modo di dire. Un altro modo di dire \u00e8 anche: Tra il dire e il fare c&#8217;\u00e8 di mezzo il &#8230; come.<\/p>\n<p>in <a href=\"https:\/\/www.google.it\">google<\/a> si possono trovare anche altre <a href=\"https:\/\/www.google.it\/search?q=tra+il+dire+e+il+fare&amp;rlz=1C1PRFE_enIT683IT683&amp;espv=2&amp;biw=1055&amp;bih=493&amp;source=lnms&amp;tbm=isch&amp;sa=X&amp;ved=0ahUKEwj5pZLg0tPPAhWMECwKHep3DeEQ_AUIBigB#imgrc=47iFU9r5yOV19M%3A\">interpretazioni<\/a>. Guardatele.<\/p>\n<p>Tra il dire e il fare: cosa metteresti?<\/p>\n","protected":false},"excerpt":{"rendered":"<p>tra il dire e il fare c&#8217;\u00e8 di mezzo il cominciare<\/p>\n<p>poi si pu\u00f2 aggiungere.<\/p>\n<p>perch\u00e9 se ci metti il mare rischi pure di annegare.<\/p>\n","protected":false},"author":2,"featured_media":2675,"comment_status":"closed","ping_status":"closed","sticky":false,"template":"","format":"standard","meta":{"_et_pb_use_builder":"","_et_pb_old_content":"","_et_gb_content_width":"","footnotes":""},"categories":[1],"tags":[],"yoast_head":"<!-- This site is optimized with the Yoast SEO plugin v23.4 - https:\/\/yoast.com\/wordpress\/plugins\/seo\/ -->\n<title>tra il dire e il fare c&#039;\u00e8 di mezzo il cominciare - Gian Battista Gualdi<\/title>\n<meta name=\"description\" content=\"tra il dire e il fare c&#039;\u00e8 di mezzo il cominciare poi si pu\u00f2 aggiungere. perch\u00e9 se ci metti il mare rischi pure di annegare.\" \/>\n<meta name=\"robots\" content=\"index, follow, max-snippet:-1, max-image-preview:large, max-video-preview:-1\" \/>\n<link rel=\"canonical\" href=\"https:\/\/www.gianbattista.it\/cms\/tra-il-dire-e-il-fare-ce-di-mezzo-il-cominciare\/\" \/>\n<meta property=\"og:locale\" content=\"it_IT\" \/>\n<meta property=\"og:type\" content=\"article\" \/>\n<meta property=\"og:title\" content=\"tra il dire e il fare c&#039;\u00e8 di mezzo il cominciare - Gian Battista Gualdi\" \/>\n<meta property=\"og:description\" content=\"tra il dire e il fare c&#039;\u00e8 di mezzo il cominciare poi si pu\u00f2 aggiungere. perch\u00e9 se ci metti il mare rischi pure di annegare.\" \/>\n<meta property=\"og:url\" content=\"https:\/\/www.gianbattista.it\/cms\/tra-il-dire-e-il-fare-ce-di-mezzo-il-cominciare\/\" \/>\n<meta property=\"og:site_name\" content=\"Gian Battista Gualdi\" \/>\n<meta property=\"article:publisher\" content=\"https:\/\/www.facebook.com\/gianbattistagualdi\" \/>\n<meta property=\"article:author\" content=\"https:\/\/www.facebook.com\/gianbattistagualdi\" \/>\n<meta property=\"article:published_time\" content=\"2016-11-07T11:32:51+00:00\" \/>\n<meta property=\"article:modified_time\" content=\"2016-11-12T10:57:50+00:00\" \/>\n<meta property=\"og:image\" content=\"https:\/\/www.gianbattista.it\/cms\/wp-content\/uploads\/2016\/12\/DanzaOrizzontale.png\" \/>\n\t<meta property=\"og:image:width\" content=\"538\" \/>\n\t<meta property=\"og:image:height\" content=\"218\" \/>\n\t<meta property=\"og:image:type\" content=\"image\/png\" \/>\n<meta name=\"author\" content=\"adminsito\" \/>\n<meta name=\"twitter:label1\" content=\"Scritto da\" \/>\n\t<meta name=\"twitter:data1\" content=\"adminsito\" \/>\n\t<meta name=\"twitter:label2\" content=\"Tempo di lettura stimato\" \/>\n\t<meta name=\"twitter:data2\" content=\"1 minuto\" \/>\n<script type=\"application\/ld+json\" class=\"yoast-schema-graph\">{\"@context\":\"https:\/\/schema.org\",\"@graph\":[{\"@type\":\"Article\",\"@id\":\"https:\/\/www.gianbattista.it\/cms\/tra-il-dire-e-il-fare-ce-di-mezzo-il-cominciare\/#article\",\"isPartOf\":{\"@id\":\"https:\/\/www.gianbattista.it\/cms\/tra-il-dire-e-il-fare-ce-di-mezzo-il-cominciare\/\"},\"author\":{\"name\":\"adminsito\",\"@id\":\"https:\/\/www.gianbattista.it\/cms\/#\/schema\/person\/1058c2e181b77adf83fbd7af6dfdda01\"},\"headline\":\"tra il dire e il fare c&#8217;\u00e8 di mezzo il cominciare\",\"datePublished\":\"2016-11-07T11:32:51+00:00\",\"dateModified\":\"2016-11-12T10:57:50+00:00\",\"mainEntityOfPage\":{\"@id\":\"https:\/\/www.gianbattista.it\/cms\/tra-il-dire-e-il-fare-ce-di-mezzo-il-cominciare\/\"},\"wordCount\":179,\"publisher\":{\"@id\":\"https:\/\/www.gianbattista.it\/cms\/#organization\"},\"image\":{\"@id\":\"https:\/\/www.gianbattista.it\/cms\/tra-il-dire-e-il-fare-ce-di-mezzo-il-cominciare\/#primaryimage\"},\"thumbnailUrl\":\"https:\/\/www.gianbattista.it\/cms\/wp-content\/uploads\/2016\/12\/DanzaOrizzontale.png\",\"articleSection\":[\"comunicAzione\"],\"inLanguage\":\"it-IT\"},{\"@type\":\"WebPage\",\"@id\":\"https:\/\/www.gianbattista.it\/cms\/tra-il-dire-e-il-fare-ce-di-mezzo-il-cominciare\/\",\"url\":\"https:\/\/www.gianbattista.it\/cms\/tra-il-dire-e-il-fare-ce-di-mezzo-il-cominciare\/\",\"name\":\"tra il dire e il fare c'\u00e8 di mezzo il cominciare - Gian Battista Gualdi\",\"isPartOf\":{\"@id\":\"https:\/\/www.gianbattista.it\/cms\/#website\"},\"primaryImageOfPage\":{\"@id\":\"https:\/\/www.gianbattista.it\/cms\/tra-il-dire-e-il-fare-ce-di-mezzo-il-cominciare\/#primaryimage\"},\"image\":{\"@id\":\"https:\/\/www.gianbattista.it\/cms\/tra-il-dire-e-il-fare-ce-di-mezzo-il-cominciare\/#primaryimage\"},\"thumbnailUrl\":\"https:\/\/www.gianbattista.it\/cms\/wp-content\/uploads\/2016\/12\/DanzaOrizzontale.png\",\"datePublished\":\"2016-11-07T11:32:51+00:00\",\"dateModified\":\"2016-11-12T10:57:50+00:00\",\"description\":\"tra il dire e il fare c'\u00e8 di mezzo il cominciare poi si pu\u00f2 aggiungere. perch\u00e9 se ci metti il mare rischi pure di annegare.\",\"breadcrumb\":{\"@id\":\"https:\/\/www.gianbattista.it\/cms\/tra-il-dire-e-il-fare-ce-di-mezzo-il-cominciare\/#breadcrumb\"},\"inLanguage\":\"it-IT\",\"potentialAction\":[{\"@type\":\"ReadAction\",\"target\":[\"https:\/\/www.gianbattista.it\/cms\/tra-il-dire-e-il-fare-ce-di-mezzo-il-cominciare\/\"]}]},{\"@type\":\"ImageObject\",\"inLanguage\":\"it-IT\",\"@id\":\"https:\/\/www.gianbattista.it\/cms\/tra-il-dire-e-il-fare-ce-di-mezzo-il-cominciare\/#primaryimage\",\"url\":\"https:\/\/www.gianbattista.it\/cms\/wp-content\/uploads\/2016\/12\/DanzaOrizzontale.png\",\"contentUrl\":\"https:\/\/www.gianbattista.it\/cms\/wp-content\/uploads\/2016\/12\/DanzaOrizzontale.png\",\"width\":538,\"height\":218,\"caption\":\"tra il dire e il fare\"},{\"@type\":\"BreadcrumbList\",\"@id\":\"https:\/\/www.gianbattista.it\/cms\/tra-il-dire-e-il-fare-ce-di-mezzo-il-cominciare\/#breadcrumb\",\"itemListElement\":[{\"@type\":\"ListItem\",\"position\":1,\"name\":\"Home\",\"item\":\"https:\/\/www.gianbattista.it\/cms\/\"},{\"@type\":\"ListItem\",\"position\":2,\"name\":\"tra il dire e il fare c&#8217;\u00e8 di mezzo il cominciare\"}]},{\"@type\":\"WebSite\",\"@id\":\"https:\/\/www.gianbattista.it\/cms\/#website\",\"url\":\"https:\/\/www.gianbattista.it\/cms\/\",\"name\":\"Gian Battista Gualdi\",\"description\":\"chiediti sempre il meglio\",\"publisher\":{\"@id\":\"https:\/\/www.gianbattista.it\/cms\/#organization\"},\"potentialAction\":[{\"@type\":\"SearchAction\",\"target\":{\"@type\":\"EntryPoint\",\"urlTemplate\":\"https:\/\/www.gianbattista.it\/cms\/?s={search_term_string}\"},\"query-input\":{\"@type\":\"PropertyValueSpecification\",\"valueRequired\":true,\"valueName\":\"search_term_string\"}}],\"inLanguage\":\"it-IT\"},{\"@type\":\"Organization\",\"@id\":\"https:\/\/www.gianbattista.it\/cms\/#organization\",\"name\":\"Gian Battista Gualdi\",\"url\":\"https:\/\/www.gianbattista.it\/cms\/\",\"logo\":{\"@type\":\"ImageObject\",\"inLanguage\":\"it-IT\",\"@id\":\"https:\/\/www.gianbattista.it\/cms\/#\/schema\/logo\/image\/\",\"url\":\"https:\/\/www.gianbattista.it\/cms\/wp-content\/uploads\/2016\/07\/GBG150.png\",\"contentUrl\":\"https:\/\/www.gianbattista.it\/cms\/wp-content\/uploads\/2016\/07\/GBG150.png\",\"width\":105,\"height\":70,\"caption\":\"Gian Battista Gualdi\"},\"image\":{\"@id\":\"https:\/\/www.gianbattista.it\/cms\/#\/schema\/logo\/image\/\"},\"sameAs\":[\"https:\/\/www.facebook.com\/gianbattistagualdi\",\"https:\/\/x.com\/gualdigb\",\"https:\/\/www.linkedin.com\/in\/gian-battista-gualdi-08781941?authType=NAME_SEARCH&amp;amp;amp;authToken=gMGk&amp;amp;amp;locale=it_IT&amp;amp;amp;trk=tyah&amp;amp;amp;trkInfo=clickedVertical:mynetwork,clickedEntityId:148340263,authType:NAME_SEARCH,idx:1-1-1,tarId:1467301191561,tas:gian battista\",\"https:\/\/www.youtube.com\/channel\/UC-02_zSXunzSWcH89_GVN_w\"]},{\"@type\":\"Person\",\"@id\":\"https:\/\/www.gianbattista.it\/cms\/#\/schema\/person\/1058c2e181b77adf83fbd7af6dfdda01\",\"name\":\"adminsito\",\"image\":{\"@type\":\"ImageObject\",\"inLanguage\":\"it-IT\",\"@id\":\"https:\/\/www.gianbattista.it\/cms\/#\/schema\/person\/image\/\",\"url\":\"https:\/\/secure.gravatar.com\/avatar\/66532d5a7693aa019d73b60d47ff5d5f?s=96&d=identicon&r=g\",\"contentUrl\":\"https:\/\/secure.gravatar.com\/avatar\/66532d5a7693aa019d73b60d47ff5d5f?s=96&d=identicon&r=g\",\"caption\":\"adminsito\"},\"sameAs\":[\"https:\/\/www.gianbattista.it\",\"https:\/\/www.facebook.com\/gianbattistagualdi\"],\"url\":\"https:\/\/www.gianbattista.it\/cms\/author\/admin\/\"}]}<\/script>\n<!-- \/ Yoast SEO plugin. -->","yoast_head_json":{"title":"tra il dire e il fare c'\u00e8 di mezzo il cominciare - Gian Battista Gualdi","description":"tra il dire e il fare c'\u00e8 di mezzo il cominciare poi si pu\u00f2 aggiungere. perch\u00e9 se ci metti il mare rischi pure di annegare.","robots":{"index":"index","follow":"follow","max-snippet":"max-snippet:-1","max-image-preview":"max-image-preview:large","max-video-preview":"max-video-preview:-1"},"canonical":"https:\/\/www.gianbattista.it\/cms\/tra-il-dire-e-il-fare-ce-di-mezzo-il-cominciare\/","og_locale":"it_IT","og_type":"article","og_title":"tra il dire e il fare c'\u00e8 di mezzo il cominciare - Gian Battista Gualdi","og_description":"tra il dire e il fare c'\u00e8 di mezzo il cominciare poi si pu\u00f2 aggiungere. perch\u00e9 se ci metti il mare rischi pure di annegare.","og_url":"https:\/\/www.gianbattista.it\/cms\/tra-il-dire-e-il-fare-ce-di-mezzo-il-cominciare\/","og_site_name":"Gian Battista Gualdi","article_publisher":"https:\/\/www.facebook.com\/gianbattistagualdi","article_author":"https:\/\/www.facebook.com\/gianbattistagualdi","article_published_time":"2016-11-07T11:32:51+00:00","article_modified_time":"2016-11-12T10:57:50+00:00","og_image":[{"width":538,"height":218,"url":"https:\/\/www.gianbattista.it\/cms\/wp-content\/uploads\/2016\/12\/DanzaOrizzontale.png","type":"image\/png"}],"author":"adminsito","twitter_misc":{"Scritto da":"adminsito","Tempo di lettura stimato":"1 minuto"},"schema":{"@context":"https:\/\/schema.org","@graph":[{"@type":"Article","@id":"https:\/\/www.gianbattista.it\/cms\/tra-il-dire-e-il-fare-ce-di-mezzo-il-cominciare\/#article","isPartOf":{"@id":"https:\/\/www.gianbattista.it\/cms\/tra-il-dire-e-il-fare-ce-di-mezzo-il-cominciare\/"},"author":{"name":"adminsito","@id":"https:\/\/www.gianbattista.it\/cms\/#\/schema\/person\/1058c2e181b77adf83fbd7af6dfdda01"},"headline":"tra il dire e il fare c&#8217;\u00e8 di mezzo il cominciare","datePublished":"2016-11-07T11:32:51+00:00","dateModified":"2016-11-12T10:57:50+00:00","mainEntityOfPage":{"@id":"https:\/\/www.gianbattista.it\/cms\/tra-il-dire-e-il-fare-ce-di-mezzo-il-cominciare\/"},"wordCount":179,"publisher":{"@id":"https:\/\/www.gianbattista.it\/cms\/#organization"},"image":{"@id":"https:\/\/www.gianbattista.it\/cms\/tra-il-dire-e-il-fare-ce-di-mezzo-il-cominciare\/#primaryimage"},"thumbnailUrl":"https:\/\/www.gianbattista.it\/cms\/wp-content\/uploads\/2016\/12\/DanzaOrizzontale.png","articleSection":["comunicAzione"],"inLanguage":"it-IT"},{"@type":"WebPage","@id":"https:\/\/www.gianbattista.it\/cms\/tra-il-dire-e-il-fare-ce-di-mezzo-il-cominciare\/","url":"https:\/\/www.gianbattista.it\/cms\/tra-il-dire-e-il-fare-ce-di-mezzo-il-cominciare\/","name":"tra il dire e il fare c'\u00e8 di mezzo il cominciare - Gian Battista Gualdi","isPartOf":{"@id":"https:\/\/www.gianbattista.it\/cms\/#website"},"primaryImageOfPage":{"@id":"https:\/\/www.gianbattista.it\/cms\/tra-il-dire-e-il-fare-ce-di-mezzo-il-cominciare\/#primaryimage"},"image":{"@id":"https:\/\/www.gianbattista.it\/cms\/tra-il-dire-e-il-fare-ce-di-mezzo-il-cominciare\/#primaryimage"},"thumbnailUrl":"https:\/\/www.gianbattista.it\/cms\/wp-content\/uploads\/2016\/12\/DanzaOrizzontale.png","datePublished":"2016-11-07T11:32:51+00:00","dateModified":"2016-11-12T10:57:50+00:00","description":"tra il dire e il fare c'\u00e8 di mezzo il cominciare poi si pu\u00f2 aggiungere. perch\u00e9 se ci metti il mare rischi pure di annegare.","breadcrumb":{"@id":"https:\/\/www.gianbattista.it\/cms\/tra-il-dire-e-il-fare-ce-di-mezzo-il-cominciare\/#breadcrumb"},"inLanguage":"it-IT","potentialAction":[{"@type":"ReadAction","target":["https:\/\/www.gianbattista.it\/cms\/tra-il-dire-e-il-fare-ce-di-mezzo-il-cominciare\/"]}]},{"@type":"ImageObject","inLanguage":"it-IT","@id":"https:\/\/www.gianbattista.it\/cms\/tra-il-dire-e-il-fare-ce-di-mezzo-il-cominciare\/#primaryimage","url":"https:\/\/www.gianbattista.it\/cms\/wp-content\/uploads\/2016\/12\/DanzaOrizzontale.png","contentUrl":"https:\/\/www.gianbattista.it\/cms\/wp-content\/uploads\/2016\/12\/DanzaOrizzontale.png","width":538,"height":218,"caption":"tra il dire e il fare"},{"@type":"BreadcrumbList","@id":"https:\/\/www.gianbattista.it\/cms\/tra-il-dire-e-il-fare-ce-di-mezzo-il-cominciare\/#breadcrumb","itemListElement":[{"@type":"ListItem","position":1,"name":"Home","item":"https:\/\/www.gianbattista.it\/cms\/"},{"@type":"ListItem","position":2,"name":"tra il dire e il fare c&#8217;\u00e8 di mezzo il cominciare"}]},{"@type":"WebSite","@id":"https:\/\/www.gianbattista.it\/cms\/#website","url":"https:\/\/www.gianbattista.it\/cms\/","name":"Gian Battista Gualdi","description":"chiediti sempre il meglio","publisher":{"@id":"https:\/\/www.gianbattista.it\/cms\/#organization"},"potentialAction":[{"@type":"SearchAction","target":{"@type":"EntryPoint","urlTemplate":"https:\/\/www.gianbattista.it\/cms\/?s={search_term_string}"},"query-input":{"@type":"PropertyValueSpecification","valueRequired":true,"valueName":"search_term_string"}}],"inLanguage":"it-IT"},{"@type":"Organization","@id":"https:\/\/www.gianbattista.it\/cms\/#organization","name":"Gian Battista Gualdi","url":"https:\/\/www.gianbattista.it\/cms\/","logo":{"@type":"ImageObject","inLanguage":"it-IT","@id":"https:\/\/www.gianbattista.it\/cms\/#\/schema\/logo\/image\/","url":"https:\/\/www.gianbattista.it\/cms\/wp-content\/uploads\/2016\/07\/GBG150.png","contentUrl":"https:\/\/www.gianbattista.it\/cms\/wp-content\/uploads\/2016\/07\/GBG150.png","width":105,"height":70,"caption":"Gian Battista Gualdi"},"image":{"@id":"https:\/\/www.gianbattista.it\/cms\/#\/schema\/logo\/image\/"},"sameAs":["https:\/\/www.facebook.com\/gianbattistagualdi","https:\/\/x.com\/gualdigb","https:\/\/www.linkedin.com\/in\/gian-battista-gualdi-08781941?authType=NAME_SEARCH&amp;amp;amp;authToken=gMGk&amp;amp;amp;locale=it_IT&amp;amp;amp;trk=tyah&amp;amp;amp;trkInfo=clickedVertical:mynetwork,clickedEntityId:148340263,authType:NAME_SEARCH,idx:1-1-1,tarId:1467301191561,tas:gian battista","https:\/\/www.youtube.com\/channel\/UC-02_zSXunzSWcH89_GVN_w"]},{"@type":"Person","@id":"https:\/\/www.gianbattista.it\/cms\/#\/schema\/person\/1058c2e181b77adf83fbd7af6dfdda01","name":"adminsito","image":{"@type":"ImageObject","inLanguage":"it-IT","@id":"https:\/\/www.gianbattista.it\/cms\/#\/schema\/person\/image\/","url":"https:\/\/secure.gravatar.com\/avatar\/66532d5a7693aa019d73b60d47ff5d5f?s=96&d=identicon&r=g","contentUrl":"https:\/\/secure.gravatar.com\/avatar\/66532d5a7693aa019d73b60d47ff5d5f?s=96&d=identicon&r=g","caption":"adminsito"},"sameAs":["https:\/\/www.gianbattista.it","https:\/\/www.facebook.com\/gianbattistagualdi"],"url":"https:\/\/www.gianbattista.it\/cms\/author\/admin\/"}]}},"_links":{"self":[{"href":"https:\/\/www.gianbattista.it\/cms\/wp-json\/wp\/v2\/posts\/2490"}],"collection":[{"href":"https:\/\/www.gianbattista.it\/cms\/wp-json\/wp\/v2\/posts"}],"about":[{"href":"https:\/\/www.gianbattista.it\/cms\/wp-json\/wp\/v2\/types\/post"}],"author":[{"embeddable":true,"href":"https:\/\/www.gianbattista.it\/cms\/wp-json\/wp\/v2\/users\/2"}],"replies":[{"embeddable":true,"href":"https:\/\/www.gianbattista.it\/cms\/wp-json\/wp\/v2\/comments?post=2490"}],"version-history":[{"count":0,"href":"https:\/\/www.gianbattista.it\/cms\/wp-json\/wp\/v2\/posts\/2490\/revisions"}],"wp:featuredmedia":[{"embeddable":true,"href":"https:\/\/www.gianbattista.it\/cms\/wp-json\/wp\/v2\/media\/2675"}],"wp:attachment":[{"href":"https:\/\/www.gianbattista.it\/cms\/wp-json\/wp\/v2\/media?parent=2490"}],"wp:term":[{"taxonomy":"category","embeddable":true,"href":"https:\/\/www.gianbattista.it\/cms\/wp-json\/wp\/v2\/categories?post=2490"},{"taxonomy":"post_tag","embeddable":true,"href":"https:\/\/www.gianbattista.it\/cms\/wp-json\/wp\/v2\/tags?post=2490"}],"curies":[{"name":"wp","href":"https:\/\/api.w.org\/{rel}","templated":true}]}}