{"id":2894,"date":"2016-12-02T08:00:56","date_gmt":"2016-12-02T08:00:56","guid":{"rendered":"https:\/\/www.gianbattista.it\/cms\/?p=2894"},"modified":"2020-09-15T15:15:32","modified_gmt":"2020-09-15T13:15:32","slug":"idea-guardare-o-vedere","status":"publish","type":"post","link":"https:\/\/www.gianbattista.it\/cms\/idea-guardare-o-vedere\/","title":{"rendered":"Idea, guardare o vedere. Il significato profondo"},"content":{"rendered":"<p>[et_pb_section fb_built=&#8221;1&#8243; admin_label=&#8221;section&#8221; _builder_version=&#8221;3.22&#8243;][et_pb_row admin_label=&#8221;row&#8221; _builder_version=&#8221;3.25&#8243; background_size=&#8221;initial&#8221; background_position=&#8221;top_left&#8221; background_repeat=&#8221;repeat&#8221;][et_pb_column type=&#8221;4_4&#8243; _builder_version=&#8221;3.25&#8243; custom_padding=&#8221;|||&#8221; custom_padding__hover=&#8221;|||&#8221;][et_pb_text admin_label=&#8221;Testo&#8221; _builder_version=&#8221;3.27.4&#8243; background_size=&#8221;initial&#8221; background_position=&#8221;top_left&#8221; background_repeat=&#8221;repeat&#8221; use_border_color=&#8221;off&#8221; border_color=&#8221;#ffffff&#8221; border_style=&#8221;solid&#8221;]<\/p>\n<h4><strong>Idea, guardare o vedere. Il significato profondo e i proverbi<\/strong><\/h4>\n<p><strong>Tutto \u00e8 cominciato perch\u00e9 volevo dare il significato a un effetto magico, non avrei mai pensato di riscoprire il valore della parola idea grazie ad un gioco con le carte.<\/strong><\/p>\n<p><strong>&#8220;Ho un idea!&#8221;; significa che sono proprio li. \u00c8 come quando la vedi dall\u2019interno.<\/strong><\/p>\n<p><strong>La sto guardando. \u00c8 come se la guardassi dall\u2019esterno.<\/strong><\/p>\n<p><strong>Vorrei che per un momento voi pensaste all\u2019azione: guardo il mio corpo e vedo il mio corpo. Come la percepiamo? Come percepiamo il nostro corpo?<\/strong><\/p>\n<p>Chiudi gli occhi e rifletti sulla differenza.<\/p>\n<p>Come \u00e8? Che sensazioni hai avuto?<\/p>\n<p>Vorrei ora raccogliere alcuni proverbi. Quando vuoi compila il form e li inserir\u00f2 qui sotto<\/p>\n<p><a href=\"https:\/\/luirig.altervista.org\/proverbi-ricerca\/index.php?lemma=vedere\">Vedere<\/a><\/p>\n<ul>\n<li><em>Chi s\u2019\u00e8 visto s\u2019\u00e8 visto!<\/em><\/li>\n<li><em>Dio<\/em><em>&nbsp;<\/em><strong><em>vede<\/em><\/strong><em>&nbsp;<\/em><em>e provvede<\/em><\/li>\n<li><em>Il buongiorno si<\/em><em>&nbsp;<\/em><strong><em>vede<\/em><\/strong><em>&nbsp;<\/em><em>dal mattino<\/em><\/li>\n<li><em>Occhio non vede cuore non duole<\/em><\/li>\n<li><em>Vedi Napoli e poi muori<\/em><\/li>\n<li>Chi getta un seme lo deve coltivare, se vuol vederlo con il tempo germogliare.<\/li>\n<\/ul>\n<p><a href=\"https:\/\/luirig.altervista.org\/proverbi-ricerca\/index.php?lemma=guarda\">Guardare<\/a><\/p>\n<ul>\n<li>A caval donato non gli si guarda in bocca.<\/li>\n<li>Bisogna guardare non a quello che entra, ma a quello che esce.<\/li>\n<li>Chi pi\u00f9 guarda, meno vede.<\/li>\n<\/ul>\n<p>Chi sta a guardare non soffre.<br \/>\n[\/et_pb_text][et_pb_comments show_count=&#8221;off&#8221; admin_label=&#8221;Commenti&#8221; _builder_version=&#8221;3.16&#8243; use_border_color=&#8221;off&#8221; border_color=&#8221;#ffffff&#8221; border_style=&#8221;solid&#8221; button_letter_spacing_hover=&#8221;0&#8243; button_text_size__hover_enabled=&#8221;off&#8221; button_one_text_size__hover_enabled=&#8221;off&#8221; button_two_text_size__hover_enabled=&#8221;off&#8221; button_text_color__hover_enabled=&#8221;off&#8221; button_one_text_color__hover_enabled=&#8221;off&#8221; button_two_text_color__hover_enabled=&#8221;off&#8221; button_border_width__hover_enabled=&#8221;off&#8221; button_one_border_width__hover_enabled=&#8221;off&#8221; button_two_border_width__hover_enabled=&#8221;off&#8221; button_border_color__hover_enabled=&#8221;off&#8221; button_one_border_color__hover_enabled=&#8221;off&#8221; button_two_border_color__hover_enabled=&#8221;off&#8221; button_border_radius__hover_enabled=&#8221;off&#8221; button_one_border_radius__hover_enabled=&#8221;off&#8221; button_two_border_radius__hover_enabled=&#8221;off&#8221; button_letter_spacing__hover_enabled=&#8221;on&#8221; button_letter_spacing__hover=&#8221;0&#8243; button_one_letter_spacing__hover_enabled=&#8221;off&#8221; button_two_letter_spacing__hover_enabled=&#8221;off&#8221; button_bg_color__hover_enabled=&#8221;off&#8221; button_one_bg_color__hover_enabled=&#8221;off&#8221; button_two_bg_color__hover_enabled=&#8221;off&#8221;] [\/et_pb_comments][et_pb_social_media_follow url_new_window=&#8221;off&#8221; admin_label=&#8221;Segui Social Media&#8221; _builder_version=&#8221;3.0.87&#8243; link_shape=&#8221;rounded_rectangle&#8221;][et_pb_social_media_follow_network social_network=&#8221;facebook&#8221; url=&#8221;https:\/\/www.facebook.com\/gualdigianbattista\/&#8221; _builder_version=&#8221;3.0.74&#8243; background_color=&#8221;#3b5998&#8243; bg_color=&#8221;#3b5998&#8243; link_shape=&#8221;rounded_rectangle&#8221; follow_button=&#8221;off&#8221; url_new_window=&#8221;off&#8221;] Facebook [\/et_pb_social_media_follow_network][\/et_pb_social_media_follow][\/et_pb_column][\/et_pb_row][\/et_pb_section]<\/p>\n","protected":false},"excerpt":{"rendered":"<p>Ho scoperto recentemente che idea ha un significato interessantissimo e trae le sue origini dalla greco \u201cvedere\u201d. Per leggere bene la parola Idea, usate la e (\u00e8) aperta; questo \u00e8 ci\u00f2 che consiglia la dizione italiana.<\/p>\n","protected":false},"author":2,"featured_media":2898,"comment_status":"closed","ping_status":"closed","sticky":false,"template":"","format":"standard","meta":{"_et_pb_use_builder":"on","_et_pb_old_content":"<h4><strong>Ho un idea? Cosa accade nella nostra mente?<\/strong><\/h4><p><strong>Ho scoperto recentemente il valore della parola idea. Idea ha un <a href=\"https:\/\/www.skuola.net\/grammatica-italiana\/vedere-guardare-differenze.html\">significato<\/a> interessantissimo e trae le sue origini dalla greco \u201cvedere\u201d. Approfondiamo. Per cominciare leggete bene la parola Idea, come consiglia la dizione italiana. Usate la e (\u00e8) aperta.<\/strong><\/p><p><strong>Tutto \u00e8 cominciato perch\u00e9 volevo dare il significato a un effetto magico, non avrei mai pensato di riscoprire il valore della parola idea grazie ad un gioco con le carte.<\/strong><\/p><p><strong>\"Ho un idea!\"; significa che sono proprio li. \u00c8 come quando la vedi dall\u2019interno.<\/strong><\/p><p><strong>La sto guardando. \u00c8 come se la guardassi dall\u2019esterno.<\/strong><\/p><p><strong>Vorrei che per un momento voi pensaste all\u2019azione: guardo il mio corpo e vedo il mio corpo. Come la percepiamo? Come percepiamo il nostro corpo?<\/strong><\/p><p>Chiudi gli occhi e rifletti alla differenza.<\/p><p>Come \u00e8? Che sensazioni hai avuto?<\/p><p>Guardare richiede spesso molta energia e un\u2019attenta analisi dei dettagli. Vedere ci permettere di vivere un\u2019idea di essere dentro, all\u2019origine di un nuovo percorso.<\/p><p>Vorrei ora raccogliere alcuni proverbi. Quando vuoi compila il form e li inserir\u00f2 qui sotto<\/p>","_et_gb_content_width":"","footnotes":""},"categories":[1],"tags":[],"yoast_head":"<!-- This site is optimized with the Yoast SEO plugin v23.4 - https:\/\/yoast.com\/wordpress\/plugins\/seo\/ -->\n<title>Idea, guardare o vedere. Il significato profondo - Gian Battista Gualdi<\/title>\n<meta name=\"description\" content=\"idea ha un significato interessantissimo e trae le sue origini dalla greco \u201cvedere\u201d. Per leggere bene la parola Idea, usate la e (\u00e8) aperta\" \/>\n<meta name=\"robots\" content=\"index, follow, max-snippet:-1, max-image-preview:large, max-video-preview:-1\" \/>\n<link rel=\"canonical\" href=\"https:\/\/www.gianbattista.it\/cms\/idea-guardare-o-vedere\/\" \/>\n<meta property=\"og:locale\" content=\"it_IT\" \/>\n<meta property=\"og:type\" content=\"article\" \/>\n<meta property=\"og:title\" content=\"Idea, guardare o vedere. Il significato profondo - Gian Battista Gualdi\" \/>\n<meta property=\"og:description\" content=\"idea ha un significato interessantissimo e trae le sue origini dalla greco \u201cvedere\u201d. Per leggere bene la parola Idea, usate la e (\u00e8) aperta\" \/>\n<meta property=\"og:url\" content=\"https:\/\/www.gianbattista.it\/cms\/idea-guardare-o-vedere\/\" \/>\n<meta property=\"og:site_name\" content=\"Gian Battista Gualdi\" \/>\n<meta property=\"article:publisher\" content=\"https:\/\/www.facebook.com\/gianbattistagualdi\" \/>\n<meta property=\"article:author\" content=\"https:\/\/www.facebook.com\/gianbattistagualdi\" \/>\n<meta property=\"article:published_time\" content=\"2016-12-02T08:00:56+00:00\" \/>\n<meta property=\"article:modified_time\" content=\"2020-09-15T13:15:32+00:00\" \/>\n<meta property=\"og:image\" content=\"https:\/\/www.gianbattista.it\/cms\/wp-content\/uploads\/2016\/12\/maglietta-sorriso.png\" \/>\n\t<meta property=\"og:image:width\" content=\"538\" \/>\n\t<meta property=\"og:image:height\" content=\"218\" \/>\n\t<meta property=\"og:image:type\" content=\"image\/png\" \/>\n<meta name=\"author\" content=\"adminsito\" \/>\n<meta name=\"twitter:label1\" content=\"Scritto da\" \/>\n\t<meta name=\"twitter:data1\" content=\"adminsito\" \/>\n\t<meta name=\"twitter:label2\" content=\"Tempo di lettura stimato\" \/>\n\t<meta name=\"twitter:data2\" content=\"3 minuti\" \/>\n<script type=\"application\/ld+json\" class=\"yoast-schema-graph\">{\"@context\":\"https:\/\/schema.org\",\"@graph\":[{\"@type\":\"Article\",\"@id\":\"https:\/\/www.gianbattista.it\/cms\/idea-guardare-o-vedere\/#article\",\"isPartOf\":{\"@id\":\"https:\/\/www.gianbattista.it\/cms\/idea-guardare-o-vedere\/\"},\"author\":{\"name\":\"adminsito\",\"@id\":\"https:\/\/www.gianbattista.it\/cms\/#\/schema\/person\/1058c2e181b77adf83fbd7af6dfdda01\"},\"headline\":\"Idea, guardare o vedere. Il significato profondo\",\"datePublished\":\"2016-12-02T08:00:56+00:00\",\"dateModified\":\"2020-09-15T13:15:32+00:00\",\"mainEntityOfPage\":{\"@id\":\"https:\/\/www.gianbattista.it\/cms\/idea-guardare-o-vedere\/\"},\"wordCount\":517,\"publisher\":{\"@id\":\"https:\/\/www.gianbattista.it\/cms\/#organization\"},\"image\":{\"@id\":\"https:\/\/www.gianbattista.it\/cms\/idea-guardare-o-vedere\/#primaryimage\"},\"thumbnailUrl\":\"https:\/\/www.gianbattista.it\/cms\/wp-content\/uploads\/2016\/12\/maglietta-sorriso.png\",\"articleSection\":[\"comunicAzione\"],\"inLanguage\":\"it-IT\"},{\"@type\":\"WebPage\",\"@id\":\"https:\/\/www.gianbattista.it\/cms\/idea-guardare-o-vedere\/\",\"url\":\"https:\/\/www.gianbattista.it\/cms\/idea-guardare-o-vedere\/\",\"name\":\"Idea, guardare o vedere. Il significato profondo - Gian Battista Gualdi\",\"isPartOf\":{\"@id\":\"https:\/\/www.gianbattista.it\/cms\/#website\"},\"primaryImageOfPage\":{\"@id\":\"https:\/\/www.gianbattista.it\/cms\/idea-guardare-o-vedere\/#primaryimage\"},\"image\":{\"@id\":\"https:\/\/www.gianbattista.it\/cms\/idea-guardare-o-vedere\/#primaryimage\"},\"thumbnailUrl\":\"https:\/\/www.gianbattista.it\/cms\/wp-content\/uploads\/2016\/12\/maglietta-sorriso.png\",\"datePublished\":\"2016-12-02T08:00:56+00:00\",\"dateModified\":\"2020-09-15T13:15:32+00:00\",\"description\":\"idea ha un significato interessantissimo e trae le sue origini dalla greco \u201cvedere\u201d. Per leggere bene la parola Idea, usate la e (\u00e8) aperta\",\"breadcrumb\":{\"@id\":\"https:\/\/www.gianbattista.it\/cms\/idea-guardare-o-vedere\/#breadcrumb\"},\"inLanguage\":\"it-IT\",\"potentialAction\":[{\"@type\":\"ReadAction\",\"target\":[\"https:\/\/www.gianbattista.it\/cms\/idea-guardare-o-vedere\/\"]}]},{\"@type\":\"ImageObject\",\"inLanguage\":\"it-IT\",\"@id\":\"https:\/\/www.gianbattista.it\/cms\/idea-guardare-o-vedere\/#primaryimage\",\"url\":\"https:\/\/www.gianbattista.it\/cms\/wp-content\/uploads\/2016\/12\/maglietta-sorriso.png\",\"contentUrl\":\"https:\/\/www.gianbattista.it\/cms\/wp-content\/uploads\/2016\/12\/maglietta-sorriso.png\",\"width\":538,\"height\":218,\"caption\":\"idea\"},{\"@type\":\"BreadcrumbList\",\"@id\":\"https:\/\/www.gianbattista.it\/cms\/idea-guardare-o-vedere\/#breadcrumb\",\"itemListElement\":[{\"@type\":\"ListItem\",\"position\":1,\"name\":\"Home\",\"item\":\"https:\/\/www.gianbattista.it\/cms\/\"},{\"@type\":\"ListItem\",\"position\":2,\"name\":\"Idea, guardare o vedere. Il significato profondo\"}]},{\"@type\":\"WebSite\",\"@id\":\"https:\/\/www.gianbattista.it\/cms\/#website\",\"url\":\"https:\/\/www.gianbattista.it\/cms\/\",\"name\":\"Gian Battista Gualdi\",\"description\":\"chiediti sempre il meglio\",\"publisher\":{\"@id\":\"https:\/\/www.gianbattista.it\/cms\/#organization\"},\"potentialAction\":[{\"@type\":\"SearchAction\",\"target\":{\"@type\":\"EntryPoint\",\"urlTemplate\":\"https:\/\/www.gianbattista.it\/cms\/?s={search_term_string}\"},\"query-input\":{\"@type\":\"PropertyValueSpecification\",\"valueRequired\":true,\"valueName\":\"search_term_string\"}}],\"inLanguage\":\"it-IT\"},{\"@type\":\"Organization\",\"@id\":\"https:\/\/www.gianbattista.it\/cms\/#organization\",\"name\":\"Gian Battista Gualdi\",\"url\":\"https:\/\/www.gianbattista.it\/cms\/\",\"logo\":{\"@type\":\"ImageObject\",\"inLanguage\":\"it-IT\",\"@id\":\"https:\/\/www.gianbattista.it\/cms\/#\/schema\/logo\/image\/\",\"url\":\"https:\/\/www.gianbattista.it\/cms\/wp-content\/uploads\/2016\/07\/GBG150.png\",\"contentUrl\":\"https:\/\/www.gianbattista.it\/cms\/wp-content\/uploads\/2016\/07\/GBG150.png\",\"width\":105,\"height\":70,\"caption\":\"Gian Battista Gualdi\"},\"image\":{\"@id\":\"https:\/\/www.gianbattista.it\/cms\/#\/schema\/logo\/image\/\"},\"sameAs\":[\"https:\/\/www.facebook.com\/gianbattistagualdi\",\"https:\/\/x.com\/gualdigb\",\"https:\/\/www.linkedin.com\/in\/gian-battista-gualdi-08781941?authType=NAME_SEARCH&amp;amp;amp;authToken=gMGk&amp;amp;amp;locale=it_IT&amp;amp;amp;trk=tyah&amp;amp;amp;trkInfo=clickedVertical:mynetwork,clickedEntityId:148340263,authType:NAME_SEARCH,idx:1-1-1,tarId:1467301191561,tas:gian battista\",\"https:\/\/www.youtube.com\/channel\/UC-02_zSXunzSWcH89_GVN_w\"]},{\"@type\":\"Person\",\"@id\":\"https:\/\/www.gianbattista.it\/cms\/#\/schema\/person\/1058c2e181b77adf83fbd7af6dfdda01\",\"name\":\"adminsito\",\"image\":{\"@type\":\"ImageObject\",\"inLanguage\":\"it-IT\",\"@id\":\"https:\/\/www.gianbattista.it\/cms\/#\/schema\/person\/image\/\",\"url\":\"https:\/\/secure.gravatar.com\/avatar\/66532d5a7693aa019d73b60d47ff5d5f?s=96&d=identicon&r=g\",\"contentUrl\":\"https:\/\/secure.gravatar.com\/avatar\/66532d5a7693aa019d73b60d47ff5d5f?s=96&d=identicon&r=g\",\"caption\":\"adminsito\"},\"sameAs\":[\"https:\/\/www.gianbattista.it\",\"https:\/\/www.facebook.com\/gianbattistagualdi\"],\"url\":\"https:\/\/www.gianbattista.it\/cms\/author\/admin\/\"}]}<\/script>\n<!-- \/ Yoast SEO plugin. -->","yoast_head_json":{"title":"Idea, guardare o vedere. Il significato profondo - Gian Battista Gualdi","description":"idea ha un significato interessantissimo e trae le sue origini dalla greco \u201cvedere\u201d. Per leggere bene la parola Idea, usate la e (\u00e8) aperta","robots":{"index":"index","follow":"follow","max-snippet":"max-snippet:-1","max-image-preview":"max-image-preview:large","max-video-preview":"max-video-preview:-1"},"canonical":"https:\/\/www.gianbattista.it\/cms\/idea-guardare-o-vedere\/","og_locale":"it_IT","og_type":"article","og_title":"Idea, guardare o vedere. Il significato profondo - Gian Battista Gualdi","og_description":"idea ha un significato interessantissimo e trae le sue origini dalla greco \u201cvedere\u201d. Per leggere bene la parola Idea, usate la e (\u00e8) aperta","og_url":"https:\/\/www.gianbattista.it\/cms\/idea-guardare-o-vedere\/","og_site_name":"Gian Battista Gualdi","article_publisher":"https:\/\/www.facebook.com\/gianbattistagualdi","article_author":"https:\/\/www.facebook.com\/gianbattistagualdi","article_published_time":"2016-12-02T08:00:56+00:00","article_modified_time":"2020-09-15T13:15:32+00:00","og_image":[{"width":538,"height":218,"url":"https:\/\/www.gianbattista.it\/cms\/wp-content\/uploads\/2016\/12\/maglietta-sorriso.png","type":"image\/png"}],"author":"adminsito","twitter_misc":{"Scritto da":"adminsito","Tempo di lettura stimato":"3 minuti"},"schema":{"@context":"https:\/\/schema.org","@graph":[{"@type":"Article","@id":"https:\/\/www.gianbattista.it\/cms\/idea-guardare-o-vedere\/#article","isPartOf":{"@id":"https:\/\/www.gianbattista.it\/cms\/idea-guardare-o-vedere\/"},"author":{"name":"adminsito","@id":"https:\/\/www.gianbattista.it\/cms\/#\/schema\/person\/1058c2e181b77adf83fbd7af6dfdda01"},"headline":"Idea, guardare o vedere. Il significato profondo","datePublished":"2016-12-02T08:00:56+00:00","dateModified":"2020-09-15T13:15:32+00:00","mainEntityOfPage":{"@id":"https:\/\/www.gianbattista.it\/cms\/idea-guardare-o-vedere\/"},"wordCount":517,"publisher":{"@id":"https:\/\/www.gianbattista.it\/cms\/#organization"},"image":{"@id":"https:\/\/www.gianbattista.it\/cms\/idea-guardare-o-vedere\/#primaryimage"},"thumbnailUrl":"https:\/\/www.gianbattista.it\/cms\/wp-content\/uploads\/2016\/12\/maglietta-sorriso.png","articleSection":["comunicAzione"],"inLanguage":"it-IT"},{"@type":"WebPage","@id":"https:\/\/www.gianbattista.it\/cms\/idea-guardare-o-vedere\/","url":"https:\/\/www.gianbattista.it\/cms\/idea-guardare-o-vedere\/","name":"Idea, guardare o vedere. Il significato profondo - Gian Battista Gualdi","isPartOf":{"@id":"https:\/\/www.gianbattista.it\/cms\/#website"},"primaryImageOfPage":{"@id":"https:\/\/www.gianbattista.it\/cms\/idea-guardare-o-vedere\/#primaryimage"},"image":{"@id":"https:\/\/www.gianbattista.it\/cms\/idea-guardare-o-vedere\/#primaryimage"},"thumbnailUrl":"https:\/\/www.gianbattista.it\/cms\/wp-content\/uploads\/2016\/12\/maglietta-sorriso.png","datePublished":"2016-12-02T08:00:56+00:00","dateModified":"2020-09-15T13:15:32+00:00","description":"idea ha un significato interessantissimo e trae le sue origini dalla greco \u201cvedere\u201d. Per leggere bene la parola Idea, usate la e (\u00e8) aperta","breadcrumb":{"@id":"https:\/\/www.gianbattista.it\/cms\/idea-guardare-o-vedere\/#breadcrumb"},"inLanguage":"it-IT","potentialAction":[{"@type":"ReadAction","target":["https:\/\/www.gianbattista.it\/cms\/idea-guardare-o-vedere\/"]}]},{"@type":"ImageObject","inLanguage":"it-IT","@id":"https:\/\/www.gianbattista.it\/cms\/idea-guardare-o-vedere\/#primaryimage","url":"https:\/\/www.gianbattista.it\/cms\/wp-content\/uploads\/2016\/12\/maglietta-sorriso.png","contentUrl":"https:\/\/www.gianbattista.it\/cms\/wp-content\/uploads\/2016\/12\/maglietta-sorriso.png","width":538,"height":218,"caption":"idea"},{"@type":"BreadcrumbList","@id":"https:\/\/www.gianbattista.it\/cms\/idea-guardare-o-vedere\/#breadcrumb","itemListElement":[{"@type":"ListItem","position":1,"name":"Home","item":"https:\/\/www.gianbattista.it\/cms\/"},{"@type":"ListItem","position":2,"name":"Idea, guardare o vedere. Il significato profondo"}]},{"@type":"WebSite","@id":"https:\/\/www.gianbattista.it\/cms\/#website","url":"https:\/\/www.gianbattista.it\/cms\/","name":"Gian Battista Gualdi","description":"chiediti sempre il meglio","publisher":{"@id":"https:\/\/www.gianbattista.it\/cms\/#organization"},"potentialAction":[{"@type":"SearchAction","target":{"@type":"EntryPoint","urlTemplate":"https:\/\/www.gianbattista.it\/cms\/?s={search_term_string}"},"query-input":{"@type":"PropertyValueSpecification","valueRequired":true,"valueName":"search_term_string"}}],"inLanguage":"it-IT"},{"@type":"Organization","@id":"https:\/\/www.gianbattista.it\/cms\/#organization","name":"Gian Battista Gualdi","url":"https:\/\/www.gianbattista.it\/cms\/","logo":{"@type":"ImageObject","inLanguage":"it-IT","@id":"https:\/\/www.gianbattista.it\/cms\/#\/schema\/logo\/image\/","url":"https:\/\/www.gianbattista.it\/cms\/wp-content\/uploads\/2016\/07\/GBG150.png","contentUrl":"https:\/\/www.gianbattista.it\/cms\/wp-content\/uploads\/2016\/07\/GBG150.png","width":105,"height":70,"caption":"Gian Battista Gualdi"},"image":{"@id":"https:\/\/www.gianbattista.it\/cms\/#\/schema\/logo\/image\/"},"sameAs":["https:\/\/www.facebook.com\/gianbattistagualdi","https:\/\/x.com\/gualdigb","https:\/\/www.linkedin.com\/in\/gian-battista-gualdi-08781941?authType=NAME_SEARCH&amp;amp;amp;authToken=gMGk&amp;amp;amp;locale=it_IT&amp;amp;amp;trk=tyah&amp;amp;amp;trkInfo=clickedVertical:mynetwork,clickedEntityId:148340263,authType:NAME_SEARCH,idx:1-1-1,tarId:1467301191561,tas:gian battista","https:\/\/www.youtube.com\/channel\/UC-02_zSXunzSWcH89_GVN_w"]},{"@type":"Person","@id":"https:\/\/www.gianbattista.it\/cms\/#\/schema\/person\/1058c2e181b77adf83fbd7af6dfdda01","name":"adminsito","image":{"@type":"ImageObject","inLanguage":"it-IT","@id":"https:\/\/www.gianbattista.it\/cms\/#\/schema\/person\/image\/","url":"https:\/\/secure.gravatar.com\/avatar\/66532d5a7693aa019d73b60d47ff5d5f?s=96&d=identicon&r=g","contentUrl":"https:\/\/secure.gravatar.com\/avatar\/66532d5a7693aa019d73b60d47ff5d5f?s=96&d=identicon&r=g","caption":"adminsito"},"sameAs":["https:\/\/www.gianbattista.it","https:\/\/www.facebook.com\/gianbattistagualdi"],"url":"https:\/\/www.gianbattista.it\/cms\/author\/admin\/"}]}},"_links":{"self":[{"href":"https:\/\/www.gianbattista.it\/cms\/wp-json\/wp\/v2\/posts\/2894"}],"collection":[{"href":"https:\/\/www.gianbattista.it\/cms\/wp-json\/wp\/v2\/posts"}],"about":[{"href":"https:\/\/www.gianbattista.it\/cms\/wp-json\/wp\/v2\/types\/post"}],"author":[{"embeddable":true,"href":"https:\/\/www.gianbattista.it\/cms\/wp-json\/wp\/v2\/users\/2"}],"replies":[{"embeddable":true,"href":"https:\/\/www.gianbattista.it\/cms\/wp-json\/wp\/v2\/comments?post=2894"}],"version-history":[{"count":0,"href":"https:\/\/www.gianbattista.it\/cms\/wp-json\/wp\/v2\/posts\/2894\/revisions"}],"wp:featuredmedia":[{"embeddable":true,"href":"https:\/\/www.gianbattista.it\/cms\/wp-json\/wp\/v2\/media\/2898"}],"wp:attachment":[{"href":"https:\/\/www.gianbattista.it\/cms\/wp-json\/wp\/v2\/media?parent=2894"}],"wp:term":[{"taxonomy":"category","embeddable":true,"href":"https:\/\/www.gianbattista.it\/cms\/wp-json\/wp\/v2\/categories?post=2894"},{"taxonomy":"post_tag","embeddable":true,"href":"https:\/\/www.gianbattista.it\/cms\/wp-json\/wp\/v2\/tags?post=2894"}],"curies":[{"name":"wp","href":"https:\/\/api.w.org\/{rel}","templated":true}]}}