{"id":2930,"date":"2016-11-28T15:48:12","date_gmt":"2016-11-28T15:48:12","guid":{"rendered":"https:\/\/www.gianbattista.it\/cms\/?p=2930"},"modified":"2016-11-28T14:46:41","modified_gmt":"2016-11-28T14:46:41","slug":"idea-guardare-vedere","status":"publish","type":"post","link":"https:\/\/www.gianbattista.it\/cms\/idea-guardare-vedere\/","title":{"rendered":"guardare e vedere: ho avuto un&#8217;idea"},"content":{"rendered":"<h4><strong>Ho un idea? Cosa accade nella nostra mente?<\/strong><\/h4>\n<p><strong>Riflettiamo sul valore della parola idea. Idea ha un<\/strong><strong>&nbsp;<\/strong><a href=\"https:\/\/www.skuola.net\/grammatica-italiana\/vedere-guardare-differenze.html\"><strong>significato<\/strong><\/a><strong>&nbsp;<\/strong><strong>interessantissimo. Approfondiamo. <\/strong><\/p>\n<p>Ho scoperto recentemente che idea ha un significato diverso da quello che normalmente le attribuivo. Essa trae le sue origini dal termine greco \u201cvedere\u201d.<\/p>\n<p>Leggete bene la parola \u201cIdea\u201d, usate la e (\u00e8) aperta; questo \u00e8 ci\u00f2 che consiglia la dizione italiana.<\/p>\n<p>Guardare richiede spesso molta energia e un\u2019attenta analisi dei dettagli.<\/p>\n<p>Vedere ci permettere di vivere un\u2019idea di essere dentro, all\u2019origine di un nuovo percorso.<\/p>\n<p><em>Vedere e guardare &#8211; Differenze<\/em><br \/>\n<em>Ecco un appunto di Italiano basato su un&#8217;analisi approfondita, argomentato attraverso numerosi esempi, sul diverso significato dei due verbi e sul loro (conseguente) diverso utilizzo.<\/em><br \/>\n<em>Vedere e guardare sono verbi dal significato profondamente diverso e non sempre (io direi quasi mai) fungono da sinonimi. Cerchiamo di capire il perch\u00e9 attraverso un semplice esempio:<\/em><\/p>\n<p><em>&#8211; In questi giorni ho visto la differenza tra lui e te.<\/em><br \/>\n<em>&#8211; In questi giorni ho guardato la differenza tra lui e te.<\/em><\/p>\n<p><em>Partiamo dalle sensazioni.<\/em><br \/>\n<a href=\"https:\/\/www.skuola.net\/grammatica-italiana\/vedere-guardare-differenze.html\">clicca qui e continua a leggere<\/a><\/p>\n<hr>\n<p>definizione del verbo guardare presente nel Vocabolario Treccani.it:<\/p>\n<p>\u00abDirigere gli occhi, fissare lo sguardo su qualche oggetto (non include necessariamente l\u2019idea del vedere, in quanto si pu\u00f2 guardare senza vedere, cos\u00ec come si pu\u00f2 vedere qualche cosa senza rivolgervi intenzionalmente o coscientemente lo sguardo) [&#8230;]\u00bb.<\/p>\n<hr>\n<p>Non importa quello che stai guardando, ma quello che riesci a vedere.<br \/>\n(Henry David Thoreau)<\/p>\n<hr>\n<h3>Oggi ho avuto un&#8217;idea, una visione, imparer\u00f2 a donare il potere di vedere il mondo dopo averlo guardato.<\/h3>\n","protected":false},"excerpt":{"rendered":"<p>vedere e guardare<\/p>\n","protected":false},"author":2,"featured_media":2933,"comment_status":"closed","ping_status":"closed","sticky":false,"template":"","format":"standard","meta":{"_et_pb_use_builder":"","_et_pb_old_content":"","_et_gb_content_width":"","footnotes":""},"categories":[1,4,5],"tags":[],"yoast_head":"<!-- This site is optimized with the Yoast SEO plugin v23.4 - https:\/\/yoast.com\/wordpress\/plugins\/seo\/ -->\n<title>guardare e vedere: ho avuto un&#039;idea - Gian Battista Gualdi<\/title>\n<meta name=\"description\" content=\"Ho un idea? Cosa accade nella nostra mente? Ho scoperto recentemente che idea ha un significato interessantissimo e trae le sue origini dalla greco \u201cvedere\u201d\" \/>\n<meta name=\"robots\" content=\"index, follow, max-snippet:-1, max-image-preview:large, max-video-preview:-1\" \/>\n<link rel=\"canonical\" href=\"https:\/\/www.gianbattista.it\/cms\/idea-guardare-vedere\/\" \/>\n<meta property=\"og:locale\" content=\"it_IT\" \/>\n<meta property=\"og:type\" content=\"article\" \/>\n<meta property=\"og:title\" content=\"guardare e vedere: ho avuto un&#039;idea - Gian Battista Gualdi\" \/>\n<meta property=\"og:description\" content=\"Ho un idea? Cosa accade nella nostra mente? Ho scoperto recentemente che idea ha un significato interessantissimo e trae le sue origini dalla greco \u201cvedere\u201d\" \/>\n<meta property=\"og:url\" content=\"https:\/\/www.gianbattista.it\/cms\/idea-guardare-vedere\/\" \/>\n<meta property=\"og:site_name\" content=\"Gian Battista Gualdi\" \/>\n<meta property=\"article:publisher\" content=\"https:\/\/www.facebook.com\/gianbattistagualdi\" \/>\n<meta property=\"article:author\" content=\"https:\/\/www.facebook.com\/gianbattistagualdi\" \/>\n<meta property=\"article:published_time\" content=\"2016-11-28T15:48:12+00:00\" \/>\n<meta property=\"article:modified_time\" content=\"2016-11-28T14:46:41+00:00\" \/>\n<meta property=\"og:image\" content=\"https:\/\/www.gianbattista.it\/cms\/wp-content\/uploads\/2016\/12\/platea.png\" \/>\n\t<meta property=\"og:image:width\" content=\"538\" \/>\n\t<meta property=\"og:image:height\" content=\"218\" \/>\n\t<meta property=\"og:image:type\" content=\"image\/png\" \/>\n<meta name=\"author\" content=\"adminsito\" \/>\n<meta name=\"twitter:label1\" content=\"Scritto da\" \/>\n\t<meta name=\"twitter:data1\" content=\"adminsito\" \/>\n\t<meta name=\"twitter:label2\" content=\"Tempo di lettura stimato\" \/>\n\t<meta name=\"twitter:data2\" content=\"1 minuto\" \/>\n<script type=\"application\/ld+json\" class=\"yoast-schema-graph\">{\"@context\":\"https:\/\/schema.org\",\"@graph\":[{\"@type\":\"Article\",\"@id\":\"https:\/\/www.gianbattista.it\/cms\/idea-guardare-vedere\/#article\",\"isPartOf\":{\"@id\":\"https:\/\/www.gianbattista.it\/cms\/idea-guardare-vedere\/\"},\"author\":{\"name\":\"adminsito\",\"@id\":\"https:\/\/www.gianbattista.it\/cms\/#\/schema\/person\/1058c2e181b77adf83fbd7af6dfdda01\"},\"headline\":\"guardare e vedere: ho avuto un&#8217;idea\",\"datePublished\":\"2016-11-28T15:48:12+00:00\",\"dateModified\":\"2016-11-28T14:46:41+00:00\",\"mainEntityOfPage\":{\"@id\":\"https:\/\/www.gianbattista.it\/cms\/idea-guardare-vedere\/\"},\"wordCount\":268,\"publisher\":{\"@id\":\"https:\/\/www.gianbattista.it\/cms\/#organization\"},\"image\":{\"@id\":\"https:\/\/www.gianbattista.it\/cms\/idea-guardare-vedere\/#primaryimage\"},\"thumbnailUrl\":\"https:\/\/www.gianbattista.it\/cms\/wp-content\/uploads\/2016\/12\/platea.png\",\"articleSection\":[\"comunicAzione\",\"formAzione\",\"progettAzione\"],\"inLanguage\":\"it-IT\"},{\"@type\":\"WebPage\",\"@id\":\"https:\/\/www.gianbattista.it\/cms\/idea-guardare-vedere\/\",\"url\":\"https:\/\/www.gianbattista.it\/cms\/idea-guardare-vedere\/\",\"name\":\"guardare e vedere: ho avuto un'idea - Gian Battista Gualdi\",\"isPartOf\":{\"@id\":\"https:\/\/www.gianbattista.it\/cms\/#website\"},\"primaryImageOfPage\":{\"@id\":\"https:\/\/www.gianbattista.it\/cms\/idea-guardare-vedere\/#primaryimage\"},\"image\":{\"@id\":\"https:\/\/www.gianbattista.it\/cms\/idea-guardare-vedere\/#primaryimage\"},\"thumbnailUrl\":\"https:\/\/www.gianbattista.it\/cms\/wp-content\/uploads\/2016\/12\/platea.png\",\"datePublished\":\"2016-11-28T15:48:12+00:00\",\"dateModified\":\"2016-11-28T14:46:41+00:00\",\"description\":\"Ho un idea? Cosa accade nella nostra mente? Ho scoperto recentemente che idea ha un significato interessantissimo e trae le sue origini dalla greco \u201cvedere\u201d\",\"breadcrumb\":{\"@id\":\"https:\/\/www.gianbattista.it\/cms\/idea-guardare-vedere\/#breadcrumb\"},\"inLanguage\":\"it-IT\",\"potentialAction\":[{\"@type\":\"ReadAction\",\"target\":[\"https:\/\/www.gianbattista.it\/cms\/idea-guardare-vedere\/\"]}]},{\"@type\":\"ImageObject\",\"inLanguage\":\"it-IT\",\"@id\":\"https:\/\/www.gianbattista.it\/cms\/idea-guardare-vedere\/#primaryimage\",\"url\":\"https:\/\/www.gianbattista.it\/cms\/wp-content\/uploads\/2016\/12\/platea.png\",\"contentUrl\":\"https:\/\/www.gianbattista.it\/cms\/wp-content\/uploads\/2016\/12\/platea.png\",\"width\":538,\"height\":218,\"caption\":\"vedere e guardare\"},{\"@type\":\"BreadcrumbList\",\"@id\":\"https:\/\/www.gianbattista.it\/cms\/idea-guardare-vedere\/#breadcrumb\",\"itemListElement\":[{\"@type\":\"ListItem\",\"position\":1,\"name\":\"Home\",\"item\":\"https:\/\/www.gianbattista.it\/cms\/\"},{\"@type\":\"ListItem\",\"position\":2,\"name\":\"guardare e vedere: ho avuto un&#8217;idea\"}]},{\"@type\":\"WebSite\",\"@id\":\"https:\/\/www.gianbattista.it\/cms\/#website\",\"url\":\"https:\/\/www.gianbattista.it\/cms\/\",\"name\":\"Gian Battista Gualdi\",\"description\":\"chiediti sempre il meglio\",\"publisher\":{\"@id\":\"https:\/\/www.gianbattista.it\/cms\/#organization\"},\"potentialAction\":[{\"@type\":\"SearchAction\",\"target\":{\"@type\":\"EntryPoint\",\"urlTemplate\":\"https:\/\/www.gianbattista.it\/cms\/?s={search_term_string}\"},\"query-input\":{\"@type\":\"PropertyValueSpecification\",\"valueRequired\":true,\"valueName\":\"search_term_string\"}}],\"inLanguage\":\"it-IT\"},{\"@type\":\"Organization\",\"@id\":\"https:\/\/www.gianbattista.it\/cms\/#organization\",\"name\":\"Gian Battista Gualdi\",\"url\":\"https:\/\/www.gianbattista.it\/cms\/\",\"logo\":{\"@type\":\"ImageObject\",\"inLanguage\":\"it-IT\",\"@id\":\"https:\/\/www.gianbattista.it\/cms\/#\/schema\/logo\/image\/\",\"url\":\"https:\/\/www.gianbattista.it\/cms\/wp-content\/uploads\/2016\/07\/GBG150.png\",\"contentUrl\":\"https:\/\/www.gianbattista.it\/cms\/wp-content\/uploads\/2016\/07\/GBG150.png\",\"width\":105,\"height\":70,\"caption\":\"Gian Battista Gualdi\"},\"image\":{\"@id\":\"https:\/\/www.gianbattista.it\/cms\/#\/schema\/logo\/image\/\"},\"sameAs\":[\"https:\/\/www.facebook.com\/gianbattistagualdi\",\"https:\/\/x.com\/gualdigb\",\"https:\/\/www.linkedin.com\/in\/gian-battista-gualdi-08781941?authType=NAME_SEARCH&amp;amp;amp;authToken=gMGk&amp;amp;amp;locale=it_IT&amp;amp;amp;trk=tyah&amp;amp;amp;trkInfo=clickedVertical:mynetwork,clickedEntityId:148340263,authType:NAME_SEARCH,idx:1-1-1,tarId:1467301191561,tas:gian battista\",\"https:\/\/www.youtube.com\/channel\/UC-02_zSXunzSWcH89_GVN_w\"]},{\"@type\":\"Person\",\"@id\":\"https:\/\/www.gianbattista.it\/cms\/#\/schema\/person\/1058c2e181b77adf83fbd7af6dfdda01\",\"name\":\"adminsito\",\"image\":{\"@type\":\"ImageObject\",\"inLanguage\":\"it-IT\",\"@id\":\"https:\/\/www.gianbattista.it\/cms\/#\/schema\/person\/image\/\",\"url\":\"https:\/\/secure.gravatar.com\/avatar\/66532d5a7693aa019d73b60d47ff5d5f?s=96&d=identicon&r=g\",\"contentUrl\":\"https:\/\/secure.gravatar.com\/avatar\/66532d5a7693aa019d73b60d47ff5d5f?s=96&d=identicon&r=g\",\"caption\":\"adminsito\"},\"sameAs\":[\"https:\/\/www.gianbattista.it\",\"https:\/\/www.facebook.com\/gianbattistagualdi\"],\"url\":\"https:\/\/www.gianbattista.it\/cms\/author\/admin\/\"}]}<\/script>\n<!-- \/ Yoast SEO plugin. -->","yoast_head_json":{"title":"guardare e vedere: ho avuto un'idea - Gian Battista Gualdi","description":"Ho un idea? Cosa accade nella nostra mente? Ho scoperto recentemente che idea ha un significato interessantissimo e trae le sue origini dalla greco \u201cvedere\u201d","robots":{"index":"index","follow":"follow","max-snippet":"max-snippet:-1","max-image-preview":"max-image-preview:large","max-video-preview":"max-video-preview:-1"},"canonical":"https:\/\/www.gianbattista.it\/cms\/idea-guardare-vedere\/","og_locale":"it_IT","og_type":"article","og_title":"guardare e vedere: ho avuto un'idea - Gian Battista Gualdi","og_description":"Ho un idea? Cosa accade nella nostra mente? Ho scoperto recentemente che idea ha un significato interessantissimo e trae le sue origini dalla greco \u201cvedere\u201d","og_url":"https:\/\/www.gianbattista.it\/cms\/idea-guardare-vedere\/","og_site_name":"Gian Battista Gualdi","article_publisher":"https:\/\/www.facebook.com\/gianbattistagualdi","article_author":"https:\/\/www.facebook.com\/gianbattistagualdi","article_published_time":"2016-11-28T15:48:12+00:00","article_modified_time":"2016-11-28T14:46:41+00:00","og_image":[{"width":538,"height":218,"url":"https:\/\/www.gianbattista.it\/cms\/wp-content\/uploads\/2016\/12\/platea.png","type":"image\/png"}],"author":"adminsito","twitter_misc":{"Scritto da":"adminsito","Tempo di lettura stimato":"1 minuto"},"schema":{"@context":"https:\/\/schema.org","@graph":[{"@type":"Article","@id":"https:\/\/www.gianbattista.it\/cms\/idea-guardare-vedere\/#article","isPartOf":{"@id":"https:\/\/www.gianbattista.it\/cms\/idea-guardare-vedere\/"},"author":{"name":"adminsito","@id":"https:\/\/www.gianbattista.it\/cms\/#\/schema\/person\/1058c2e181b77adf83fbd7af6dfdda01"},"headline":"guardare e vedere: ho avuto un&#8217;idea","datePublished":"2016-11-28T15:48:12+00:00","dateModified":"2016-11-28T14:46:41+00:00","mainEntityOfPage":{"@id":"https:\/\/www.gianbattista.it\/cms\/idea-guardare-vedere\/"},"wordCount":268,"publisher":{"@id":"https:\/\/www.gianbattista.it\/cms\/#organization"},"image":{"@id":"https:\/\/www.gianbattista.it\/cms\/idea-guardare-vedere\/#primaryimage"},"thumbnailUrl":"https:\/\/www.gianbattista.it\/cms\/wp-content\/uploads\/2016\/12\/platea.png","articleSection":["comunicAzione","formAzione","progettAzione"],"inLanguage":"it-IT"},{"@type":"WebPage","@id":"https:\/\/www.gianbattista.it\/cms\/idea-guardare-vedere\/","url":"https:\/\/www.gianbattista.it\/cms\/idea-guardare-vedere\/","name":"guardare e vedere: ho avuto un'idea - Gian Battista Gualdi","isPartOf":{"@id":"https:\/\/www.gianbattista.it\/cms\/#website"},"primaryImageOfPage":{"@id":"https:\/\/www.gianbattista.it\/cms\/idea-guardare-vedere\/#primaryimage"},"image":{"@id":"https:\/\/www.gianbattista.it\/cms\/idea-guardare-vedere\/#primaryimage"},"thumbnailUrl":"https:\/\/www.gianbattista.it\/cms\/wp-content\/uploads\/2016\/12\/platea.png","datePublished":"2016-11-28T15:48:12+00:00","dateModified":"2016-11-28T14:46:41+00:00","description":"Ho un idea? Cosa accade nella nostra mente? Ho scoperto recentemente che idea ha un significato interessantissimo e trae le sue origini dalla greco \u201cvedere\u201d","breadcrumb":{"@id":"https:\/\/www.gianbattista.it\/cms\/idea-guardare-vedere\/#breadcrumb"},"inLanguage":"it-IT","potentialAction":[{"@type":"ReadAction","target":["https:\/\/www.gianbattista.it\/cms\/idea-guardare-vedere\/"]}]},{"@type":"ImageObject","inLanguage":"it-IT","@id":"https:\/\/www.gianbattista.it\/cms\/idea-guardare-vedere\/#primaryimage","url":"https:\/\/www.gianbattista.it\/cms\/wp-content\/uploads\/2016\/12\/platea.png","contentUrl":"https:\/\/www.gianbattista.it\/cms\/wp-content\/uploads\/2016\/12\/platea.png","width":538,"height":218,"caption":"vedere e guardare"},{"@type":"BreadcrumbList","@id":"https:\/\/www.gianbattista.it\/cms\/idea-guardare-vedere\/#breadcrumb","itemListElement":[{"@type":"ListItem","position":1,"name":"Home","item":"https:\/\/www.gianbattista.it\/cms\/"},{"@type":"ListItem","position":2,"name":"guardare e vedere: ho avuto un&#8217;idea"}]},{"@type":"WebSite","@id":"https:\/\/www.gianbattista.it\/cms\/#website","url":"https:\/\/www.gianbattista.it\/cms\/","name":"Gian Battista Gualdi","description":"chiediti sempre il meglio","publisher":{"@id":"https:\/\/www.gianbattista.it\/cms\/#organization"},"potentialAction":[{"@type":"SearchAction","target":{"@type":"EntryPoint","urlTemplate":"https:\/\/www.gianbattista.it\/cms\/?s={search_term_string}"},"query-input":{"@type":"PropertyValueSpecification","valueRequired":true,"valueName":"search_term_string"}}],"inLanguage":"it-IT"},{"@type":"Organization","@id":"https:\/\/www.gianbattista.it\/cms\/#organization","name":"Gian Battista Gualdi","url":"https:\/\/www.gianbattista.it\/cms\/","logo":{"@type":"ImageObject","inLanguage":"it-IT","@id":"https:\/\/www.gianbattista.it\/cms\/#\/schema\/logo\/image\/","url":"https:\/\/www.gianbattista.it\/cms\/wp-content\/uploads\/2016\/07\/GBG150.png","contentUrl":"https:\/\/www.gianbattista.it\/cms\/wp-content\/uploads\/2016\/07\/GBG150.png","width":105,"height":70,"caption":"Gian Battista Gualdi"},"image":{"@id":"https:\/\/www.gianbattista.it\/cms\/#\/schema\/logo\/image\/"},"sameAs":["https:\/\/www.facebook.com\/gianbattistagualdi","https:\/\/x.com\/gualdigb","https:\/\/www.linkedin.com\/in\/gian-battista-gualdi-08781941?authType=NAME_SEARCH&amp;amp;amp;authToken=gMGk&amp;amp;amp;locale=it_IT&amp;amp;amp;trk=tyah&amp;amp;amp;trkInfo=clickedVertical:mynetwork,clickedEntityId:148340263,authType:NAME_SEARCH,idx:1-1-1,tarId:1467301191561,tas:gian battista","https:\/\/www.youtube.com\/channel\/UC-02_zSXunzSWcH89_GVN_w"]},{"@type":"Person","@id":"https:\/\/www.gianbattista.it\/cms\/#\/schema\/person\/1058c2e181b77adf83fbd7af6dfdda01","name":"adminsito","image":{"@type":"ImageObject","inLanguage":"it-IT","@id":"https:\/\/www.gianbattista.it\/cms\/#\/schema\/person\/image\/","url":"https:\/\/secure.gravatar.com\/avatar\/66532d5a7693aa019d73b60d47ff5d5f?s=96&d=identicon&r=g","contentUrl":"https:\/\/secure.gravatar.com\/avatar\/66532d5a7693aa019d73b60d47ff5d5f?s=96&d=identicon&r=g","caption":"adminsito"},"sameAs":["https:\/\/www.gianbattista.it","https:\/\/www.facebook.com\/gianbattistagualdi"],"url":"https:\/\/www.gianbattista.it\/cms\/author\/admin\/"}]}},"_links":{"self":[{"href":"https:\/\/www.gianbattista.it\/cms\/wp-json\/wp\/v2\/posts\/2930"}],"collection":[{"href":"https:\/\/www.gianbattista.it\/cms\/wp-json\/wp\/v2\/posts"}],"about":[{"href":"https:\/\/www.gianbattista.it\/cms\/wp-json\/wp\/v2\/types\/post"}],"author":[{"embeddable":true,"href":"https:\/\/www.gianbattista.it\/cms\/wp-json\/wp\/v2\/users\/2"}],"replies":[{"embeddable":true,"href":"https:\/\/www.gianbattista.it\/cms\/wp-json\/wp\/v2\/comments?post=2930"}],"version-history":[{"count":0,"href":"https:\/\/www.gianbattista.it\/cms\/wp-json\/wp\/v2\/posts\/2930\/revisions"}],"wp:featuredmedia":[{"embeddable":true,"href":"https:\/\/www.gianbattista.it\/cms\/wp-json\/wp\/v2\/media\/2933"}],"wp:attachment":[{"href":"https:\/\/www.gianbattista.it\/cms\/wp-json\/wp\/v2\/media?parent=2930"}],"wp:term":[{"taxonomy":"category","embeddable":true,"href":"https:\/\/www.gianbattista.it\/cms\/wp-json\/wp\/v2\/categories?post=2930"},{"taxonomy":"post_tag","embeddable":true,"href":"https:\/\/www.gianbattista.it\/cms\/wp-json\/wp\/v2\/tags?post=2930"}],"curies":[{"name":"wp","href":"https:\/\/api.w.org\/{rel}","templated":true}]}}