{"id":2949,"date":"2016-12-06T10:00:58","date_gmt":"2016-12-06T10:00:58","guid":{"rendered":"https:\/\/www.gianbattista.it\/cms\/?p=2949"},"modified":"2016-11-27T12:58:43","modified_gmt":"2016-11-27T12:58:43","slug":"la-parola-ih-oh-ih-oh-ih-giorgio-gaber-la-telephon-company","status":"publish","type":"post","link":"https:\/\/www.gianbattista.it\/cms\/la-parola-ih-oh-ih-oh-ih-giorgio-gaber-la-telephon-company\/","title":{"rendered":"La parola io &#8211; \u00abih oh, ih oh, ih ho\u00bb. Giorgio Gaber e la Telephon Company"},"content":{"rendered":"<p>[et_pb_section admin_label=&#8221;section&#8221;][et_pb_row admin_label=&#8221;row&#8221;][et_pb_column type=&#8221;4_4&#8243;][et_pb_text admin_label=&#8221;Testo&#8221; background_layout=&#8221;light&#8221; text_orientation=&#8221;left&#8221; use_border_color=&#8221;off&#8221; border_color=&#8221;#ffffff&#8221; border_style=&#8221;solid&#8221;]<\/p>\n<h4>Una delle pi\u00f9 belle canzoni di Giorgio Gaber, tratta dall&#8217;album &#8220;Io non mi sento italiano&#8221;.<\/h4>\n<p>Questa canzone racconta l&#8217;egoismo nella nostra societ\u00e0, la voglia di accaparrarsi qualsiasi cosa e di diventare famosi a volte anche \u201cdisfandosi\u201d della propria identit\u00e0 e dei propri valori. Insomma perdendosi.<\/p>\n<p>A volte la parola io \u00e8 quella che \u201cfa\u201d l\u2019asino quando raglia, altro non \u00e8 che un insieme di ragli, suoni acuti e suoni bassi alternati.<\/p>\n<p>\u00abih oh, ih oh, ih ho\u00bb.<\/p>\n<p>Le ragioni per cui un asino o chi pronuncia spesso il fonema io possono essere diverse: la fame, la solitudine, qualcosa che non va. Cerca in internet il verso dell\u2019asino:<\/p>\n<hr>\n<p>La New York Telephon Company commission\u00f2 uno studio dettagliato sulle conversazioni telefoniche per trovare qual \u00e8 la parola usata pi\u00f9 di frequente. Sapete qual \u00e8? \u201cIo\u201d. Fu adoperata ben 3900 volte in 500 conversazioni telefoniche. \u201cIo,io,io.\u201d<\/p>\n<hr>\n<h4>Testo della canzone cantata da Giorgio Gaber<\/h4>\n<p>La parola io<br \/>\n\u00e8 un&#8217;idea che si fa strada a poco a poco<br \/>\nnel bambino suona dolce come un&#8217;eco<br \/>\n\u00e8 una spinta per tentare i primi passi<br \/>\nverso un&#8217;intima certezza di se stessi.<\/p>\n<p>La parola io<br \/>\ncon il tempo assume<br \/>\nun tono pi\u00f9 preciso<br \/>\nqualche volta rischia<br \/>\ndi esser fastidioso<br \/>\nma \u00e8 anche il segno<br \/>\ndi una logica infantile<br \/>\n\u00e8 un peccato ricorrente ma veniale.<\/p>\n<p>Io, io, io<br \/>\nancora io.<\/p>\n<p>Ma il vizio dell&#8217;adolescente<br \/>\nnon si cancella con l&#8217;et\u00e0<br \/>\ne negli adulti stranamente<br \/>\ndiventa pi\u00f9 allarmante e cresce.<\/p>\n<p>La parola io<br \/>\n\u00e8 uno strano grido<br \/>\nche nasconde invano<br \/>\nla paura di non essere nessuno<br \/>\n\u00e8 un bisogno esagerato<br \/>\ne un po&#8217; morboso<br \/>\n\u00e8 l&#8217;immagine struggente del Narciso.<\/p>\n<p>Io, io, io<br \/>\ne ancora io.<\/p>\n<p>Io che non sono nato<br \/>\nper restare per sempre<br \/>\nconfuso nell&#8217;anonimato<br \/>\nio mi faccio avanti<br \/>\nnon sopporto l&#8217;idea di sentirmi<br \/>\nun numero fra tanti<br \/>\nogni giorno mi espando<br \/>\nio posso essere il centro del mondo.<\/p>\n<p>Io sono sempre presente<br \/>\nson disposto a qualsiasi bassezza<br \/>\nper sentirmi importante<br \/>\ndevo fare presto<br \/>\nesaltato da questa mania<br \/>\ndi affermarmi ad ogni costo<br \/>\nmi inflaziono, mi svendo<br \/>\nio voglio essere il centro del mondo.<\/p>\n<p>Io non rispetto nessuno<br \/>\nse mi serve posso anche far finta<br \/>\ndi essere buono<br \/>\ndevo dominare<br \/>\nsono un essere senza ideali<br \/>\nassetato di potere<br \/>\nsono io che comando<br \/>\nio devo essere il centro del mondo.<\/p>\n<p>Io vanitoso, presuntuoso<br \/>\nesibizionista, borioso, tronfi o<br \/>\nio superbo, megalomane, sbruffone<br \/>\navido e invadente<br \/>\ndisgustoso, arrogante, prepotente<br \/>\nio, soltanto io<br \/>\novunque io.<\/p>\n<p>La parola io<br \/>\nquesto dolce monosillabo innocente<br \/>\n\u00e8 fatale che diventi dilagante<br \/>\nnella logica del mondo occidentale<br \/>\nforse \u00e8 l&#8217;ultimo peccato originale.<br \/>\nIo.<\/p>\n<p><strong><em>Credits<\/em><\/strong><em><br \/>\nWriter(s): Alessandro Luporini, Giorgio Gaberscik<br \/>\nCopyright: Warner Chappell Music Italiana S.r.l.<br \/>\nLyrics powered by www.musixmatch.com<\/em><br \/>\n<a href=\"https:\/\/www.musixmatch.com\/lyrics\/Giorgio-Gaber\/La-parola-io\"><strong>Link<\/strong><\/a><\/p>\n<p>[\/et_pb_text][\/et_pb_column][\/et_pb_row][\/et_pb_section][et_pb_section admin_label=&#8221;Sezione&#8221; fullwidth=&#8221;on&#8221; specialty=&#8221;off&#8221;][et_pb_fullwidth_code admin_label=&#8221;Codice a Larghezza Intera&#8221;]&lt;iframe width=&#8221;560&#8243; height=&#8221;315&#8243; src=&#8221;https:\/\/www.youtube.com\/embed\/LUlGAt0WJak&#8221; frameborder=&#8221;0&#8243; allowfullscreen&gt;&lt;\/iframe&gt;[\/et_pb_fullwidth_code][\/et_pb_section]<\/p>\n","protected":false},"excerpt":{"rendered":"<p>Una delle pi\u00f9 belle canzoni di Giorgio Gaber, tratta dall&#8217;album &#8220;Io non mi sento italiano&#8221;.<\/p>\n<p>Questa canzone racconta l&#8217;egoismo nella nostra societ\u00e0, la voglia di accaparrarsi qualsiasi cosa e di diventare famosi a volte anche \u201cdisfandosi\u201d della propria identit\u00e0 e dei propri valori. Insomma perdendosi.<\/p>\n","protected":false},"author":2,"featured_media":2971,"comment_status":"closed","ping_status":"closed","sticky":false,"template":"","format":"standard","meta":{"_et_pb_use_builder":"on","_et_pb_old_content":"<h4>Una delle pi\u00f9 belle canzoni di Giorgio Gaber, tratta dall'album \"Io non mi sento italiano\".<\/h4><p>Questa canzone racconta l'egoismo nella nostra societ\u00e0, la voglia di accaparrarsi qualsiasi cosa e di diventare famosi a volte anche \u201cdisfandosi\u201d della propria identit\u00e0 e dei propri valori. Insomma perdendosi.<\/p><p>A volte la parola io \u00e8 quella che \u201cfa\u201d l\u2019asino quando raglia, altro non \u00e8 che un insieme di ragli, suoni acuti e suoni bassi alternati.<\/p><p>\u00abih oh, ih oh, ih ho\u00bb.<\/p><p>Le ragioni per cui un asino o chi pronuncia spesso il fonema io possono essere diverse: la fame, la solitudine, qualcosa che non va. Cerca in internet il verso dell\u2019asino:<\/p><p>\u00a0<\/p><p>La New York Telephon Company commission\u00f2 uno studio dettagliato sulle conversazioni telefoniche per trovare qual \u00e8 la parola usata pi\u00f9 di frequente. Sapete qual \u00e8? \u201cIo\u201d. Fu adoperata ben 3900 volte in 500 conversazioni telefoniche. \u201cIo,io,io.\u201d<\/p><p>\u00a0<\/p><h4>Testo della canzone cantata da Giorgio Gaber<\/h4><p>La parola io<br> \u00e8 un'idea che si fa strada a poco a poco<br> nel bambino suona dolce come un'eco<br> \u00e8 una spinta per tentare i primi passi<br> verso un'intima certezza di se stessi.<\/p><p>La parola io<br> con il tempo assume<br> un tono pi\u00f9 preciso<br> qualche volta rischia<br> di esser fastidioso<br> ma \u00e8 anche il segno<br> di una logica infantile<br> \u00e8 un peccato ricorrente ma veniale.<\/p><p>Io, io, io<br> ancora io.<\/p><p>Ma il vizio dell'adolescente<br> non si cancella con l'et\u00e0<br> e negli adulti stranamente<br> diventa pi\u00f9 allarmante e cresce.<\/p><p>La parola io<br> \u00e8 uno strano grido<br> che nasconde invano<br> la paura di non essere nessuno<br> \u00e8 un bisogno esagerato<br> e un po' morboso<br> \u00e8 l'immagine struggente del Narciso.<\/p><p>Io, io, io<br> e ancora io.<\/p><p>Io che non sono nato<br> per restare per sempre<br> confuso nell'anonimato<br> io mi faccio avanti<br> non sopporto l'idea di sentirmi<br> un numero fra tanti<br> ogni giorno mi espando<br> io posso essere il centro del mondo.<\/p><p>Io sono sempre presente<br> son disposto a qualsiasi bassezza<br> per sentirmi importante<br> devo fare presto<br> esaltato da questa mania<br> di affermarmi ad ogni costo<br> mi inflaziono, mi svendo<br> io voglio essere il centro del mondo.<\/p><p>Io non rispetto nessuno<br> se mi serve posso anche far finta<br> di essere buono<br> devo dominare<br> sono un essere senza ideali<br> assetato di potere<br> sono io che comando<br> io devo essere il centro del mondo.<\/p><p>Io vanitoso, presuntuoso<br> esibizionista, borioso, tronfi o<br> io superbo, megalomane, sbruffone<br> avido e invadente<br> disgustoso, arrogante, prepotente<br> io, soltanto io<br> ovunque io.<\/p><p>La parola io<br> questo dolce monosillabo innocente<br> \u00e8 fatale che diventi dilagante<br> nella logica del mondo occidentale<br> forse \u00e8 l'ultimo peccato originale.<br> Io.<\/p><p><strong><em>Credits<\/em><\/strong><em><br> Writer(s): Alessandro Luporini, Giorgio Gaberscik<br> Copyright: Warner Chappell Music Italiana S.r.l.<br> Lyrics powered by www.musixmatch.com<\/em><br> <a href=\"https:\/\/www.musixmatch.com\/lyrics\/Giorgio-Gaber\/La-parola-io\"><strong>Link<\/strong><\/a><\/p>","_et_gb_content_width":"","footnotes":""},"categories":[1,4],"tags":[],"yoast_head":"<!-- This site is optimized with the Yoast SEO plugin v23.4 - https:\/\/yoast.com\/wordpress\/plugins\/seo\/ -->\n<title>La parola io - \u00abih oh, ih oh, ih ho\u00bb. Giorgio Gaber e la Telephon Company - Gian Battista Gualdi<\/title>\n<meta name=\"description\" content=\"la parola io, Una delle pi\u00f9 belle canzoni di Giorgio Gaber, tratta dall&#039;album &quot;Io non mi sento italiano&quot;.\" \/>\n<meta name=\"robots\" content=\"index, follow, max-snippet:-1, max-image-preview:large, max-video-preview:-1\" \/>\n<link rel=\"canonical\" href=\"https:\/\/www.gianbattista.it\/cms\/la-parola-ih-oh-ih-oh-ih-giorgio-gaber-la-telephon-company\/\" \/>\n<meta property=\"og:locale\" content=\"it_IT\" \/>\n<meta property=\"og:type\" content=\"article\" \/>\n<meta property=\"og:title\" content=\"La parola io - \u00abih oh, ih oh, ih ho\u00bb. Giorgio Gaber e la Telephon Company - Gian Battista Gualdi\" \/>\n<meta property=\"og:description\" content=\"la parola io, Una delle pi\u00f9 belle canzoni di Giorgio Gaber, tratta dall&#039;album &quot;Io non mi sento italiano&quot;.\" \/>\n<meta property=\"og:url\" content=\"https:\/\/www.gianbattista.it\/cms\/la-parola-ih-oh-ih-oh-ih-giorgio-gaber-la-telephon-company\/\" \/>\n<meta property=\"og:site_name\" content=\"Gian Battista Gualdi\" \/>\n<meta property=\"article:publisher\" content=\"https:\/\/www.facebook.com\/gianbattistagualdi\" \/>\n<meta property=\"article:author\" content=\"https:\/\/www.facebook.com\/gianbattistagualdi\" \/>\n<meta property=\"article:published_time\" content=\"2016-12-06T10:00:58+00:00\" \/>\n<meta property=\"article:modified_time\" content=\"2016-11-27T12:58:43+00:00\" \/>\n<meta property=\"og:image\" content=\"https:\/\/www.gianbattista.it\/cms\/wp-content\/uploads\/2016\/12\/io.png\" \/>\n\t<meta property=\"og:image:width\" content=\"538\" \/>\n\t<meta property=\"og:image:height\" content=\"218\" \/>\n\t<meta property=\"og:image:type\" content=\"image\/png\" \/>\n<meta name=\"author\" content=\"adminsito\" \/>\n<meta name=\"twitter:label1\" content=\"Scritto da\" \/>\n\t<meta name=\"twitter:data1\" content=\"adminsito\" \/>\n\t<meta name=\"twitter:label2\" content=\"Tempo di lettura stimato\" \/>\n\t<meta name=\"twitter:data2\" content=\"3 minuti\" \/>\n<script type=\"application\/ld+json\" class=\"yoast-schema-graph\">{\"@context\":\"https:\/\/schema.org\",\"@graph\":[{\"@type\":\"Article\",\"@id\":\"https:\/\/www.gianbattista.it\/cms\/la-parola-ih-oh-ih-oh-ih-giorgio-gaber-la-telephon-company\/#article\",\"isPartOf\":{\"@id\":\"https:\/\/www.gianbattista.it\/cms\/la-parola-ih-oh-ih-oh-ih-giorgio-gaber-la-telephon-company\/\"},\"author\":{\"name\":\"adminsito\",\"@id\":\"https:\/\/www.gianbattista.it\/cms\/#\/schema\/person\/1058c2e181b77adf83fbd7af6dfdda01\"},\"headline\":\"La parola io &#8211; \u00abih oh, ih oh, ih ho\u00bb. Giorgio Gaber e la Telephon Company\",\"datePublished\":\"2016-12-06T10:00:58+00:00\",\"dateModified\":\"2016-11-27T12:58:43+00:00\",\"mainEntityOfPage\":{\"@id\":\"https:\/\/www.gianbattista.it\/cms\/la-parola-ih-oh-ih-oh-ih-giorgio-gaber-la-telephon-company\/\"},\"wordCount\":556,\"publisher\":{\"@id\":\"https:\/\/www.gianbattista.it\/cms\/#organization\"},\"image\":{\"@id\":\"https:\/\/www.gianbattista.it\/cms\/la-parola-ih-oh-ih-oh-ih-giorgio-gaber-la-telephon-company\/#primaryimage\"},\"thumbnailUrl\":\"https:\/\/www.gianbattista.it\/cms\/wp-content\/uploads\/2016\/12\/io.png\",\"articleSection\":[\"comunicAzione\",\"formAzione\"],\"inLanguage\":\"it-IT\"},{\"@type\":\"WebPage\",\"@id\":\"https:\/\/www.gianbattista.it\/cms\/la-parola-ih-oh-ih-oh-ih-giorgio-gaber-la-telephon-company\/\",\"url\":\"https:\/\/www.gianbattista.it\/cms\/la-parola-ih-oh-ih-oh-ih-giorgio-gaber-la-telephon-company\/\",\"name\":\"La parola io - \u00abih oh, ih oh, ih ho\u00bb. Giorgio Gaber e la Telephon Company - Gian Battista Gualdi\",\"isPartOf\":{\"@id\":\"https:\/\/www.gianbattista.it\/cms\/#website\"},\"primaryImageOfPage\":{\"@id\":\"https:\/\/www.gianbattista.it\/cms\/la-parola-ih-oh-ih-oh-ih-giorgio-gaber-la-telephon-company\/#primaryimage\"},\"image\":{\"@id\":\"https:\/\/www.gianbattista.it\/cms\/la-parola-ih-oh-ih-oh-ih-giorgio-gaber-la-telephon-company\/#primaryimage\"},\"thumbnailUrl\":\"https:\/\/www.gianbattista.it\/cms\/wp-content\/uploads\/2016\/12\/io.png\",\"datePublished\":\"2016-12-06T10:00:58+00:00\",\"dateModified\":\"2016-11-27T12:58:43+00:00\",\"description\":\"la parola io, Una delle pi\u00f9 belle canzoni di Giorgio Gaber, tratta dall'album \\\"Io non mi sento italiano\\\".\",\"breadcrumb\":{\"@id\":\"https:\/\/www.gianbattista.it\/cms\/la-parola-ih-oh-ih-oh-ih-giorgio-gaber-la-telephon-company\/#breadcrumb\"},\"inLanguage\":\"it-IT\",\"potentialAction\":[{\"@type\":\"ReadAction\",\"target\":[\"https:\/\/www.gianbattista.it\/cms\/la-parola-ih-oh-ih-oh-ih-giorgio-gaber-la-telephon-company\/\"]}]},{\"@type\":\"ImageObject\",\"inLanguage\":\"it-IT\",\"@id\":\"https:\/\/www.gianbattista.it\/cms\/la-parola-ih-oh-ih-oh-ih-giorgio-gaber-la-telephon-company\/#primaryimage\",\"url\":\"https:\/\/www.gianbattista.it\/cms\/wp-content\/uploads\/2016\/12\/io.png\",\"contentUrl\":\"https:\/\/www.gianbattista.it\/cms\/wp-content\/uploads\/2016\/12\/io.png\",\"width\":538,\"height\":218,\"caption\":\"la parola io\"},{\"@type\":\"BreadcrumbList\",\"@id\":\"https:\/\/www.gianbattista.it\/cms\/la-parola-ih-oh-ih-oh-ih-giorgio-gaber-la-telephon-company\/#breadcrumb\",\"itemListElement\":[{\"@type\":\"ListItem\",\"position\":1,\"name\":\"Home\",\"item\":\"https:\/\/www.gianbattista.it\/cms\/\"},{\"@type\":\"ListItem\",\"position\":2,\"name\":\"La parola io &#8211; \u00abih oh, ih oh, ih ho\u00bb. Giorgio Gaber e la Telephon Company\"}]},{\"@type\":\"WebSite\",\"@id\":\"https:\/\/www.gianbattista.it\/cms\/#website\",\"url\":\"https:\/\/www.gianbattista.it\/cms\/\",\"name\":\"Gian Battista Gualdi\",\"description\":\"chiediti sempre il meglio\",\"publisher\":{\"@id\":\"https:\/\/www.gianbattista.it\/cms\/#organization\"},\"potentialAction\":[{\"@type\":\"SearchAction\",\"target\":{\"@type\":\"EntryPoint\",\"urlTemplate\":\"https:\/\/www.gianbattista.it\/cms\/?s={search_term_string}\"},\"query-input\":{\"@type\":\"PropertyValueSpecification\",\"valueRequired\":true,\"valueName\":\"search_term_string\"}}],\"inLanguage\":\"it-IT\"},{\"@type\":\"Organization\",\"@id\":\"https:\/\/www.gianbattista.it\/cms\/#organization\",\"name\":\"Gian Battista Gualdi\",\"url\":\"https:\/\/www.gianbattista.it\/cms\/\",\"logo\":{\"@type\":\"ImageObject\",\"inLanguage\":\"it-IT\",\"@id\":\"https:\/\/www.gianbattista.it\/cms\/#\/schema\/logo\/image\/\",\"url\":\"https:\/\/www.gianbattista.it\/cms\/wp-content\/uploads\/2016\/07\/GBG150.png\",\"contentUrl\":\"https:\/\/www.gianbattista.it\/cms\/wp-content\/uploads\/2016\/07\/GBG150.png\",\"width\":105,\"height\":70,\"caption\":\"Gian Battista Gualdi\"},\"image\":{\"@id\":\"https:\/\/www.gianbattista.it\/cms\/#\/schema\/logo\/image\/\"},\"sameAs\":[\"https:\/\/www.facebook.com\/gianbattistagualdi\",\"https:\/\/x.com\/gualdigb\",\"https:\/\/www.linkedin.com\/in\/gian-battista-gualdi-08781941?authType=NAME_SEARCH&amp;amp;amp;authToken=gMGk&amp;amp;amp;locale=it_IT&amp;amp;amp;trk=tyah&amp;amp;amp;trkInfo=clickedVertical:mynetwork,clickedEntityId:148340263,authType:NAME_SEARCH,idx:1-1-1,tarId:1467301191561,tas:gian battista\",\"https:\/\/www.youtube.com\/channel\/UC-02_zSXunzSWcH89_GVN_w\"]},{\"@type\":\"Person\",\"@id\":\"https:\/\/www.gianbattista.it\/cms\/#\/schema\/person\/1058c2e181b77adf83fbd7af6dfdda01\",\"name\":\"adminsito\",\"image\":{\"@type\":\"ImageObject\",\"inLanguage\":\"it-IT\",\"@id\":\"https:\/\/www.gianbattista.it\/cms\/#\/schema\/person\/image\/\",\"url\":\"https:\/\/secure.gravatar.com\/avatar\/66532d5a7693aa019d73b60d47ff5d5f?s=96&d=identicon&r=g\",\"contentUrl\":\"https:\/\/secure.gravatar.com\/avatar\/66532d5a7693aa019d73b60d47ff5d5f?s=96&d=identicon&r=g\",\"caption\":\"adminsito\"},\"sameAs\":[\"https:\/\/www.gianbattista.it\",\"https:\/\/www.facebook.com\/gianbattistagualdi\"],\"url\":\"https:\/\/www.gianbattista.it\/cms\/author\/admin\/\"}]}<\/script>\n<!-- \/ Yoast SEO plugin. -->","yoast_head_json":{"title":"La parola io - \u00abih oh, ih oh, ih ho\u00bb. Giorgio Gaber e la Telephon Company - Gian Battista Gualdi","description":"la parola io, Una delle pi\u00f9 belle canzoni di Giorgio Gaber, tratta dall'album \"Io non mi sento italiano\".","robots":{"index":"index","follow":"follow","max-snippet":"max-snippet:-1","max-image-preview":"max-image-preview:large","max-video-preview":"max-video-preview:-1"},"canonical":"https:\/\/www.gianbattista.it\/cms\/la-parola-ih-oh-ih-oh-ih-giorgio-gaber-la-telephon-company\/","og_locale":"it_IT","og_type":"article","og_title":"La parola io - \u00abih oh, ih oh, ih ho\u00bb. Giorgio Gaber e la Telephon Company - Gian Battista Gualdi","og_description":"la parola io, Una delle pi\u00f9 belle canzoni di Giorgio Gaber, tratta dall'album \"Io non mi sento italiano\".","og_url":"https:\/\/www.gianbattista.it\/cms\/la-parola-ih-oh-ih-oh-ih-giorgio-gaber-la-telephon-company\/","og_site_name":"Gian Battista Gualdi","article_publisher":"https:\/\/www.facebook.com\/gianbattistagualdi","article_author":"https:\/\/www.facebook.com\/gianbattistagualdi","article_published_time":"2016-12-06T10:00:58+00:00","article_modified_time":"2016-11-27T12:58:43+00:00","og_image":[{"width":538,"height":218,"url":"https:\/\/www.gianbattista.it\/cms\/wp-content\/uploads\/2016\/12\/io.png","type":"image\/png"}],"author":"adminsito","twitter_misc":{"Scritto da":"adminsito","Tempo di lettura stimato":"3 minuti"},"schema":{"@context":"https:\/\/schema.org","@graph":[{"@type":"Article","@id":"https:\/\/www.gianbattista.it\/cms\/la-parola-ih-oh-ih-oh-ih-giorgio-gaber-la-telephon-company\/#article","isPartOf":{"@id":"https:\/\/www.gianbattista.it\/cms\/la-parola-ih-oh-ih-oh-ih-giorgio-gaber-la-telephon-company\/"},"author":{"name":"adminsito","@id":"https:\/\/www.gianbattista.it\/cms\/#\/schema\/person\/1058c2e181b77adf83fbd7af6dfdda01"},"headline":"La parola io &#8211; \u00abih oh, ih oh, ih ho\u00bb. Giorgio Gaber e la Telephon Company","datePublished":"2016-12-06T10:00:58+00:00","dateModified":"2016-11-27T12:58:43+00:00","mainEntityOfPage":{"@id":"https:\/\/www.gianbattista.it\/cms\/la-parola-ih-oh-ih-oh-ih-giorgio-gaber-la-telephon-company\/"},"wordCount":556,"publisher":{"@id":"https:\/\/www.gianbattista.it\/cms\/#organization"},"image":{"@id":"https:\/\/www.gianbattista.it\/cms\/la-parola-ih-oh-ih-oh-ih-giorgio-gaber-la-telephon-company\/#primaryimage"},"thumbnailUrl":"https:\/\/www.gianbattista.it\/cms\/wp-content\/uploads\/2016\/12\/io.png","articleSection":["comunicAzione","formAzione"],"inLanguage":"it-IT"},{"@type":"WebPage","@id":"https:\/\/www.gianbattista.it\/cms\/la-parola-ih-oh-ih-oh-ih-giorgio-gaber-la-telephon-company\/","url":"https:\/\/www.gianbattista.it\/cms\/la-parola-ih-oh-ih-oh-ih-giorgio-gaber-la-telephon-company\/","name":"La parola io - \u00abih oh, ih oh, ih ho\u00bb. Giorgio Gaber e la Telephon Company - Gian Battista Gualdi","isPartOf":{"@id":"https:\/\/www.gianbattista.it\/cms\/#website"},"primaryImageOfPage":{"@id":"https:\/\/www.gianbattista.it\/cms\/la-parola-ih-oh-ih-oh-ih-giorgio-gaber-la-telephon-company\/#primaryimage"},"image":{"@id":"https:\/\/www.gianbattista.it\/cms\/la-parola-ih-oh-ih-oh-ih-giorgio-gaber-la-telephon-company\/#primaryimage"},"thumbnailUrl":"https:\/\/www.gianbattista.it\/cms\/wp-content\/uploads\/2016\/12\/io.png","datePublished":"2016-12-06T10:00:58+00:00","dateModified":"2016-11-27T12:58:43+00:00","description":"la parola io, Una delle pi\u00f9 belle canzoni di Giorgio Gaber, tratta dall'album \"Io non mi sento italiano\".","breadcrumb":{"@id":"https:\/\/www.gianbattista.it\/cms\/la-parola-ih-oh-ih-oh-ih-giorgio-gaber-la-telephon-company\/#breadcrumb"},"inLanguage":"it-IT","potentialAction":[{"@type":"ReadAction","target":["https:\/\/www.gianbattista.it\/cms\/la-parola-ih-oh-ih-oh-ih-giorgio-gaber-la-telephon-company\/"]}]},{"@type":"ImageObject","inLanguage":"it-IT","@id":"https:\/\/www.gianbattista.it\/cms\/la-parola-ih-oh-ih-oh-ih-giorgio-gaber-la-telephon-company\/#primaryimage","url":"https:\/\/www.gianbattista.it\/cms\/wp-content\/uploads\/2016\/12\/io.png","contentUrl":"https:\/\/www.gianbattista.it\/cms\/wp-content\/uploads\/2016\/12\/io.png","width":538,"height":218,"caption":"la parola io"},{"@type":"BreadcrumbList","@id":"https:\/\/www.gianbattista.it\/cms\/la-parola-ih-oh-ih-oh-ih-giorgio-gaber-la-telephon-company\/#breadcrumb","itemListElement":[{"@type":"ListItem","position":1,"name":"Home","item":"https:\/\/www.gianbattista.it\/cms\/"},{"@type":"ListItem","position":2,"name":"La parola io &#8211; \u00abih oh, ih oh, ih ho\u00bb. Giorgio Gaber e la Telephon Company"}]},{"@type":"WebSite","@id":"https:\/\/www.gianbattista.it\/cms\/#website","url":"https:\/\/www.gianbattista.it\/cms\/","name":"Gian Battista Gualdi","description":"chiediti sempre il meglio","publisher":{"@id":"https:\/\/www.gianbattista.it\/cms\/#organization"},"potentialAction":[{"@type":"SearchAction","target":{"@type":"EntryPoint","urlTemplate":"https:\/\/www.gianbattista.it\/cms\/?s={search_term_string}"},"query-input":{"@type":"PropertyValueSpecification","valueRequired":true,"valueName":"search_term_string"}}],"inLanguage":"it-IT"},{"@type":"Organization","@id":"https:\/\/www.gianbattista.it\/cms\/#organization","name":"Gian Battista Gualdi","url":"https:\/\/www.gianbattista.it\/cms\/","logo":{"@type":"ImageObject","inLanguage":"it-IT","@id":"https:\/\/www.gianbattista.it\/cms\/#\/schema\/logo\/image\/","url":"https:\/\/www.gianbattista.it\/cms\/wp-content\/uploads\/2016\/07\/GBG150.png","contentUrl":"https:\/\/www.gianbattista.it\/cms\/wp-content\/uploads\/2016\/07\/GBG150.png","width":105,"height":70,"caption":"Gian Battista Gualdi"},"image":{"@id":"https:\/\/www.gianbattista.it\/cms\/#\/schema\/logo\/image\/"},"sameAs":["https:\/\/www.facebook.com\/gianbattistagualdi","https:\/\/x.com\/gualdigb","https:\/\/www.linkedin.com\/in\/gian-battista-gualdi-08781941?authType=NAME_SEARCH&amp;amp;amp;authToken=gMGk&amp;amp;amp;locale=it_IT&amp;amp;amp;trk=tyah&amp;amp;amp;trkInfo=clickedVertical:mynetwork,clickedEntityId:148340263,authType:NAME_SEARCH,idx:1-1-1,tarId:1467301191561,tas:gian battista","https:\/\/www.youtube.com\/channel\/UC-02_zSXunzSWcH89_GVN_w"]},{"@type":"Person","@id":"https:\/\/www.gianbattista.it\/cms\/#\/schema\/person\/1058c2e181b77adf83fbd7af6dfdda01","name":"adminsito","image":{"@type":"ImageObject","inLanguage":"it-IT","@id":"https:\/\/www.gianbattista.it\/cms\/#\/schema\/person\/image\/","url":"https:\/\/secure.gravatar.com\/avatar\/66532d5a7693aa019d73b60d47ff5d5f?s=96&d=identicon&r=g","contentUrl":"https:\/\/secure.gravatar.com\/avatar\/66532d5a7693aa019d73b60d47ff5d5f?s=96&d=identicon&r=g","caption":"adminsito"},"sameAs":["https:\/\/www.gianbattista.it","https:\/\/www.facebook.com\/gianbattistagualdi"],"url":"https:\/\/www.gianbattista.it\/cms\/author\/admin\/"}]}},"_links":{"self":[{"href":"https:\/\/www.gianbattista.it\/cms\/wp-json\/wp\/v2\/posts\/2949"}],"collection":[{"href":"https:\/\/www.gianbattista.it\/cms\/wp-json\/wp\/v2\/posts"}],"about":[{"href":"https:\/\/www.gianbattista.it\/cms\/wp-json\/wp\/v2\/types\/post"}],"author":[{"embeddable":true,"href":"https:\/\/www.gianbattista.it\/cms\/wp-json\/wp\/v2\/users\/2"}],"replies":[{"embeddable":true,"href":"https:\/\/www.gianbattista.it\/cms\/wp-json\/wp\/v2\/comments?post=2949"}],"version-history":[{"count":0,"href":"https:\/\/www.gianbattista.it\/cms\/wp-json\/wp\/v2\/posts\/2949\/revisions"}],"wp:featuredmedia":[{"embeddable":true,"href":"https:\/\/www.gianbattista.it\/cms\/wp-json\/wp\/v2\/media\/2971"}],"wp:attachment":[{"href":"https:\/\/www.gianbattista.it\/cms\/wp-json\/wp\/v2\/media?parent=2949"}],"wp:term":[{"taxonomy":"category","embeddable":true,"href":"https:\/\/www.gianbattista.it\/cms\/wp-json\/wp\/v2\/categories?post=2949"},{"taxonomy":"post_tag","embeddable":true,"href":"https:\/\/www.gianbattista.it\/cms\/wp-json\/wp\/v2\/tags?post=2949"}],"curies":[{"name":"wp","href":"https:\/\/api.w.org\/{rel}","templated":true}]}}