{"id":30307,"date":"2022-05-01T06:49:04","date_gmt":"2022-05-01T04:49:04","guid":{"rendered":"https:\/\/www.gianbattista.it\/?p=30307"},"modified":"2025-06-06T12:22:14","modified_gmt":"2025-06-06T10:22:14","slug":"la-regola-di-san-benedetto","status":"publish","type":"post","link":"https:\/\/www.gianbattista.it\/cms\/la-regola-di-san-benedetto\/","title":{"rendered":"zzz La Regola di san Benedetto &#8211; Presentazione"},"content":{"rendered":"<p>[et_pb_section fb_built=&#8221;1&#8243; _builder_version=&#8221;4.16&#8243; global_colors_info=&#8221;{}&#8221;][et_pb_row column_structure=&#8221;3_5,2_5&#8243; _builder_version=&#8221;4.16&#8243; background_size=&#8221;initial&#8221; background_position=&#8221;top_left&#8221; background_repeat=&#8221;repeat&#8221; global_colors_info=&#8221;{}&#8221;][et_pb_column type=&#8221;3_5&#8243; _builder_version=&#8221;4.16&#8243; custom_padding=&#8221;|||&#8221; global_colors_info=&#8221;{}&#8221; custom_padding__hover=&#8221;|||&#8221;][et_pb_text _builder_version=&#8221;4.27.0&#8243; background_size=&#8221;initial&#8221; background_position=&#8221;top_left&#8221; background_repeat=&#8221;repeat&#8221; global_colors_info=&#8221;{}&#8221;]<\/p>\n<h1>Quale occasione pi\u00f9 ghiotta di raccontare la Regola di san Benedetto.<\/h1>\n<p>Esiste un calendario per la lettura della \u201cRegola\u201d di san Benedetto; i monaci lo leggono proprio nei giorni in cui verranno pubblicati i post.<\/p>\n<p>Da domani vorrei, per un attimo, attrarre la vostra attenzione e dare il via alla lettura di questo fantastico testo. S\u00ec. \u201cLa Regola\u201d di san Benedetto da Norcia. \u00c8 come un buon vino vecchio e gagliardo: si deve bere a piccoli sorsi.<\/p>\n<p>Tutto \u00e8 nato dall\u2019illuminazione di due libri: il primo di Mons. Giulio Dellavite: \u201cSe ne ride chi abita i cieli\u201d e il secondo di Massimo Folador: L&#8217;organizzazione perfetta.<\/p>\n<p>Grazie Giulio, grazie Massimo.<\/p>\n<p><a href=\"http:\/\/www.librimondadori.it\/libri\/se-ne-ride-chi-abita-i-cieli-giulio-dellavite\">www.librimondadori.it\/libri\/se-ne-ride-chi-abita-i-cieli-giulio-dellavite<\/a><\/p>\n<p><a href=\"https:\/\/guerini.it\/index.php\/l-organizzazione-perfetta-1.html\">https:\/\/guerini.it\/index.php\/l-organizzazione-perfetta-1.html<\/a><\/p>\n<p>In realt\u00e0 il percorso \u00e8 pi\u00f9 tortuoso, ma sarete voi a rendere unico il vostro cammino e a trovare l\u2019abate che \u00e8 in voi. Buona lettura della \u201cRegola\u201d e ovviamente dei due libri consigliati.<\/p>\n<p>Obbidire (ob-audire: dare ascolto), silenzio e umilt\u00e0, sono tre parole che scoprirete piano piano e profondamente dentro di voi. Gustatevi queste poche parole giornaliere, proprio come il vostro cibo preferito.<\/p>\n<p>Perch\u00e9, come dicevano i nostri saggi nonni, \u201cnon c\u2019\u00e8 peggior ascoltatore di chi non vuol sentire\u201d ma \u00e8 anche vero il contrario.<\/p>\n<p>[\/et_pb_text][\/et_pb_column][et_pb_column type=&#8221;2_5&#8243; _builder_version=&#8221;4.16&#8243; custom_padding=&#8221;|||&#8221; global_colors_info=&#8221;{}&#8221; custom_padding__hover=&#8221;|||&#8221;][et_pb_image src=&#8221;https:\/\/www.gianbattista.it\/cms\/wp-content\/uploads\/2020\/05\/Seneridechiabitaicieli.jpg&#8221; alt=&#8221;Seneridechiabitaicieli&#8221; title_text=&#8221;Seneridechiabitaicieli&#8221; _builder_version=&#8221;4.27.0&#8243; global_colors_info=&#8221;{}&#8221;][\/et_pb_image][et_pb_image src=&#8221;https:\/\/www.gianbattista.it\/cms\/wp-content\/uploads\/2020\/05\/organizzazione_perfetta_sito-1.png&#8221; alt=&#8221;organizzazione_perfetta_sito&#8221; title_text=&#8221;organizzazione_perfetta_sito&#8221; _builder_version=&#8221;4.16&#8243; global_colors_info=&#8221;{}&#8221;][\/et_pb_image][\/et_pb_column][\/et_pb_row][\/et_pb_section]<\/p>\n","protected":false},"excerpt":{"rendered":"<p>Quale occasione pi\u00f9 ghiotta di raccontare la Regola di san Benedetto.<br \/>\nEsiste un calendario per la lettura della \u201cRegola\u201d; i monaci lo leggono proprio nei giorni in cui verranno pubblicati i post.<\/p>\n","protected":false},"author":2,"featured_media":30318,"comment_status":"closed","ping_status":"closed","sticky":false,"template":"","format":"standard","meta":{"_et_pb_use_builder":"on","_et_pb_old_content":"<p>Quale occasione pi\u00f9 ghiotta di raccontare la Regola di san Benedetto.<\/p><p>Esiste un calendario per la lettura della \u201cRegola\u201d; i monaci lo leggono proprio nei giorni in cui verranno pubblicati i post.<\/p><p>Da domani vorrei, per un attimo, attrarre la vostra attenzione e dare il via alla lettura di questo fantastico testo. S\u00ec. \u201cLa Regola\u201d di san Benedetto da Norcia. \u00c8 come un buon vino vecchio e gagliardo: si deve bere a piccoli sorsi.<\/p><p>Tutto \u00e8 nato dall\u2019illuminazione di due libri: il primo di Mons. Giulio Dellavite: \u201cSe ne ride chi abita i cieli\u201d e il secondo di Massimo Folador: L'organizzazione perfetta.<\/p><p>Grazie Giulio, grazie Massimo.<\/p><p><a href=\"http:\/\/www.librimondadori.it\/libri\/se-ne-ride-chi-abita-i-cieli-giulio-dellavite\">www.librimondadori.it\/libri\/se-ne-ride-chi-abita-i-cieli-giulio-dellavite<\/a><\/p><p><a href=\"https:\/\/guerini.it\/index.php\/l-organizzazione-perfetta-1.html\">https:\/\/guerini.it\/index.php\/l-organizzazione-perfetta-1.html<\/a><\/p><p>In realt\u00e0 il percorso \u00e8 pi\u00f9 tortuoso, ma sarete voi a rendere unico il vostro cammino e a trovare l\u2019abate che \u00e8 in voi. Buona lettura della \u201cRegola\u201d e ovviamente dei due libri consigliati.<\/p><p>Obbidire (ob-audire: dare ascolto), silenzio e umilt\u00e0, sono tre parole che scoprirete piano piano e profondamente dentro di voi. Gustatevi queste poche parole giornaliere, proprio come il vostro cibo preferito.<\/p><p>Perch\u00e9, come dicevano i nostri saggi nonni, \u201cnon c\u2019\u00e8 peggior ascoltatore di chi non vuol sentire\u201d ma \u00e8 anche vero il contrario.<\/p>","_et_gb_content_width":"","footnotes":""},"categories":[245],"tags":[],"yoast_head":"<!-- This site is optimized with the Yoast SEO plugin v23.4 - https:\/\/yoast.com\/wordpress\/plugins\/seo\/ -->\n<title>zzz La Regola di san Benedetto - Presentazione - Gian Battista Gualdi<\/title>\n<meta name=\"description\" content=\"Quale occasione pi\u00f9 ghiotta di raccontare la Regola di san Benedetto. Esiste un calendario per la lettura e i monaci lo leggono proprio negli stessi giorni\" \/>\n<meta name=\"robots\" content=\"index, follow, max-snippet:-1, max-image-preview:large, max-video-preview:-1\" \/>\n<link rel=\"canonical\" href=\"https:\/\/www.gianbattista.it\/cms\/la-regola-di-san-benedetto\/\" \/>\n<meta property=\"og:locale\" content=\"it_IT\" \/>\n<meta property=\"og:type\" content=\"article\" \/>\n<meta property=\"og:title\" content=\"zzz La Regola di san Benedetto - Presentazione - Gian Battista Gualdi\" \/>\n<meta property=\"og:description\" content=\"Quale occasione pi\u00f9 ghiotta di raccontare la Regola di san Benedetto. Esiste un calendario per la lettura e i monaci lo leggono proprio negli stessi giorni\" \/>\n<meta property=\"og:url\" content=\"https:\/\/www.gianbattista.it\/cms\/la-regola-di-san-benedetto\/\" \/>\n<meta property=\"og:site_name\" content=\"Gian Battista Gualdi\" \/>\n<meta property=\"article:publisher\" content=\"https:\/\/www.facebook.com\/gianbattistagualdi\" \/>\n<meta property=\"article:author\" content=\"https:\/\/www.facebook.com\/gianbattistagualdi\" \/>\n<meta property=\"article:published_time\" content=\"2022-05-01T04:49:04+00:00\" \/>\n<meta property=\"article:modified_time\" content=\"2025-06-06T10:22:14+00:00\" \/>\n<meta property=\"og:image\" content=\"https:\/\/www.gianbattista.it\/cms\/wp-content\/uploads\/2020\/05\/Abbazia-Montecassino-1.png\" \/>\n\t<meta property=\"og:image:width\" content=\"1080\" \/>\n\t<meta property=\"og:image:height\" content=\"438\" \/>\n\t<meta property=\"og:image:type\" content=\"image\/png\" \/>\n<meta name=\"author\" content=\"adminsito\" \/>\n<meta name=\"twitter:label1\" content=\"Scritto da\" \/>\n\t<meta name=\"twitter:data1\" content=\"adminsito\" \/>\n\t<meta name=\"twitter:label2\" content=\"Tempo di lettura stimato\" \/>\n\t<meta name=\"twitter:data2\" content=\"2 minuti\" \/>\n<script type=\"application\/ld+json\" class=\"yoast-schema-graph\">{\"@context\":\"https:\/\/schema.org\",\"@graph\":[{\"@type\":\"Article\",\"@id\":\"https:\/\/www.gianbattista.it\/cms\/la-regola-di-san-benedetto\/#article\",\"isPartOf\":{\"@id\":\"https:\/\/www.gianbattista.it\/cms\/la-regola-di-san-benedetto\/\"},\"author\":{\"name\":\"adminsito\",\"@id\":\"https:\/\/www.gianbattista.it\/cms\/#\/schema\/person\/1058c2e181b77adf83fbd7af6dfdda01\"},\"headline\":\"zzz La Regola di san Benedetto &#8211; Presentazione\",\"datePublished\":\"2022-05-01T04:49:04+00:00\",\"dateModified\":\"2025-06-06T10:22:14+00:00\",\"mainEntityOfPage\":{\"@id\":\"https:\/\/www.gianbattista.it\/cms\/la-regola-di-san-benedetto\/\"},\"wordCount\":362,\"publisher\":{\"@id\":\"https:\/\/www.gianbattista.it\/cms\/#organization\"},\"image\":{\"@id\":\"https:\/\/www.gianbattista.it\/cms\/la-regola-di-san-benedetto\/#primaryimage\"},\"thumbnailUrl\":\"https:\/\/www.gianbattista.it\/cms\/wp-content\/uploads\/2020\/05\/Abbazia-Montecassino-1.png\",\"articleSection\":[\"La Regola\"],\"inLanguage\":\"it-IT\"},{\"@type\":\"WebPage\",\"@id\":\"https:\/\/www.gianbattista.it\/cms\/la-regola-di-san-benedetto\/\",\"url\":\"https:\/\/www.gianbattista.it\/cms\/la-regola-di-san-benedetto\/\",\"name\":\"zzz La Regola di san Benedetto - Presentazione - Gian Battista Gualdi\",\"isPartOf\":{\"@id\":\"https:\/\/www.gianbattista.it\/cms\/#website\"},\"primaryImageOfPage\":{\"@id\":\"https:\/\/www.gianbattista.it\/cms\/la-regola-di-san-benedetto\/#primaryimage\"},\"image\":{\"@id\":\"https:\/\/www.gianbattista.it\/cms\/la-regola-di-san-benedetto\/#primaryimage\"},\"thumbnailUrl\":\"https:\/\/www.gianbattista.it\/cms\/wp-content\/uploads\/2020\/05\/Abbazia-Montecassino-1.png\",\"datePublished\":\"2022-05-01T04:49:04+00:00\",\"dateModified\":\"2025-06-06T10:22:14+00:00\",\"description\":\"Quale occasione pi\u00f9 ghiotta di raccontare la Regola di san Benedetto. Esiste un calendario per la lettura e i monaci lo leggono proprio negli stessi giorni\",\"breadcrumb\":{\"@id\":\"https:\/\/www.gianbattista.it\/cms\/la-regola-di-san-benedetto\/#breadcrumb\"},\"inLanguage\":\"it-IT\",\"potentialAction\":[{\"@type\":\"ReadAction\",\"target\":[\"https:\/\/www.gianbattista.it\/cms\/la-regola-di-san-benedetto\/\"]}]},{\"@type\":\"ImageObject\",\"inLanguage\":\"it-IT\",\"@id\":\"https:\/\/www.gianbattista.it\/cms\/la-regola-di-san-benedetto\/#primaryimage\",\"url\":\"https:\/\/www.gianbattista.it\/cms\/wp-content\/uploads\/2020\/05\/Abbazia-Montecassino-1.png\",\"contentUrl\":\"https:\/\/www.gianbattista.it\/cms\/wp-content\/uploads\/2020\/05\/Abbazia-Montecassino-1.png\",\"width\":1080,\"height\":438,\"caption\":\"Abbazia-Montecassino\"},{\"@type\":\"BreadcrumbList\",\"@id\":\"https:\/\/www.gianbattista.it\/cms\/la-regola-di-san-benedetto\/#breadcrumb\",\"itemListElement\":[{\"@type\":\"ListItem\",\"position\":1,\"name\":\"Home\",\"item\":\"https:\/\/www.gianbattista.it\/cms\/\"},{\"@type\":\"ListItem\",\"position\":2,\"name\":\"zzz La Regola di san Benedetto &#8211; Presentazione\"}]},{\"@type\":\"WebSite\",\"@id\":\"https:\/\/www.gianbattista.it\/cms\/#website\",\"url\":\"https:\/\/www.gianbattista.it\/cms\/\",\"name\":\"Gian Battista Gualdi\",\"description\":\"chiediti sempre il meglio\",\"publisher\":{\"@id\":\"https:\/\/www.gianbattista.it\/cms\/#organization\"},\"potentialAction\":[{\"@type\":\"SearchAction\",\"target\":{\"@type\":\"EntryPoint\",\"urlTemplate\":\"https:\/\/www.gianbattista.it\/cms\/?s={search_term_string}\"},\"query-input\":{\"@type\":\"PropertyValueSpecification\",\"valueRequired\":true,\"valueName\":\"search_term_string\"}}],\"inLanguage\":\"it-IT\"},{\"@type\":\"Organization\",\"@id\":\"https:\/\/www.gianbattista.it\/cms\/#organization\",\"name\":\"Gian Battista Gualdi\",\"url\":\"https:\/\/www.gianbattista.it\/cms\/\",\"logo\":{\"@type\":\"ImageObject\",\"inLanguage\":\"it-IT\",\"@id\":\"https:\/\/www.gianbattista.it\/cms\/#\/schema\/logo\/image\/\",\"url\":\"https:\/\/www.gianbattista.it\/cms\/wp-content\/uploads\/2016\/07\/GBG150.png\",\"contentUrl\":\"https:\/\/www.gianbattista.it\/cms\/wp-content\/uploads\/2016\/07\/GBG150.png\",\"width\":105,\"height\":70,\"caption\":\"Gian Battista Gualdi\"},\"image\":{\"@id\":\"https:\/\/www.gianbattista.it\/cms\/#\/schema\/logo\/image\/\"},\"sameAs\":[\"https:\/\/www.facebook.com\/gianbattistagualdi\",\"https:\/\/x.com\/gualdigb\",\"https:\/\/www.linkedin.com\/in\/gian-battista-gualdi-08781941?authType=NAME_SEARCH&amp;amp;amp;authToken=gMGk&amp;amp;amp;locale=it_IT&amp;amp;amp;trk=tyah&amp;amp;amp;trkInfo=clickedVertical:mynetwork,clickedEntityId:148340263,authType:NAME_SEARCH,idx:1-1-1,tarId:1467301191561,tas:gian battista\",\"https:\/\/www.youtube.com\/channel\/UC-02_zSXunzSWcH89_GVN_w\"]},{\"@type\":\"Person\",\"@id\":\"https:\/\/www.gianbattista.it\/cms\/#\/schema\/person\/1058c2e181b77adf83fbd7af6dfdda01\",\"name\":\"adminsito\",\"image\":{\"@type\":\"ImageObject\",\"inLanguage\":\"it-IT\",\"@id\":\"https:\/\/www.gianbattista.it\/cms\/#\/schema\/person\/image\/\",\"url\":\"https:\/\/secure.gravatar.com\/avatar\/66532d5a7693aa019d73b60d47ff5d5f?s=96&d=identicon&r=g\",\"contentUrl\":\"https:\/\/secure.gravatar.com\/avatar\/66532d5a7693aa019d73b60d47ff5d5f?s=96&d=identicon&r=g\",\"caption\":\"adminsito\"},\"sameAs\":[\"https:\/\/www.gianbattista.it\",\"https:\/\/www.facebook.com\/gianbattistagualdi\"],\"url\":\"https:\/\/www.gianbattista.it\/cms\/author\/admin\/\"}]}<\/script>\n<!-- \/ Yoast SEO plugin. -->","yoast_head_json":{"title":"zzz La Regola di san Benedetto - Presentazione - Gian Battista Gualdi","description":"Quale occasione pi\u00f9 ghiotta di raccontare la Regola di san Benedetto. Esiste un calendario per la lettura e i monaci lo leggono proprio negli stessi giorni","robots":{"index":"index","follow":"follow","max-snippet":"max-snippet:-1","max-image-preview":"max-image-preview:large","max-video-preview":"max-video-preview:-1"},"canonical":"https:\/\/www.gianbattista.it\/cms\/la-regola-di-san-benedetto\/","og_locale":"it_IT","og_type":"article","og_title":"zzz La Regola di san Benedetto - Presentazione - Gian Battista Gualdi","og_description":"Quale occasione pi\u00f9 ghiotta di raccontare la Regola di san Benedetto. Esiste un calendario per la lettura e i monaci lo leggono proprio negli stessi giorni","og_url":"https:\/\/www.gianbattista.it\/cms\/la-regola-di-san-benedetto\/","og_site_name":"Gian Battista Gualdi","article_publisher":"https:\/\/www.facebook.com\/gianbattistagualdi","article_author":"https:\/\/www.facebook.com\/gianbattistagualdi","article_published_time":"2022-05-01T04:49:04+00:00","article_modified_time":"2025-06-06T10:22:14+00:00","og_image":[{"width":1080,"height":438,"url":"https:\/\/www.gianbattista.it\/cms\/wp-content\/uploads\/2020\/05\/Abbazia-Montecassino-1.png","type":"image\/png"}],"author":"adminsito","twitter_misc":{"Scritto da":"adminsito","Tempo di lettura stimato":"2 minuti"},"schema":{"@context":"https:\/\/schema.org","@graph":[{"@type":"Article","@id":"https:\/\/www.gianbattista.it\/cms\/la-regola-di-san-benedetto\/#article","isPartOf":{"@id":"https:\/\/www.gianbattista.it\/cms\/la-regola-di-san-benedetto\/"},"author":{"name":"adminsito","@id":"https:\/\/www.gianbattista.it\/cms\/#\/schema\/person\/1058c2e181b77adf83fbd7af6dfdda01"},"headline":"zzz La Regola di san Benedetto &#8211; Presentazione","datePublished":"2022-05-01T04:49:04+00:00","dateModified":"2025-06-06T10:22:14+00:00","mainEntityOfPage":{"@id":"https:\/\/www.gianbattista.it\/cms\/la-regola-di-san-benedetto\/"},"wordCount":362,"publisher":{"@id":"https:\/\/www.gianbattista.it\/cms\/#organization"},"image":{"@id":"https:\/\/www.gianbattista.it\/cms\/la-regola-di-san-benedetto\/#primaryimage"},"thumbnailUrl":"https:\/\/www.gianbattista.it\/cms\/wp-content\/uploads\/2020\/05\/Abbazia-Montecassino-1.png","articleSection":["La Regola"],"inLanguage":"it-IT"},{"@type":"WebPage","@id":"https:\/\/www.gianbattista.it\/cms\/la-regola-di-san-benedetto\/","url":"https:\/\/www.gianbattista.it\/cms\/la-regola-di-san-benedetto\/","name":"zzz La Regola di san Benedetto - Presentazione - Gian Battista Gualdi","isPartOf":{"@id":"https:\/\/www.gianbattista.it\/cms\/#website"},"primaryImageOfPage":{"@id":"https:\/\/www.gianbattista.it\/cms\/la-regola-di-san-benedetto\/#primaryimage"},"image":{"@id":"https:\/\/www.gianbattista.it\/cms\/la-regola-di-san-benedetto\/#primaryimage"},"thumbnailUrl":"https:\/\/www.gianbattista.it\/cms\/wp-content\/uploads\/2020\/05\/Abbazia-Montecassino-1.png","datePublished":"2022-05-01T04:49:04+00:00","dateModified":"2025-06-06T10:22:14+00:00","description":"Quale occasione pi\u00f9 ghiotta di raccontare la Regola di san Benedetto. Esiste un calendario per la lettura e i monaci lo leggono proprio negli stessi giorni","breadcrumb":{"@id":"https:\/\/www.gianbattista.it\/cms\/la-regola-di-san-benedetto\/#breadcrumb"},"inLanguage":"it-IT","potentialAction":[{"@type":"ReadAction","target":["https:\/\/www.gianbattista.it\/cms\/la-regola-di-san-benedetto\/"]}]},{"@type":"ImageObject","inLanguage":"it-IT","@id":"https:\/\/www.gianbattista.it\/cms\/la-regola-di-san-benedetto\/#primaryimage","url":"https:\/\/www.gianbattista.it\/cms\/wp-content\/uploads\/2020\/05\/Abbazia-Montecassino-1.png","contentUrl":"https:\/\/www.gianbattista.it\/cms\/wp-content\/uploads\/2020\/05\/Abbazia-Montecassino-1.png","width":1080,"height":438,"caption":"Abbazia-Montecassino"},{"@type":"BreadcrumbList","@id":"https:\/\/www.gianbattista.it\/cms\/la-regola-di-san-benedetto\/#breadcrumb","itemListElement":[{"@type":"ListItem","position":1,"name":"Home","item":"https:\/\/www.gianbattista.it\/cms\/"},{"@type":"ListItem","position":2,"name":"zzz La Regola di san Benedetto &#8211; Presentazione"}]},{"@type":"WebSite","@id":"https:\/\/www.gianbattista.it\/cms\/#website","url":"https:\/\/www.gianbattista.it\/cms\/","name":"Gian Battista Gualdi","description":"chiediti sempre il meglio","publisher":{"@id":"https:\/\/www.gianbattista.it\/cms\/#organization"},"potentialAction":[{"@type":"SearchAction","target":{"@type":"EntryPoint","urlTemplate":"https:\/\/www.gianbattista.it\/cms\/?s={search_term_string}"},"query-input":{"@type":"PropertyValueSpecification","valueRequired":true,"valueName":"search_term_string"}}],"inLanguage":"it-IT"},{"@type":"Organization","@id":"https:\/\/www.gianbattista.it\/cms\/#organization","name":"Gian Battista Gualdi","url":"https:\/\/www.gianbattista.it\/cms\/","logo":{"@type":"ImageObject","inLanguage":"it-IT","@id":"https:\/\/www.gianbattista.it\/cms\/#\/schema\/logo\/image\/","url":"https:\/\/www.gianbattista.it\/cms\/wp-content\/uploads\/2016\/07\/GBG150.png","contentUrl":"https:\/\/www.gianbattista.it\/cms\/wp-content\/uploads\/2016\/07\/GBG150.png","width":105,"height":70,"caption":"Gian Battista Gualdi"},"image":{"@id":"https:\/\/www.gianbattista.it\/cms\/#\/schema\/logo\/image\/"},"sameAs":["https:\/\/www.facebook.com\/gianbattistagualdi","https:\/\/x.com\/gualdigb","https:\/\/www.linkedin.com\/in\/gian-battista-gualdi-08781941?authType=NAME_SEARCH&amp;amp;amp;authToken=gMGk&amp;amp;amp;locale=it_IT&amp;amp;amp;trk=tyah&amp;amp;amp;trkInfo=clickedVertical:mynetwork,clickedEntityId:148340263,authType:NAME_SEARCH,idx:1-1-1,tarId:1467301191561,tas:gian battista","https:\/\/www.youtube.com\/channel\/UC-02_zSXunzSWcH89_GVN_w"]},{"@type":"Person","@id":"https:\/\/www.gianbattista.it\/cms\/#\/schema\/person\/1058c2e181b77adf83fbd7af6dfdda01","name":"adminsito","image":{"@type":"ImageObject","inLanguage":"it-IT","@id":"https:\/\/www.gianbattista.it\/cms\/#\/schema\/person\/image\/","url":"https:\/\/secure.gravatar.com\/avatar\/66532d5a7693aa019d73b60d47ff5d5f?s=96&d=identicon&r=g","contentUrl":"https:\/\/secure.gravatar.com\/avatar\/66532d5a7693aa019d73b60d47ff5d5f?s=96&d=identicon&r=g","caption":"adminsito"},"sameAs":["https:\/\/www.gianbattista.it","https:\/\/www.facebook.com\/gianbattistagualdi"],"url":"https:\/\/www.gianbattista.it\/cms\/author\/admin\/"}]}},"_links":{"self":[{"href":"https:\/\/www.gianbattista.it\/cms\/wp-json\/wp\/v2\/posts\/30307"}],"collection":[{"href":"https:\/\/www.gianbattista.it\/cms\/wp-json\/wp\/v2\/posts"}],"about":[{"href":"https:\/\/www.gianbattista.it\/cms\/wp-json\/wp\/v2\/types\/post"}],"author":[{"embeddable":true,"href":"https:\/\/www.gianbattista.it\/cms\/wp-json\/wp\/v2\/users\/2"}],"replies":[{"embeddable":true,"href":"https:\/\/www.gianbattista.it\/cms\/wp-json\/wp\/v2\/comments?post=30307"}],"version-history":[{"count":2,"href":"https:\/\/www.gianbattista.it\/cms\/wp-json\/wp\/v2\/posts\/30307\/revisions"}],"predecessor-version":[{"id":37786,"href":"https:\/\/www.gianbattista.it\/cms\/wp-json\/wp\/v2\/posts\/30307\/revisions\/37786"}],"wp:featuredmedia":[{"embeddable":true,"href":"https:\/\/www.gianbattista.it\/cms\/wp-json\/wp\/v2\/media\/30318"}],"wp:attachment":[{"href":"https:\/\/www.gianbattista.it\/cms\/wp-json\/wp\/v2\/media?parent=30307"}],"wp:term":[{"taxonomy":"category","embeddable":true,"href":"https:\/\/www.gianbattista.it\/cms\/wp-json\/wp\/v2\/categories?post=30307"},{"taxonomy":"post_tag","embeddable":true,"href":"https:\/\/www.gianbattista.it\/cms\/wp-json\/wp\/v2\/tags?post=30307"}],"curies":[{"name":"wp","href":"https:\/\/api.w.org\/{rel}","templated":true}]}}