{"id":30879,"date":"2022-07-01T06:01:58","date_gmt":"2022-07-01T04:01:58","guid":{"rendered":"https:\/\/www.gianbattista.it\/?p=30879"},"modified":"2025-06-09T15:19:54","modified_gmt":"2025-06-09T13:19:54","slug":"capitolo-xxiv-la-misura-della-scomunica-1-7","status":"publish","type":"post","link":"https:\/\/www.gianbattista.it\/cms\/capitolo-xxiv-la-misura-della-scomunica-1-7\/","title":{"rendered":"zzz Capitolo XXIV \u2013 La misura della scomunica \u2013 1, 7"},"content":{"rendered":"<p>[et_pb_section fb_built=&#8221;1&#8243; _builder_version=&#8221;4.16&#8243; global_colors_info=&#8221;{}&#8221;][et_pb_row _builder_version=&#8221;4.16&#8243; global_colors_info=&#8221;{}&#8221;][et_pb_column type=&#8221;4_4&#8243; _builder_version=&#8221;4.16&#8243; global_colors_info=&#8221;{}&#8221;][et_pb_text admin_label=&#8221;Regola&#8221; _builder_version=&#8221;4.16&#8243; global_colors_info=&#8221;{}&#8221;]<\/p>\n<p>1. La scomunica e, in genere, la punizione disciplinare dev&#8217;essere proporzionata alla gravit\u00e0 della colpa<br \/>2. e ci\u00f2 \u00e8 di competenza dell&#8217;abate.<br \/>3. Per\u00f2 il monaco che avr\u00e0 commesso mancanze meno gravi sia escluso dalla mensa comune.<br \/>4. Il trattamento inflitto a chi viene escluso dalla mensa \u00e8 il seguente: in coro non intoni salmo, n\u00e9 antifona, n\u00e9 reciti lezioni fino a quando non avr\u00e0 riparato alle sue mancanze;<br \/>5. mangi da solo dopo la comunit\u00e0,<br \/>6. sicch\u00e9 se, per esempio, i monaci pranzano all&#8217;ora di Sesta, egli mangi a Nona; se pranzano a Nona, egli a Vespro,<br \/>7. fino a quando avr\u00e0 ottenuto il perdono con una conveniente riparazione.<\/p>\n<p>[\/et_pb_text][et_pb_text admin_label=&#8221;Date di lettura&#8221; _builder_version=&#8221;4.16&#8243; global_colors_info=&#8221;{}&#8221;]<\/p>\n<h4>Questa parte della Regola viene letta dai monaci in queste date:<\/h4>\n<table width=\"100%\">\n<tbody>\n<tr>\n<td width=\"7%\">\n<p>1 marzo<\/p>\n<\/td>\n<td width=\"7%\">\n<p>1 luglio<\/p>\n<\/td>\n<td width=\"12%\">\n<p>31 ottobre<\/p>\n<\/td>\n<\/tr>\n<\/tbody>\n<\/table>\n<p>[\/et_pb_text][et_pb_blog fullwidth=&#8221;off&#8221; posts_number=&#8221;12&#8243; include_categories=&#8221;245&#8243; show_author=&#8221;off&#8221; show_categories=&#8221;off&#8221; admin_label=&#8221;Regola Blog 12 articolo a griglia&#8221; _builder_version=&#8221;4.16&#8243; global_colors_info=&#8221;{}&#8221;][\/et_pb_blog][\/et_pb_column][\/et_pb_row][\/et_pb_section]<\/p>\n","protected":false},"excerpt":{"rendered":"<p>La scomunica e, in genere, la punizione disciplinare dev&#8217;essere proporzionata alla gravit\u00e0 della colpa e ci\u00f2 \u00e8 di competenza dell&#8217;abate.<\/p>\n","protected":false},"author":2,"featured_media":30888,"comment_status":"closed","ping_status":"closed","sticky":false,"template":"","format":"standard","meta":{"_et_pb_use_builder":"on","_et_pb_old_content":"","_et_gb_content_width":"","footnotes":""},"categories":[245],"tags":[],"yoast_head":"<!-- This site is optimized with the Yoast SEO plugin v23.4 - https:\/\/yoast.com\/wordpress\/plugins\/seo\/ -->\n<title>zzz Capitolo XXIV \u2013 La misura della scomunica \u2013 1, 7 - Gian Battista Gualdi<\/title>\n<meta name=\"description\" content=\"La scomunica e, in genere, la punizione disciplinare dev&#039;essere proporzionata alla gravit\u00e0 della colpa e ci\u00f2 \u00e8 di competenza dell&#039;abate.\" \/>\n<meta name=\"robots\" content=\"index, follow, max-snippet:-1, max-image-preview:large, max-video-preview:-1\" \/>\n<link rel=\"canonical\" href=\"https:\/\/www.gianbattista.it\/cms\/capitolo-xxiv-la-misura-della-scomunica-1-7\/\" \/>\n<meta property=\"og:locale\" content=\"it_IT\" \/>\n<meta property=\"og:type\" content=\"article\" \/>\n<meta property=\"og:title\" content=\"zzz Capitolo XXIV \u2013 La misura della scomunica \u2013 1, 7 - Gian Battista Gualdi\" \/>\n<meta property=\"og:description\" content=\"La scomunica e, in genere, la punizione disciplinare dev&#039;essere proporzionata alla gravit\u00e0 della colpa e ci\u00f2 \u00e8 di competenza dell&#039;abate.\" \/>\n<meta property=\"og:url\" content=\"https:\/\/www.gianbattista.it\/cms\/capitolo-xxiv-la-misura-della-scomunica-1-7\/\" \/>\n<meta property=\"og:site_name\" content=\"Gian Battista Gualdi\" \/>\n<meta property=\"article:publisher\" content=\"https:\/\/www.facebook.com\/gianbattistagualdi\" \/>\n<meta property=\"article:author\" content=\"https:\/\/www.facebook.com\/gianbattistagualdi\" \/>\n<meta property=\"article:published_time\" content=\"2022-07-01T04:01:58+00:00\" \/>\n<meta property=\"article:modified_time\" content=\"2025-06-09T13:19:54+00:00\" \/>\n<meta property=\"og:image\" content=\"https:\/\/www.gianbattista.it\/cms\/wp-content\/uploads\/2020\/06\/Monastero-di-Astino.png\" \/>\n\t<meta property=\"og:image:width\" content=\"1080\" \/>\n\t<meta property=\"og:image:height\" content=\"438\" \/>\n\t<meta property=\"og:image:type\" content=\"image\/png\" \/>\n<meta name=\"author\" content=\"adminsito\" \/>\n<meta name=\"twitter:label1\" content=\"Scritto da\" \/>\n\t<meta name=\"twitter:data1\" content=\"adminsito\" \/>\n\t<meta name=\"twitter:label2\" content=\"Tempo di lettura stimato\" \/>\n\t<meta name=\"twitter:data2\" content=\"1 minuto\" \/>\n<script type=\"application\/ld+json\" class=\"yoast-schema-graph\">{\"@context\":\"https:\/\/schema.org\",\"@graph\":[{\"@type\":\"Article\",\"@id\":\"https:\/\/www.gianbattista.it\/cms\/capitolo-xxiv-la-misura-della-scomunica-1-7\/#article\",\"isPartOf\":{\"@id\":\"https:\/\/www.gianbattista.it\/cms\/capitolo-xxiv-la-misura-della-scomunica-1-7\/\"},\"author\":{\"name\":\"adminsito\",\"@id\":\"https:\/\/www.gianbattista.it\/cms\/#\/schema\/person\/1058c2e181b77adf83fbd7af6dfdda01\"},\"headline\":\"zzz Capitolo XXIV \u2013 La misura della scomunica \u2013 1, 7\",\"datePublished\":\"2022-07-01T04:01:58+00:00\",\"dateModified\":\"2025-06-09T13:19:54+00:00\",\"mainEntityOfPage\":{\"@id\":\"https:\/\/www.gianbattista.it\/cms\/capitolo-xxiv-la-misura-della-scomunica-1-7\/\"},\"wordCount\":221,\"publisher\":{\"@id\":\"https:\/\/www.gianbattista.it\/cms\/#organization\"},\"image\":{\"@id\":\"https:\/\/www.gianbattista.it\/cms\/capitolo-xxiv-la-misura-della-scomunica-1-7\/#primaryimage\"},\"thumbnailUrl\":\"https:\/\/www.gianbattista.it\/cms\/wp-content\/uploads\/2020\/06\/Monastero-di-Astino.png\",\"articleSection\":[\"La Regola\"],\"inLanguage\":\"it-IT\"},{\"@type\":\"WebPage\",\"@id\":\"https:\/\/www.gianbattista.it\/cms\/capitolo-xxiv-la-misura-della-scomunica-1-7\/\",\"url\":\"https:\/\/www.gianbattista.it\/cms\/capitolo-xxiv-la-misura-della-scomunica-1-7\/\",\"name\":\"zzz Capitolo XXIV \u2013 La misura della scomunica \u2013 1, 7 - Gian Battista Gualdi\",\"isPartOf\":{\"@id\":\"https:\/\/www.gianbattista.it\/cms\/#website\"},\"primaryImageOfPage\":{\"@id\":\"https:\/\/www.gianbattista.it\/cms\/capitolo-xxiv-la-misura-della-scomunica-1-7\/#primaryimage\"},\"image\":{\"@id\":\"https:\/\/www.gianbattista.it\/cms\/capitolo-xxiv-la-misura-della-scomunica-1-7\/#primaryimage\"},\"thumbnailUrl\":\"https:\/\/www.gianbattista.it\/cms\/wp-content\/uploads\/2020\/06\/Monastero-di-Astino.png\",\"datePublished\":\"2022-07-01T04:01:58+00:00\",\"dateModified\":\"2025-06-09T13:19:54+00:00\",\"description\":\"La scomunica e, in genere, la punizione disciplinare dev'essere proporzionata alla gravit\u00e0 della colpa e ci\u00f2 \u00e8 di competenza dell'abate.\",\"breadcrumb\":{\"@id\":\"https:\/\/www.gianbattista.it\/cms\/capitolo-xxiv-la-misura-della-scomunica-1-7\/#breadcrumb\"},\"inLanguage\":\"it-IT\",\"potentialAction\":[{\"@type\":\"ReadAction\",\"target\":[\"https:\/\/www.gianbattista.it\/cms\/capitolo-xxiv-la-misura-della-scomunica-1-7\/\"]}]},{\"@type\":\"ImageObject\",\"inLanguage\":\"it-IT\",\"@id\":\"https:\/\/www.gianbattista.it\/cms\/capitolo-xxiv-la-misura-della-scomunica-1-7\/#primaryimage\",\"url\":\"https:\/\/www.gianbattista.it\/cms\/wp-content\/uploads\/2020\/06\/Monastero-di-Astino.png\",\"contentUrl\":\"https:\/\/www.gianbattista.it\/cms\/wp-content\/uploads\/2020\/06\/Monastero-di-Astino.png\",\"width\":1080,\"height\":438,\"caption\":\"Monastero-di-Astino\"},{\"@type\":\"BreadcrumbList\",\"@id\":\"https:\/\/www.gianbattista.it\/cms\/capitolo-xxiv-la-misura-della-scomunica-1-7\/#breadcrumb\",\"itemListElement\":[{\"@type\":\"ListItem\",\"position\":1,\"name\":\"Home\",\"item\":\"https:\/\/www.gianbattista.it\/cms\/\"},{\"@type\":\"ListItem\",\"position\":2,\"name\":\"zzz Capitolo XXIV \u2013 La misura della scomunica \u2013 1, 7\"}]},{\"@type\":\"WebSite\",\"@id\":\"https:\/\/www.gianbattista.it\/cms\/#website\",\"url\":\"https:\/\/www.gianbattista.it\/cms\/\",\"name\":\"Gian Battista Gualdi\",\"description\":\"chiediti sempre il meglio\",\"publisher\":{\"@id\":\"https:\/\/www.gianbattista.it\/cms\/#organization\"},\"potentialAction\":[{\"@type\":\"SearchAction\",\"target\":{\"@type\":\"EntryPoint\",\"urlTemplate\":\"https:\/\/www.gianbattista.it\/cms\/?s={search_term_string}\"},\"query-input\":{\"@type\":\"PropertyValueSpecification\",\"valueRequired\":true,\"valueName\":\"search_term_string\"}}],\"inLanguage\":\"it-IT\"},{\"@type\":\"Organization\",\"@id\":\"https:\/\/www.gianbattista.it\/cms\/#organization\",\"name\":\"Gian Battista Gualdi\",\"url\":\"https:\/\/www.gianbattista.it\/cms\/\",\"logo\":{\"@type\":\"ImageObject\",\"inLanguage\":\"it-IT\",\"@id\":\"https:\/\/www.gianbattista.it\/cms\/#\/schema\/logo\/image\/\",\"url\":\"https:\/\/www.gianbattista.it\/cms\/wp-content\/uploads\/2016\/07\/GBG150.png\",\"contentUrl\":\"https:\/\/www.gianbattista.it\/cms\/wp-content\/uploads\/2016\/07\/GBG150.png\",\"width\":105,\"height\":70,\"caption\":\"Gian Battista Gualdi\"},\"image\":{\"@id\":\"https:\/\/www.gianbattista.it\/cms\/#\/schema\/logo\/image\/\"},\"sameAs\":[\"https:\/\/www.facebook.com\/gianbattistagualdi\",\"https:\/\/x.com\/gualdigb\",\"https:\/\/www.linkedin.com\/in\/gian-battista-gualdi-08781941?authType=NAME_SEARCH&amp;amp;amp;authToken=gMGk&amp;amp;amp;locale=it_IT&amp;amp;amp;trk=tyah&amp;amp;amp;trkInfo=clickedVertical:mynetwork,clickedEntityId:148340263,authType:NAME_SEARCH,idx:1-1-1,tarId:1467301191561,tas:gian battista\",\"https:\/\/www.youtube.com\/channel\/UC-02_zSXunzSWcH89_GVN_w\"]},{\"@type\":\"Person\",\"@id\":\"https:\/\/www.gianbattista.it\/cms\/#\/schema\/person\/1058c2e181b77adf83fbd7af6dfdda01\",\"name\":\"adminsito\",\"image\":{\"@type\":\"ImageObject\",\"inLanguage\":\"it-IT\",\"@id\":\"https:\/\/www.gianbattista.it\/cms\/#\/schema\/person\/image\/\",\"url\":\"https:\/\/secure.gravatar.com\/avatar\/66532d5a7693aa019d73b60d47ff5d5f?s=96&d=identicon&r=g\",\"contentUrl\":\"https:\/\/secure.gravatar.com\/avatar\/66532d5a7693aa019d73b60d47ff5d5f?s=96&d=identicon&r=g\",\"caption\":\"adminsito\"},\"sameAs\":[\"https:\/\/www.gianbattista.it\",\"https:\/\/www.facebook.com\/gianbattistagualdi\"],\"url\":\"https:\/\/www.gianbattista.it\/cms\/author\/admin\/\"}]}<\/script>\n<!-- \/ Yoast SEO plugin. -->","yoast_head_json":{"title":"zzz Capitolo XXIV \u2013 La misura della scomunica \u2013 1, 7 - Gian Battista Gualdi","description":"La scomunica e, in genere, la punizione disciplinare dev'essere proporzionata alla gravit\u00e0 della colpa e ci\u00f2 \u00e8 di competenza dell'abate.","robots":{"index":"index","follow":"follow","max-snippet":"max-snippet:-1","max-image-preview":"max-image-preview:large","max-video-preview":"max-video-preview:-1"},"canonical":"https:\/\/www.gianbattista.it\/cms\/capitolo-xxiv-la-misura-della-scomunica-1-7\/","og_locale":"it_IT","og_type":"article","og_title":"zzz Capitolo XXIV \u2013 La misura della scomunica \u2013 1, 7 - Gian Battista Gualdi","og_description":"La scomunica e, in genere, la punizione disciplinare dev'essere proporzionata alla gravit\u00e0 della colpa e ci\u00f2 \u00e8 di competenza dell'abate.","og_url":"https:\/\/www.gianbattista.it\/cms\/capitolo-xxiv-la-misura-della-scomunica-1-7\/","og_site_name":"Gian Battista Gualdi","article_publisher":"https:\/\/www.facebook.com\/gianbattistagualdi","article_author":"https:\/\/www.facebook.com\/gianbattistagualdi","article_published_time":"2022-07-01T04:01:58+00:00","article_modified_time":"2025-06-09T13:19:54+00:00","og_image":[{"width":1080,"height":438,"url":"https:\/\/www.gianbattista.it\/cms\/wp-content\/uploads\/2020\/06\/Monastero-di-Astino.png","type":"image\/png"}],"author":"adminsito","twitter_misc":{"Scritto da":"adminsito","Tempo di lettura stimato":"1 minuto"},"schema":{"@context":"https:\/\/schema.org","@graph":[{"@type":"Article","@id":"https:\/\/www.gianbattista.it\/cms\/capitolo-xxiv-la-misura-della-scomunica-1-7\/#article","isPartOf":{"@id":"https:\/\/www.gianbattista.it\/cms\/capitolo-xxiv-la-misura-della-scomunica-1-7\/"},"author":{"name":"adminsito","@id":"https:\/\/www.gianbattista.it\/cms\/#\/schema\/person\/1058c2e181b77adf83fbd7af6dfdda01"},"headline":"zzz Capitolo XXIV \u2013 La misura della scomunica \u2013 1, 7","datePublished":"2022-07-01T04:01:58+00:00","dateModified":"2025-06-09T13:19:54+00:00","mainEntityOfPage":{"@id":"https:\/\/www.gianbattista.it\/cms\/capitolo-xxiv-la-misura-della-scomunica-1-7\/"},"wordCount":221,"publisher":{"@id":"https:\/\/www.gianbattista.it\/cms\/#organization"},"image":{"@id":"https:\/\/www.gianbattista.it\/cms\/capitolo-xxiv-la-misura-della-scomunica-1-7\/#primaryimage"},"thumbnailUrl":"https:\/\/www.gianbattista.it\/cms\/wp-content\/uploads\/2020\/06\/Monastero-di-Astino.png","articleSection":["La Regola"],"inLanguage":"it-IT"},{"@type":"WebPage","@id":"https:\/\/www.gianbattista.it\/cms\/capitolo-xxiv-la-misura-della-scomunica-1-7\/","url":"https:\/\/www.gianbattista.it\/cms\/capitolo-xxiv-la-misura-della-scomunica-1-7\/","name":"zzz Capitolo XXIV \u2013 La misura della scomunica \u2013 1, 7 - Gian Battista Gualdi","isPartOf":{"@id":"https:\/\/www.gianbattista.it\/cms\/#website"},"primaryImageOfPage":{"@id":"https:\/\/www.gianbattista.it\/cms\/capitolo-xxiv-la-misura-della-scomunica-1-7\/#primaryimage"},"image":{"@id":"https:\/\/www.gianbattista.it\/cms\/capitolo-xxiv-la-misura-della-scomunica-1-7\/#primaryimage"},"thumbnailUrl":"https:\/\/www.gianbattista.it\/cms\/wp-content\/uploads\/2020\/06\/Monastero-di-Astino.png","datePublished":"2022-07-01T04:01:58+00:00","dateModified":"2025-06-09T13:19:54+00:00","description":"La scomunica e, in genere, la punizione disciplinare dev'essere proporzionata alla gravit\u00e0 della colpa e ci\u00f2 \u00e8 di competenza dell'abate.","breadcrumb":{"@id":"https:\/\/www.gianbattista.it\/cms\/capitolo-xxiv-la-misura-della-scomunica-1-7\/#breadcrumb"},"inLanguage":"it-IT","potentialAction":[{"@type":"ReadAction","target":["https:\/\/www.gianbattista.it\/cms\/capitolo-xxiv-la-misura-della-scomunica-1-7\/"]}]},{"@type":"ImageObject","inLanguage":"it-IT","@id":"https:\/\/www.gianbattista.it\/cms\/capitolo-xxiv-la-misura-della-scomunica-1-7\/#primaryimage","url":"https:\/\/www.gianbattista.it\/cms\/wp-content\/uploads\/2020\/06\/Monastero-di-Astino.png","contentUrl":"https:\/\/www.gianbattista.it\/cms\/wp-content\/uploads\/2020\/06\/Monastero-di-Astino.png","width":1080,"height":438,"caption":"Monastero-di-Astino"},{"@type":"BreadcrumbList","@id":"https:\/\/www.gianbattista.it\/cms\/capitolo-xxiv-la-misura-della-scomunica-1-7\/#breadcrumb","itemListElement":[{"@type":"ListItem","position":1,"name":"Home","item":"https:\/\/www.gianbattista.it\/cms\/"},{"@type":"ListItem","position":2,"name":"zzz Capitolo XXIV \u2013 La misura della scomunica \u2013 1, 7"}]},{"@type":"WebSite","@id":"https:\/\/www.gianbattista.it\/cms\/#website","url":"https:\/\/www.gianbattista.it\/cms\/","name":"Gian Battista Gualdi","description":"chiediti sempre il meglio","publisher":{"@id":"https:\/\/www.gianbattista.it\/cms\/#organization"},"potentialAction":[{"@type":"SearchAction","target":{"@type":"EntryPoint","urlTemplate":"https:\/\/www.gianbattista.it\/cms\/?s={search_term_string}"},"query-input":{"@type":"PropertyValueSpecification","valueRequired":true,"valueName":"search_term_string"}}],"inLanguage":"it-IT"},{"@type":"Organization","@id":"https:\/\/www.gianbattista.it\/cms\/#organization","name":"Gian Battista Gualdi","url":"https:\/\/www.gianbattista.it\/cms\/","logo":{"@type":"ImageObject","inLanguage":"it-IT","@id":"https:\/\/www.gianbattista.it\/cms\/#\/schema\/logo\/image\/","url":"https:\/\/www.gianbattista.it\/cms\/wp-content\/uploads\/2016\/07\/GBG150.png","contentUrl":"https:\/\/www.gianbattista.it\/cms\/wp-content\/uploads\/2016\/07\/GBG150.png","width":105,"height":70,"caption":"Gian Battista Gualdi"},"image":{"@id":"https:\/\/www.gianbattista.it\/cms\/#\/schema\/logo\/image\/"},"sameAs":["https:\/\/www.facebook.com\/gianbattistagualdi","https:\/\/x.com\/gualdigb","https:\/\/www.linkedin.com\/in\/gian-battista-gualdi-08781941?authType=NAME_SEARCH&amp;amp;amp;authToken=gMGk&amp;amp;amp;locale=it_IT&amp;amp;amp;trk=tyah&amp;amp;amp;trkInfo=clickedVertical:mynetwork,clickedEntityId:148340263,authType:NAME_SEARCH,idx:1-1-1,tarId:1467301191561,tas:gian battista","https:\/\/www.youtube.com\/channel\/UC-02_zSXunzSWcH89_GVN_w"]},{"@type":"Person","@id":"https:\/\/www.gianbattista.it\/cms\/#\/schema\/person\/1058c2e181b77adf83fbd7af6dfdda01","name":"adminsito","image":{"@type":"ImageObject","inLanguage":"it-IT","@id":"https:\/\/www.gianbattista.it\/cms\/#\/schema\/person\/image\/","url":"https:\/\/secure.gravatar.com\/avatar\/66532d5a7693aa019d73b60d47ff5d5f?s=96&d=identicon&r=g","contentUrl":"https:\/\/secure.gravatar.com\/avatar\/66532d5a7693aa019d73b60d47ff5d5f?s=96&d=identicon&r=g","caption":"adminsito"},"sameAs":["https:\/\/www.gianbattista.it","https:\/\/www.facebook.com\/gianbattistagualdi"],"url":"https:\/\/www.gianbattista.it\/cms\/author\/admin\/"}]}},"_links":{"self":[{"href":"https:\/\/www.gianbattista.it\/cms\/wp-json\/wp\/v2\/posts\/30879"}],"collection":[{"href":"https:\/\/www.gianbattista.it\/cms\/wp-json\/wp\/v2\/posts"}],"about":[{"href":"https:\/\/www.gianbattista.it\/cms\/wp-json\/wp\/v2\/types\/post"}],"author":[{"embeddable":true,"href":"https:\/\/www.gianbattista.it\/cms\/wp-json\/wp\/v2\/users\/2"}],"replies":[{"embeddable":true,"href":"https:\/\/www.gianbattista.it\/cms\/wp-json\/wp\/v2\/comments?post=30879"}],"version-history":[{"count":1,"href":"https:\/\/www.gianbattista.it\/cms\/wp-json\/wp\/v2\/posts\/30879\/revisions"}],"predecessor-version":[{"id":37951,"href":"https:\/\/www.gianbattista.it\/cms\/wp-json\/wp\/v2\/posts\/30879\/revisions\/37951"}],"wp:featuredmedia":[{"embeddable":true,"href":"https:\/\/www.gianbattista.it\/cms\/wp-json\/wp\/v2\/media\/30888"}],"wp:attachment":[{"href":"https:\/\/www.gianbattista.it\/cms\/wp-json\/wp\/v2\/media?parent=30879"}],"wp:term":[{"taxonomy":"category","embeddable":true,"href":"https:\/\/www.gianbattista.it\/cms\/wp-json\/wp\/v2\/categories?post=30879"},{"taxonomy":"post_tag","embeddable":true,"href":"https:\/\/www.gianbattista.it\/cms\/wp-json\/wp\/v2\/tags?post=30879"}],"curies":[{"name":"wp","href":"https:\/\/api.w.org\/{rel}","templated":true}]}}