{"id":31190,"date":"2022-08-21T06:01:26","date_gmt":"2022-08-21T04:01:26","guid":{"rendered":"https:\/\/www.gianbattista.it\/?p=31190"},"modified":"2025-06-09T15:47:41","modified_gmt":"2025-06-09T13:47:41","slug":"capitolo-lxiv-lelezione-dellabate-7-22","status":"publish","type":"post","link":"https:\/\/www.gianbattista.it\/cms\/capitolo-lxiv-lelezione-dellabate-7-22\/","title":{"rendered":"zzz Capitolo LXIV \u2013 L&#8217;elezione dell&#8217;abate \u2013 7, 22"},"content":{"rendered":"<p>[et_pb_section fb_built=&#8221;1&#8243; _builder_version=&#8221;4.16&#8243; global_colors_info=&#8221;{}&#8221;][et_pb_row _builder_version=&#8221;4.16&#8243; global_colors_info=&#8221;{}&#8221;][et_pb_column type=&#8221;4_4&#8243; _builder_version=&#8221;4.16&#8243; global_colors_info=&#8221;{}&#8221;][et_pb_text admin_label=&#8221;Regola&#8221; _builder_version=&#8221;4.16&#8243; global_colors_info=&#8221;{}&#8221;]<\/p>\n<p>7. Il nuovo eletto, poi, pensi sempre al carico che si \u00e8 addossato e a chi dovr\u00e0 rendere conto del suo governo<br \/>8. e sia consapevole che il suo dovere \u00e8 di aiutare, piuttosto che di comandare.<br \/>9. Bisogna quindi che sia esperto nella legge di Dio per possedere la conoscenza e la materia da cui trarre &#8220;cose nuove e antiche&#8221;, intemerato, sobrio, comprensivo<br \/>10. e faccia &#8220;trionfare la misericordia sulla giustizia&#8221;, in modo da meritare un giorno lo stesso trattamento per s\u00e9.<br \/>11. Detesti i vizi, ma ami i suoi monaci.<br \/>12. Nelle stesse correzioni agisca con prudenza per evitare che, volendo raschiare troppo la ruggine, si rompa il vaso:<br \/>13. diffidi sempre della propria fragilit\u00e0 e si ricordi che &#8220;non bisogna spezzare la canna gi\u00e0 incrinata&#8221;.<br \/>14. Con questo non intendiamo che l&#8217;abate debba permettere ai difetti di allignare, ma che li sradichi &#8211; come abbiamo gi\u00e0 detto &#8211; con prudenza e carit\u00e0, nel modo che gli sembrer\u00e0 pi\u00f9 conveniente per ciascuno,<br \/>15. e cerchi di essere pi\u00f9 amato che temuto.<br \/>16. Non sia turbolento e ansioso, n\u00e9 esagerato e ostinato, n\u00e9 invidioso e sospettoso, perch\u00e9 cos\u00ec non avrebbe mai pace;<br \/>17. negli stessi ordini sia previdente e riflessivo e, tanto se il suo comando riguarda il campo spirituale, quanto se si riferisce a un interesse temporale, proceda con discernimento e moderazione,<br \/>18. tenendo presente la discrezione del santo patriarca Giacobbe, che diceva: &#8220;Se affaticher\u00f2 troppo i miei greggi, moriranno tutti in un giorno&#8221;.<br \/>19. Seguendo questo e altri esempi di quella discrezione che \u00e8 la madre di tutte le virt\u00f9, disponga ogni cosa in modo da stimolare le generose aspirazioni dei forti, senza scoraggiare i deboli.<br \/>20. E soprattutto osservi e faccia osservare integramente la presente Regola<br \/>21. per potersi sentir dire dal Signore, al termine della sua onesta gestione, le parole udite dal servo fedele, che a tempo debito distribu\u00ec il frumento ai suoi compagni:<br \/>22. &#8220;In verit\u00e0 vi dico: &#8211; dichiara Ges\u00f9 &#8211; gli diede potere su tutti i suoi beni&#8221;.<\/p>\n<p>[\/et_pb_text][et_pb_text admin_label=&#8221;Date di lettura&#8221; _builder_version=&#8221;4.16&#8243; global_colors_info=&#8221;{}&#8221;]<\/p>\n<h4>Questa parte della Regola viene letta dai monaci in queste date:<\/h4>\n<table width=\"100%\">\n<tbody>\n<tr>\n<td width=\"7%\">\n<p>21 aprile<\/p>\n<\/td>\n<td width=\"7%\">\n<p>21 agosto<\/p>\n<\/td>\n<td width=\"12%\">\n<p>21 dicembre<\/p>\n<\/td>\n<\/tr>\n<\/tbody>\n<\/table>\n<p>[\/et_pb_text][et_pb_blog fullwidth=&#8221;off&#8221; posts_number=&#8221;12&#8243; include_categories=&#8221;245&#8243; show_author=&#8221;off&#8221; show_categories=&#8221;off&#8221; admin_label=&#8221;Regola Blog 12 articolo a griglia&#8221; _builder_version=&#8221;4.16&#8243; global_colors_info=&#8221;{}&#8221;][\/et_pb_blog][\/et_pb_column][\/et_pb_row][\/et_pb_section]<\/p>\n","protected":false},"excerpt":{"rendered":"<p>Il nuovo eletto, poi, pensi sempre al carico che si \u00e8 addossato e a chi dovr\u00e0 rendere conto del suo governo e sia consapevole<\/p>\n","protected":false},"author":2,"featured_media":31203,"comment_status":"closed","ping_status":"closed","sticky":false,"template":"","format":"standard","meta":{"_et_pb_use_builder":"on","_et_pb_old_content":"","_et_gb_content_width":"","footnotes":""},"categories":[245],"tags":[],"yoast_head":"<!-- This site is optimized with the Yoast SEO plugin v23.4 - https:\/\/yoast.com\/wordpress\/plugins\/seo\/ -->\n<title>zzz Capitolo LXIV \u2013 L&#039;elezione dell&#039;abate \u2013 7, 22 - Gian Battista Gualdi<\/title>\n<meta name=\"description\" content=\"Il nuovo eletto, poi, pensi sempre al carico che si \u00e8 addossato e a chi dovr\u00e0 rendere conto del suo governo e sia consapevole\" \/>\n<meta name=\"robots\" content=\"index, follow, max-snippet:-1, max-image-preview:large, max-video-preview:-1\" \/>\n<link rel=\"canonical\" href=\"https:\/\/www.gianbattista.it\/cms\/capitolo-lxiv-lelezione-dellabate-7-22\/\" \/>\n<meta property=\"og:locale\" content=\"it_IT\" \/>\n<meta property=\"og:type\" content=\"article\" \/>\n<meta property=\"og:title\" content=\"zzz Capitolo LXIV \u2013 L&#039;elezione dell&#039;abate \u2013 7, 22 - Gian Battista Gualdi\" \/>\n<meta property=\"og:description\" content=\"Il nuovo eletto, poi, pensi sempre al carico che si \u00e8 addossato e a chi dovr\u00e0 rendere conto del suo governo e sia consapevole\" \/>\n<meta property=\"og:url\" content=\"https:\/\/www.gianbattista.it\/cms\/capitolo-lxiv-lelezione-dellabate-7-22\/\" \/>\n<meta property=\"og:site_name\" content=\"Gian Battista Gualdi\" \/>\n<meta property=\"article:publisher\" content=\"https:\/\/www.facebook.com\/gianbattistagualdi\" \/>\n<meta property=\"article:author\" content=\"https:\/\/www.facebook.com\/gianbattistagualdi\" \/>\n<meta property=\"article:published_time\" content=\"2022-08-21T04:01:26+00:00\" \/>\n<meta property=\"article:modified_time\" content=\"2025-06-09T13:47:41+00:00\" \/>\n<meta property=\"og:image\" content=\"https:\/\/www.gianbattista.it\/cms\/wp-content\/uploads\/2020\/08\/san-galgano.png\" \/>\n\t<meta property=\"og:image:width\" content=\"1080\" \/>\n\t<meta property=\"og:image:height\" content=\"438\" \/>\n\t<meta property=\"og:image:type\" content=\"image\/png\" \/>\n<meta name=\"author\" content=\"adminsito\" \/>\n<meta name=\"twitter:label1\" content=\"Scritto da\" \/>\n\t<meta name=\"twitter:data1\" content=\"adminsito\" \/>\n\t<meta name=\"twitter:label2\" content=\"Tempo di lettura stimato\" \/>\n\t<meta name=\"twitter:data2\" content=\"2 minuti\" \/>\n<script type=\"application\/ld+json\" class=\"yoast-schema-graph\">{\"@context\":\"https:\/\/schema.org\",\"@graph\":[{\"@type\":\"Article\",\"@id\":\"https:\/\/www.gianbattista.it\/cms\/capitolo-lxiv-lelezione-dellabate-7-22\/#article\",\"isPartOf\":{\"@id\":\"https:\/\/www.gianbattista.it\/cms\/capitolo-lxiv-lelezione-dellabate-7-22\/\"},\"author\":{\"name\":\"adminsito\",\"@id\":\"https:\/\/www.gianbattista.it\/cms\/#\/schema\/person\/1058c2e181b77adf83fbd7af6dfdda01\"},\"headline\":\"zzz Capitolo LXIV \u2013 L&#8217;elezione dell&#8217;abate \u2013 7, 22\",\"datePublished\":\"2022-08-21T04:01:26+00:00\",\"dateModified\":\"2025-06-09T13:47:41+00:00\",\"mainEntityOfPage\":{\"@id\":\"https:\/\/www.gianbattista.it\/cms\/capitolo-lxiv-lelezione-dellabate-7-22\/\"},\"wordCount\":435,\"publisher\":{\"@id\":\"https:\/\/www.gianbattista.it\/cms\/#organization\"},\"image\":{\"@id\":\"https:\/\/www.gianbattista.it\/cms\/capitolo-lxiv-lelezione-dellabate-7-22\/#primaryimage\"},\"thumbnailUrl\":\"https:\/\/www.gianbattista.it\/cms\/wp-content\/uploads\/2020\/08\/san-galgano.png\",\"articleSection\":[\"La Regola\"],\"inLanguage\":\"it-IT\"},{\"@type\":\"WebPage\",\"@id\":\"https:\/\/www.gianbattista.it\/cms\/capitolo-lxiv-lelezione-dellabate-7-22\/\",\"url\":\"https:\/\/www.gianbattista.it\/cms\/capitolo-lxiv-lelezione-dellabate-7-22\/\",\"name\":\"zzz Capitolo LXIV \u2013 L'elezione dell'abate \u2013 7, 22 - Gian Battista Gualdi\",\"isPartOf\":{\"@id\":\"https:\/\/www.gianbattista.it\/cms\/#website\"},\"primaryImageOfPage\":{\"@id\":\"https:\/\/www.gianbattista.it\/cms\/capitolo-lxiv-lelezione-dellabate-7-22\/#primaryimage\"},\"image\":{\"@id\":\"https:\/\/www.gianbattista.it\/cms\/capitolo-lxiv-lelezione-dellabate-7-22\/#primaryimage\"},\"thumbnailUrl\":\"https:\/\/www.gianbattista.it\/cms\/wp-content\/uploads\/2020\/08\/san-galgano.png\",\"datePublished\":\"2022-08-21T04:01:26+00:00\",\"dateModified\":\"2025-06-09T13:47:41+00:00\",\"description\":\"Il nuovo eletto, poi, pensi sempre al carico che si \u00e8 addossato e a chi dovr\u00e0 rendere conto del suo governo e sia consapevole\",\"breadcrumb\":{\"@id\":\"https:\/\/www.gianbattista.it\/cms\/capitolo-lxiv-lelezione-dellabate-7-22\/#breadcrumb\"},\"inLanguage\":\"it-IT\",\"potentialAction\":[{\"@type\":\"ReadAction\",\"target\":[\"https:\/\/www.gianbattista.it\/cms\/capitolo-lxiv-lelezione-dellabate-7-22\/\"]}]},{\"@type\":\"ImageObject\",\"inLanguage\":\"it-IT\",\"@id\":\"https:\/\/www.gianbattista.it\/cms\/capitolo-lxiv-lelezione-dellabate-7-22\/#primaryimage\",\"url\":\"https:\/\/www.gianbattista.it\/cms\/wp-content\/uploads\/2020\/08\/san-galgano.png\",\"contentUrl\":\"https:\/\/www.gianbattista.it\/cms\/wp-content\/uploads\/2020\/08\/san-galgano.png\",\"width\":1080,\"height\":438,\"caption\":\"san-galgano\"},{\"@type\":\"BreadcrumbList\",\"@id\":\"https:\/\/www.gianbattista.it\/cms\/capitolo-lxiv-lelezione-dellabate-7-22\/#breadcrumb\",\"itemListElement\":[{\"@type\":\"ListItem\",\"position\":1,\"name\":\"Home\",\"item\":\"https:\/\/www.gianbattista.it\/cms\/\"},{\"@type\":\"ListItem\",\"position\":2,\"name\":\"zzz Capitolo LXIV \u2013 L&#8217;elezione dell&#8217;abate \u2013 7, 22\"}]},{\"@type\":\"WebSite\",\"@id\":\"https:\/\/www.gianbattista.it\/cms\/#website\",\"url\":\"https:\/\/www.gianbattista.it\/cms\/\",\"name\":\"Gian Battista Gualdi\",\"description\":\"chiediti sempre il meglio\",\"publisher\":{\"@id\":\"https:\/\/www.gianbattista.it\/cms\/#organization\"},\"potentialAction\":[{\"@type\":\"SearchAction\",\"target\":{\"@type\":\"EntryPoint\",\"urlTemplate\":\"https:\/\/www.gianbattista.it\/cms\/?s={search_term_string}\"},\"query-input\":{\"@type\":\"PropertyValueSpecification\",\"valueRequired\":true,\"valueName\":\"search_term_string\"}}],\"inLanguage\":\"it-IT\"},{\"@type\":\"Organization\",\"@id\":\"https:\/\/www.gianbattista.it\/cms\/#organization\",\"name\":\"Gian Battista Gualdi\",\"url\":\"https:\/\/www.gianbattista.it\/cms\/\",\"logo\":{\"@type\":\"ImageObject\",\"inLanguage\":\"it-IT\",\"@id\":\"https:\/\/www.gianbattista.it\/cms\/#\/schema\/logo\/image\/\",\"url\":\"https:\/\/www.gianbattista.it\/cms\/wp-content\/uploads\/2016\/07\/GBG150.png\",\"contentUrl\":\"https:\/\/www.gianbattista.it\/cms\/wp-content\/uploads\/2016\/07\/GBG150.png\",\"width\":105,\"height\":70,\"caption\":\"Gian Battista Gualdi\"},\"image\":{\"@id\":\"https:\/\/www.gianbattista.it\/cms\/#\/schema\/logo\/image\/\"},\"sameAs\":[\"https:\/\/www.facebook.com\/gianbattistagualdi\",\"https:\/\/x.com\/gualdigb\",\"https:\/\/www.linkedin.com\/in\/gian-battista-gualdi-08781941?authType=NAME_SEARCH&amp;amp;amp;authToken=gMGk&amp;amp;amp;locale=it_IT&amp;amp;amp;trk=tyah&amp;amp;amp;trkInfo=clickedVertical:mynetwork,clickedEntityId:148340263,authType:NAME_SEARCH,idx:1-1-1,tarId:1467301191561,tas:gian battista\",\"https:\/\/www.youtube.com\/channel\/UC-02_zSXunzSWcH89_GVN_w\"]},{\"@type\":\"Person\",\"@id\":\"https:\/\/www.gianbattista.it\/cms\/#\/schema\/person\/1058c2e181b77adf83fbd7af6dfdda01\",\"name\":\"adminsito\",\"image\":{\"@type\":\"ImageObject\",\"inLanguage\":\"it-IT\",\"@id\":\"https:\/\/www.gianbattista.it\/cms\/#\/schema\/person\/image\/\",\"url\":\"https:\/\/secure.gravatar.com\/avatar\/66532d5a7693aa019d73b60d47ff5d5f?s=96&d=identicon&r=g\",\"contentUrl\":\"https:\/\/secure.gravatar.com\/avatar\/66532d5a7693aa019d73b60d47ff5d5f?s=96&d=identicon&r=g\",\"caption\":\"adminsito\"},\"sameAs\":[\"https:\/\/www.gianbattista.it\",\"https:\/\/www.facebook.com\/gianbattistagualdi\"],\"url\":\"https:\/\/www.gianbattista.it\/cms\/author\/admin\/\"}]}<\/script>\n<!-- \/ Yoast SEO plugin. -->","yoast_head_json":{"title":"zzz Capitolo LXIV \u2013 L'elezione dell'abate \u2013 7, 22 - Gian Battista Gualdi","description":"Il nuovo eletto, poi, pensi sempre al carico che si \u00e8 addossato e a chi dovr\u00e0 rendere conto del suo governo e sia consapevole","robots":{"index":"index","follow":"follow","max-snippet":"max-snippet:-1","max-image-preview":"max-image-preview:large","max-video-preview":"max-video-preview:-1"},"canonical":"https:\/\/www.gianbattista.it\/cms\/capitolo-lxiv-lelezione-dellabate-7-22\/","og_locale":"it_IT","og_type":"article","og_title":"zzz Capitolo LXIV \u2013 L'elezione dell'abate \u2013 7, 22 - Gian Battista Gualdi","og_description":"Il nuovo eletto, poi, pensi sempre al carico che si \u00e8 addossato e a chi dovr\u00e0 rendere conto del suo governo e sia consapevole","og_url":"https:\/\/www.gianbattista.it\/cms\/capitolo-lxiv-lelezione-dellabate-7-22\/","og_site_name":"Gian Battista Gualdi","article_publisher":"https:\/\/www.facebook.com\/gianbattistagualdi","article_author":"https:\/\/www.facebook.com\/gianbattistagualdi","article_published_time":"2022-08-21T04:01:26+00:00","article_modified_time":"2025-06-09T13:47:41+00:00","og_image":[{"width":1080,"height":438,"url":"https:\/\/www.gianbattista.it\/cms\/wp-content\/uploads\/2020\/08\/san-galgano.png","type":"image\/png"}],"author":"adminsito","twitter_misc":{"Scritto da":"adminsito","Tempo di lettura stimato":"2 minuti"},"schema":{"@context":"https:\/\/schema.org","@graph":[{"@type":"Article","@id":"https:\/\/www.gianbattista.it\/cms\/capitolo-lxiv-lelezione-dellabate-7-22\/#article","isPartOf":{"@id":"https:\/\/www.gianbattista.it\/cms\/capitolo-lxiv-lelezione-dellabate-7-22\/"},"author":{"name":"adminsito","@id":"https:\/\/www.gianbattista.it\/cms\/#\/schema\/person\/1058c2e181b77adf83fbd7af6dfdda01"},"headline":"zzz Capitolo LXIV \u2013 L&#8217;elezione dell&#8217;abate \u2013 7, 22","datePublished":"2022-08-21T04:01:26+00:00","dateModified":"2025-06-09T13:47:41+00:00","mainEntityOfPage":{"@id":"https:\/\/www.gianbattista.it\/cms\/capitolo-lxiv-lelezione-dellabate-7-22\/"},"wordCount":435,"publisher":{"@id":"https:\/\/www.gianbattista.it\/cms\/#organization"},"image":{"@id":"https:\/\/www.gianbattista.it\/cms\/capitolo-lxiv-lelezione-dellabate-7-22\/#primaryimage"},"thumbnailUrl":"https:\/\/www.gianbattista.it\/cms\/wp-content\/uploads\/2020\/08\/san-galgano.png","articleSection":["La Regola"],"inLanguage":"it-IT"},{"@type":"WebPage","@id":"https:\/\/www.gianbattista.it\/cms\/capitolo-lxiv-lelezione-dellabate-7-22\/","url":"https:\/\/www.gianbattista.it\/cms\/capitolo-lxiv-lelezione-dellabate-7-22\/","name":"zzz Capitolo LXIV \u2013 L'elezione dell'abate \u2013 7, 22 - Gian Battista Gualdi","isPartOf":{"@id":"https:\/\/www.gianbattista.it\/cms\/#website"},"primaryImageOfPage":{"@id":"https:\/\/www.gianbattista.it\/cms\/capitolo-lxiv-lelezione-dellabate-7-22\/#primaryimage"},"image":{"@id":"https:\/\/www.gianbattista.it\/cms\/capitolo-lxiv-lelezione-dellabate-7-22\/#primaryimage"},"thumbnailUrl":"https:\/\/www.gianbattista.it\/cms\/wp-content\/uploads\/2020\/08\/san-galgano.png","datePublished":"2022-08-21T04:01:26+00:00","dateModified":"2025-06-09T13:47:41+00:00","description":"Il nuovo eletto, poi, pensi sempre al carico che si \u00e8 addossato e a chi dovr\u00e0 rendere conto del suo governo e sia consapevole","breadcrumb":{"@id":"https:\/\/www.gianbattista.it\/cms\/capitolo-lxiv-lelezione-dellabate-7-22\/#breadcrumb"},"inLanguage":"it-IT","potentialAction":[{"@type":"ReadAction","target":["https:\/\/www.gianbattista.it\/cms\/capitolo-lxiv-lelezione-dellabate-7-22\/"]}]},{"@type":"ImageObject","inLanguage":"it-IT","@id":"https:\/\/www.gianbattista.it\/cms\/capitolo-lxiv-lelezione-dellabate-7-22\/#primaryimage","url":"https:\/\/www.gianbattista.it\/cms\/wp-content\/uploads\/2020\/08\/san-galgano.png","contentUrl":"https:\/\/www.gianbattista.it\/cms\/wp-content\/uploads\/2020\/08\/san-galgano.png","width":1080,"height":438,"caption":"san-galgano"},{"@type":"BreadcrumbList","@id":"https:\/\/www.gianbattista.it\/cms\/capitolo-lxiv-lelezione-dellabate-7-22\/#breadcrumb","itemListElement":[{"@type":"ListItem","position":1,"name":"Home","item":"https:\/\/www.gianbattista.it\/cms\/"},{"@type":"ListItem","position":2,"name":"zzz Capitolo LXIV \u2013 L&#8217;elezione dell&#8217;abate \u2013 7, 22"}]},{"@type":"WebSite","@id":"https:\/\/www.gianbattista.it\/cms\/#website","url":"https:\/\/www.gianbattista.it\/cms\/","name":"Gian Battista Gualdi","description":"chiediti sempre il meglio","publisher":{"@id":"https:\/\/www.gianbattista.it\/cms\/#organization"},"potentialAction":[{"@type":"SearchAction","target":{"@type":"EntryPoint","urlTemplate":"https:\/\/www.gianbattista.it\/cms\/?s={search_term_string}"},"query-input":{"@type":"PropertyValueSpecification","valueRequired":true,"valueName":"search_term_string"}}],"inLanguage":"it-IT"},{"@type":"Organization","@id":"https:\/\/www.gianbattista.it\/cms\/#organization","name":"Gian Battista Gualdi","url":"https:\/\/www.gianbattista.it\/cms\/","logo":{"@type":"ImageObject","inLanguage":"it-IT","@id":"https:\/\/www.gianbattista.it\/cms\/#\/schema\/logo\/image\/","url":"https:\/\/www.gianbattista.it\/cms\/wp-content\/uploads\/2016\/07\/GBG150.png","contentUrl":"https:\/\/www.gianbattista.it\/cms\/wp-content\/uploads\/2016\/07\/GBG150.png","width":105,"height":70,"caption":"Gian Battista Gualdi"},"image":{"@id":"https:\/\/www.gianbattista.it\/cms\/#\/schema\/logo\/image\/"},"sameAs":["https:\/\/www.facebook.com\/gianbattistagualdi","https:\/\/x.com\/gualdigb","https:\/\/www.linkedin.com\/in\/gian-battista-gualdi-08781941?authType=NAME_SEARCH&amp;amp;amp;authToken=gMGk&amp;amp;amp;locale=it_IT&amp;amp;amp;trk=tyah&amp;amp;amp;trkInfo=clickedVertical:mynetwork,clickedEntityId:148340263,authType:NAME_SEARCH,idx:1-1-1,tarId:1467301191561,tas:gian battista","https:\/\/www.youtube.com\/channel\/UC-02_zSXunzSWcH89_GVN_w"]},{"@type":"Person","@id":"https:\/\/www.gianbattista.it\/cms\/#\/schema\/person\/1058c2e181b77adf83fbd7af6dfdda01","name":"adminsito","image":{"@type":"ImageObject","inLanguage":"it-IT","@id":"https:\/\/www.gianbattista.it\/cms\/#\/schema\/person\/image\/","url":"https:\/\/secure.gravatar.com\/avatar\/66532d5a7693aa019d73b60d47ff5d5f?s=96&d=identicon&r=g","contentUrl":"https:\/\/secure.gravatar.com\/avatar\/66532d5a7693aa019d73b60d47ff5d5f?s=96&d=identicon&r=g","caption":"adminsito"},"sameAs":["https:\/\/www.gianbattista.it","https:\/\/www.facebook.com\/gianbattistagualdi"],"url":"https:\/\/www.gianbattista.it\/cms\/author\/admin\/"}]}},"_links":{"self":[{"href":"https:\/\/www.gianbattista.it\/cms\/wp-json\/wp\/v2\/posts\/31190"}],"collection":[{"href":"https:\/\/www.gianbattista.it\/cms\/wp-json\/wp\/v2\/posts"}],"about":[{"href":"https:\/\/www.gianbattista.it\/cms\/wp-json\/wp\/v2\/types\/post"}],"author":[{"embeddable":true,"href":"https:\/\/www.gianbattista.it\/cms\/wp-json\/wp\/v2\/users\/2"}],"replies":[{"embeddable":true,"href":"https:\/\/www.gianbattista.it\/cms\/wp-json\/wp\/v2\/comments?post=31190"}],"version-history":[{"count":1,"href":"https:\/\/www.gianbattista.it\/cms\/wp-json\/wp\/v2\/posts\/31190\/revisions"}],"predecessor-version":[{"id":37982,"href":"https:\/\/www.gianbattista.it\/cms\/wp-json\/wp\/v2\/posts\/31190\/revisions\/37982"}],"wp:featuredmedia":[{"embeddable":true,"href":"https:\/\/www.gianbattista.it\/cms\/wp-json\/wp\/v2\/media\/31203"}],"wp:attachment":[{"href":"https:\/\/www.gianbattista.it\/cms\/wp-json\/wp\/v2\/media?parent=31190"}],"wp:term":[{"taxonomy":"category","embeddable":true,"href":"https:\/\/www.gianbattista.it\/cms\/wp-json\/wp\/v2\/categories?post=31190"},{"taxonomy":"post_tag","embeddable":true,"href":"https:\/\/www.gianbattista.it\/cms\/wp-json\/wp\/v2\/tags?post=31190"}],"curies":[{"name":"wp","href":"https:\/\/api.w.org\/{rel}","templated":true}]}}