{"id":31193,"date":"2022-08-23T06:01:53","date_gmt":"2022-08-23T04:01:53","guid":{"rendered":"https:\/\/www.gianbattista.it\/?p=31193"},"modified":"2025-06-09T15:45:11","modified_gmt":"2025-06-09T13:45:11","slug":"capitolo-lxv-il-priore-del-monastero-11-22","status":"publish","type":"post","link":"https:\/\/www.gianbattista.it\/cms\/capitolo-lxv-il-priore-del-monastero-11-22\/","title":{"rendered":"zzz Capitolo LXV \u2013 Il priore del monastero \u2013 11, 22"},"content":{"rendered":"<p>[et_pb_section fb_built=&#8221;1&#8243; _builder_version=&#8221;4.16&#8243; global_colors_info=&#8221;{}&#8221;][et_pb_row _builder_version=&#8221;4.16&#8243; global_colors_info=&#8221;{}&#8221;][et_pb_column type=&#8221;4_4&#8243; _builder_version=&#8221;4.16&#8243; global_colors_info=&#8221;{}&#8221;][et_pb_text admin_label=&#8221;Regola&#8221; _builder_version=&#8221;4.27.0&#8243; hover_enabled=&#8221;0&#8243; global_colors_info=&#8221;{}&#8221; sticky_enabled=&#8221;0&#8243;]<\/p>\n<p>11. Quindi, per la tutela della pace e della carit\u00e0 ci \u00e8 sembrato necessario far dipendere l&#8217;ordinamento del monastero unicamente dalla volont\u00e0 del suo abate.<br \/>12. E, se \u00e8 possibile, tutte le attivit\u00e0 del monastero siano regolate &#8211; come abbiamo gi\u00e0 stabilito in precedenza &#8211; per mezzo di decani, secondo quanto disporr\u00e0 l&#8217;abate,<br \/>13. in modo che, ripartendo l&#8217;autorit\u00e0 fra varie persone, non si dia motivo a uno solo di insuperbirsi.<br \/>14. Ma se le condizioni locali lo esigono o la comunit\u00e0 lo chiede umilmente e con ragioni fondate e l&#8217;abate lo giudica opportuno,<br \/>15. nomini egli stesso priore quel monaco che avr\u00e0 scelto con il consiglio di fratelli timorati di Dio.<br \/>16. Il priore, da parte sua, esegua con reverenza gli ordini del suo abate e non faccia nulla contro la volont\u00e0 o le disposizioni di lui,<br \/>17. perch\u00e9 quanto pi\u00f9 \u00e8 stato elevato al di sopra degli altri, tanto maggior impegno deve dimostrare nell&#8217;osservanza delle prescrizioni della Regola.<br \/>18. Se poi questo priore si riveler\u00e0 pieno di difetti o, lusingato dalla vanit\u00e0, monter\u00e0 in superbia o dar\u00e0 prova manifesta di disprezzare la santa Regola, sia ammonito a voce per quattro volte,<br \/>19. ma, nel caso che non si corregga, si prenda nei suoi confronti il provvedimento disciplinare previsto dalla Regola.<br \/>20. Se neppure cos\u00ec si ravveder\u00e0, sia deposto dalla carica di priore e sostituito da un altro che ne sia degno.<br \/>21. E se in seguito non intender\u00e0 starsene quieto e sottomesso in comunit\u00e0, sia addirittura espulso dal monastero.<br \/>22. Ma l&#8217;abate, da parte sua, si ricordi sempre che un giorno dovr\u00e0 rendere conto a Dio di tutte le sue decisioni, per evitare che la fiamma dell&#8217;invidia e della gelosia gli divori l&#8217;anima.<\/p>\n<p>[\/et_pb_text][et_pb_text admin_label=&#8221;Date di lettura&#8221; _builder_version=&#8221;4.16&#8243; global_colors_info=&#8221;{}&#8221;]<\/p>\n<h4>Questa parte della Regola viene letta dai monaci in queste date:<\/h4>\n<table width=\"100%\">\n<tbody>\n<tr>\n<td width=\"7%\">\n<p>23 aprile<\/p>\n<\/td>\n<td width=\"7%\">\n<p>23 agosto<\/p>\n<\/td>\n<td width=\"12%\">\n<p>23 dicembre<\/p>\n<\/td>\n<\/tr>\n<\/tbody>\n<\/table>\n<p>[\/et_pb_text][et_pb_blog fullwidth=&#8221;off&#8221; posts_number=&#8221;12&#8243; include_categories=&#8221;245&#8243; show_author=&#8221;off&#8221; show_categories=&#8221;off&#8221; admin_label=&#8221;Regola Blog 12 articolo a griglia&#8221; _builder_version=&#8221;4.16&#8243; global_colors_info=&#8221;{}&#8221;][\/et_pb_blog][\/et_pb_column][\/et_pb_row][\/et_pb_section]<\/p>\n","protected":false},"excerpt":{"rendered":"<p>Quindi, per la tutela della pace e della carit\u00e0 ci \u00e8 sembrato necessario far dipendere l&#8217;ordinamento del monastero unicamente dalla volont\u00e0<\/p>\n","protected":false},"author":2,"featured_media":31213,"comment_status":"closed","ping_status":"closed","sticky":false,"template":"","format":"standard","meta":{"_et_pb_use_builder":"on","_et_pb_old_content":"","_et_gb_content_width":"","footnotes":""},"categories":[245],"tags":[],"yoast_head":"<!-- This site is optimized with the Yoast SEO plugin v23.4 - https:\/\/yoast.com\/wordpress\/plugins\/seo\/ -->\n<title>zzz Capitolo LXV \u2013 Il priore del monastero \u2013 11, 22 - Gian Battista Gualdi<\/title>\n<meta name=\"description\" content=\"Quindi, per la tutela della pace e della carit\u00e0 ci \u00e8 sembrato necessario far dipendere l&#039;ordinamento del monastero unicamente dalla volont\u00e0\" \/>\n<meta name=\"robots\" content=\"index, follow, max-snippet:-1, max-image-preview:large, max-video-preview:-1\" \/>\n<link rel=\"canonical\" href=\"https:\/\/www.gianbattista.it\/cms\/capitolo-lxv-il-priore-del-monastero-11-22\/\" \/>\n<meta property=\"og:locale\" content=\"it_IT\" \/>\n<meta property=\"og:type\" content=\"article\" \/>\n<meta property=\"og:title\" content=\"zzz Capitolo LXV \u2013 Il priore del monastero \u2013 11, 22 - Gian Battista Gualdi\" \/>\n<meta property=\"og:description\" content=\"Quindi, per la tutela della pace e della carit\u00e0 ci \u00e8 sembrato necessario far dipendere l&#039;ordinamento del monastero unicamente dalla volont\u00e0\" \/>\n<meta property=\"og:url\" content=\"https:\/\/www.gianbattista.it\/cms\/capitolo-lxv-il-priore-del-monastero-11-22\/\" \/>\n<meta property=\"og:site_name\" content=\"Gian Battista Gualdi\" \/>\n<meta property=\"article:publisher\" content=\"https:\/\/www.facebook.com\/gianbattistagualdi\" \/>\n<meta property=\"article:author\" content=\"https:\/\/www.facebook.com\/gianbattistagualdi\" \/>\n<meta property=\"article:published_time\" content=\"2022-08-23T04:01:53+00:00\" \/>\n<meta property=\"article:modified_time\" content=\"2025-06-09T13:45:11+00:00\" \/>\n<meta property=\"og:image\" content=\"https:\/\/www.gianbattista.it\/cms\/wp-content\/uploads\/2020\/08\/SantAntimo-Montalcino.png\" \/>\n\t<meta property=\"og:image:width\" content=\"1080\" \/>\n\t<meta property=\"og:image:height\" content=\"438\" \/>\n\t<meta property=\"og:image:type\" content=\"image\/png\" \/>\n<meta name=\"author\" content=\"adminsito\" \/>\n<meta name=\"twitter:label1\" content=\"Scritto da\" \/>\n\t<meta name=\"twitter:data1\" content=\"adminsito\" \/>\n\t<meta name=\"twitter:label2\" content=\"Tempo di lettura stimato\" \/>\n\t<meta name=\"twitter:data2\" content=\"7 minuti\" \/>\n<script type=\"application\/ld+json\" class=\"yoast-schema-graph\">{\"@context\":\"https:\/\/schema.org\",\"@graph\":[{\"@type\":\"Article\",\"@id\":\"https:\/\/www.gianbattista.it\/cms\/capitolo-lxv-il-priore-del-monastero-11-22\/#article\",\"isPartOf\":{\"@id\":\"https:\/\/www.gianbattista.it\/cms\/capitolo-lxv-il-priore-del-monastero-11-22\/\"},\"author\":{\"name\":\"adminsito\",\"@id\":\"https:\/\/www.gianbattista.it\/cms\/#\/schema\/person\/1058c2e181b77adf83fbd7af6dfdda01\"},\"headline\":\"zzz Capitolo LXV \u2013 Il priore del monastero \u2013 11, 22\",\"datePublished\":\"2022-08-23T04:01:53+00:00\",\"dateModified\":\"2025-06-09T13:45:11+00:00\",\"mainEntityOfPage\":{\"@id\":\"https:\/\/www.gianbattista.it\/cms\/capitolo-lxv-il-priore-del-monastero-11-22\/\"},\"wordCount\":399,\"publisher\":{\"@id\":\"https:\/\/www.gianbattista.it\/cms\/#organization\"},\"image\":{\"@id\":\"https:\/\/www.gianbattista.it\/cms\/capitolo-lxv-il-priore-del-monastero-11-22\/#primaryimage\"},\"thumbnailUrl\":\"https:\/\/www.gianbattista.it\/cms\/wp-content\/uploads\/2020\/08\/SantAntimo-Montalcino.png\",\"articleSection\":[\"La Regola\"],\"inLanguage\":\"it-IT\"},{\"@type\":\"WebPage\",\"@id\":\"https:\/\/www.gianbattista.it\/cms\/capitolo-lxv-il-priore-del-monastero-11-22\/\",\"url\":\"https:\/\/www.gianbattista.it\/cms\/capitolo-lxv-il-priore-del-monastero-11-22\/\",\"name\":\"zzz Capitolo LXV \u2013 Il priore del monastero \u2013 11, 22 - Gian Battista Gualdi\",\"isPartOf\":{\"@id\":\"https:\/\/www.gianbattista.it\/cms\/#website\"},\"primaryImageOfPage\":{\"@id\":\"https:\/\/www.gianbattista.it\/cms\/capitolo-lxv-il-priore-del-monastero-11-22\/#primaryimage\"},\"image\":{\"@id\":\"https:\/\/www.gianbattista.it\/cms\/capitolo-lxv-il-priore-del-monastero-11-22\/#primaryimage\"},\"thumbnailUrl\":\"https:\/\/www.gianbattista.it\/cms\/wp-content\/uploads\/2020\/08\/SantAntimo-Montalcino.png\",\"datePublished\":\"2022-08-23T04:01:53+00:00\",\"dateModified\":\"2025-06-09T13:45:11+00:00\",\"description\":\"Quindi, per la tutela della pace e della carit\u00e0 ci \u00e8 sembrato necessario far dipendere l'ordinamento del monastero unicamente dalla volont\u00e0\",\"breadcrumb\":{\"@id\":\"https:\/\/www.gianbattista.it\/cms\/capitolo-lxv-il-priore-del-monastero-11-22\/#breadcrumb\"},\"inLanguage\":\"it-IT\",\"potentialAction\":[{\"@type\":\"ReadAction\",\"target\":[\"https:\/\/www.gianbattista.it\/cms\/capitolo-lxv-il-priore-del-monastero-11-22\/\"]}]},{\"@type\":\"ImageObject\",\"inLanguage\":\"it-IT\",\"@id\":\"https:\/\/www.gianbattista.it\/cms\/capitolo-lxv-il-priore-del-monastero-11-22\/#primaryimage\",\"url\":\"https:\/\/www.gianbattista.it\/cms\/wp-content\/uploads\/2020\/08\/SantAntimo-Montalcino.png\",\"contentUrl\":\"https:\/\/www.gianbattista.it\/cms\/wp-content\/uploads\/2020\/08\/SantAntimo-Montalcino.png\",\"width\":1080,\"height\":438,\"caption\":\"SantAntimo-Montalcino\"},{\"@type\":\"BreadcrumbList\",\"@id\":\"https:\/\/www.gianbattista.it\/cms\/capitolo-lxv-il-priore-del-monastero-11-22\/#breadcrumb\",\"itemListElement\":[{\"@type\":\"ListItem\",\"position\":1,\"name\":\"Home\",\"item\":\"https:\/\/www.gianbattista.it\/cms\/\"},{\"@type\":\"ListItem\",\"position\":2,\"name\":\"zzz Capitolo LXV \u2013 Il priore del monastero \u2013 11, 22\"}]},{\"@type\":\"WebSite\",\"@id\":\"https:\/\/www.gianbattista.it\/cms\/#website\",\"url\":\"https:\/\/www.gianbattista.it\/cms\/\",\"name\":\"Gian Battista Gualdi\",\"description\":\"chiediti sempre il meglio\",\"publisher\":{\"@id\":\"https:\/\/www.gianbattista.it\/cms\/#organization\"},\"potentialAction\":[{\"@type\":\"SearchAction\",\"target\":{\"@type\":\"EntryPoint\",\"urlTemplate\":\"https:\/\/www.gianbattista.it\/cms\/?s={search_term_string}\"},\"query-input\":{\"@type\":\"PropertyValueSpecification\",\"valueRequired\":true,\"valueName\":\"search_term_string\"}}],\"inLanguage\":\"it-IT\"},{\"@type\":\"Organization\",\"@id\":\"https:\/\/www.gianbattista.it\/cms\/#organization\",\"name\":\"Gian Battista Gualdi\",\"url\":\"https:\/\/www.gianbattista.it\/cms\/\",\"logo\":{\"@type\":\"ImageObject\",\"inLanguage\":\"it-IT\",\"@id\":\"https:\/\/www.gianbattista.it\/cms\/#\/schema\/logo\/image\/\",\"url\":\"https:\/\/www.gianbattista.it\/cms\/wp-content\/uploads\/2016\/07\/GBG150.png\",\"contentUrl\":\"https:\/\/www.gianbattista.it\/cms\/wp-content\/uploads\/2016\/07\/GBG150.png\",\"width\":105,\"height\":70,\"caption\":\"Gian Battista Gualdi\"},\"image\":{\"@id\":\"https:\/\/www.gianbattista.it\/cms\/#\/schema\/logo\/image\/\"},\"sameAs\":[\"https:\/\/www.facebook.com\/gianbattistagualdi\",\"https:\/\/x.com\/gualdigb\",\"https:\/\/www.linkedin.com\/in\/gian-battista-gualdi-08781941?authType=NAME_SEARCH&amp;amp;amp;authToken=gMGk&amp;amp;amp;locale=it_IT&amp;amp;amp;trk=tyah&amp;amp;amp;trkInfo=clickedVertical:mynetwork,clickedEntityId:148340263,authType:NAME_SEARCH,idx:1-1-1,tarId:1467301191561,tas:gian battista\",\"https:\/\/www.youtube.com\/channel\/UC-02_zSXunzSWcH89_GVN_w\"]},{\"@type\":\"Person\",\"@id\":\"https:\/\/www.gianbattista.it\/cms\/#\/schema\/person\/1058c2e181b77adf83fbd7af6dfdda01\",\"name\":\"adminsito\",\"image\":{\"@type\":\"ImageObject\",\"inLanguage\":\"it-IT\",\"@id\":\"https:\/\/www.gianbattista.it\/cms\/#\/schema\/person\/image\/\",\"url\":\"https:\/\/secure.gravatar.com\/avatar\/66532d5a7693aa019d73b60d47ff5d5f?s=96&d=identicon&r=g\",\"contentUrl\":\"https:\/\/secure.gravatar.com\/avatar\/66532d5a7693aa019d73b60d47ff5d5f?s=96&d=identicon&r=g\",\"caption\":\"adminsito\"},\"sameAs\":[\"https:\/\/www.gianbattista.it\",\"https:\/\/www.facebook.com\/gianbattistagualdi\"],\"url\":\"https:\/\/www.gianbattista.it\/cms\/author\/admin\/\"}]}<\/script>\n<!-- \/ Yoast SEO plugin. -->","yoast_head_json":{"title":"zzz Capitolo LXV \u2013 Il priore del monastero \u2013 11, 22 - Gian Battista Gualdi","description":"Quindi, per la tutela della pace e della carit\u00e0 ci \u00e8 sembrato necessario far dipendere l'ordinamento del monastero unicamente dalla volont\u00e0","robots":{"index":"index","follow":"follow","max-snippet":"max-snippet:-1","max-image-preview":"max-image-preview:large","max-video-preview":"max-video-preview:-1"},"canonical":"https:\/\/www.gianbattista.it\/cms\/capitolo-lxv-il-priore-del-monastero-11-22\/","og_locale":"it_IT","og_type":"article","og_title":"zzz Capitolo LXV \u2013 Il priore del monastero \u2013 11, 22 - Gian Battista Gualdi","og_description":"Quindi, per la tutela della pace e della carit\u00e0 ci \u00e8 sembrato necessario far dipendere l'ordinamento del monastero unicamente dalla volont\u00e0","og_url":"https:\/\/www.gianbattista.it\/cms\/capitolo-lxv-il-priore-del-monastero-11-22\/","og_site_name":"Gian Battista Gualdi","article_publisher":"https:\/\/www.facebook.com\/gianbattistagualdi","article_author":"https:\/\/www.facebook.com\/gianbattistagualdi","article_published_time":"2022-08-23T04:01:53+00:00","article_modified_time":"2025-06-09T13:45:11+00:00","og_image":[{"width":1080,"height":438,"url":"https:\/\/www.gianbattista.it\/cms\/wp-content\/uploads\/2020\/08\/SantAntimo-Montalcino.png","type":"image\/png"}],"author":"adminsito","twitter_misc":{"Scritto da":"adminsito","Tempo di lettura stimato":"7 minuti"},"schema":{"@context":"https:\/\/schema.org","@graph":[{"@type":"Article","@id":"https:\/\/www.gianbattista.it\/cms\/capitolo-lxv-il-priore-del-monastero-11-22\/#article","isPartOf":{"@id":"https:\/\/www.gianbattista.it\/cms\/capitolo-lxv-il-priore-del-monastero-11-22\/"},"author":{"name":"adminsito","@id":"https:\/\/www.gianbattista.it\/cms\/#\/schema\/person\/1058c2e181b77adf83fbd7af6dfdda01"},"headline":"zzz Capitolo LXV \u2013 Il priore del monastero \u2013 11, 22","datePublished":"2022-08-23T04:01:53+00:00","dateModified":"2025-06-09T13:45:11+00:00","mainEntityOfPage":{"@id":"https:\/\/www.gianbattista.it\/cms\/capitolo-lxv-il-priore-del-monastero-11-22\/"},"wordCount":399,"publisher":{"@id":"https:\/\/www.gianbattista.it\/cms\/#organization"},"image":{"@id":"https:\/\/www.gianbattista.it\/cms\/capitolo-lxv-il-priore-del-monastero-11-22\/#primaryimage"},"thumbnailUrl":"https:\/\/www.gianbattista.it\/cms\/wp-content\/uploads\/2020\/08\/SantAntimo-Montalcino.png","articleSection":["La Regola"],"inLanguage":"it-IT"},{"@type":"WebPage","@id":"https:\/\/www.gianbattista.it\/cms\/capitolo-lxv-il-priore-del-monastero-11-22\/","url":"https:\/\/www.gianbattista.it\/cms\/capitolo-lxv-il-priore-del-monastero-11-22\/","name":"zzz Capitolo LXV \u2013 Il priore del monastero \u2013 11, 22 - Gian Battista Gualdi","isPartOf":{"@id":"https:\/\/www.gianbattista.it\/cms\/#website"},"primaryImageOfPage":{"@id":"https:\/\/www.gianbattista.it\/cms\/capitolo-lxv-il-priore-del-monastero-11-22\/#primaryimage"},"image":{"@id":"https:\/\/www.gianbattista.it\/cms\/capitolo-lxv-il-priore-del-monastero-11-22\/#primaryimage"},"thumbnailUrl":"https:\/\/www.gianbattista.it\/cms\/wp-content\/uploads\/2020\/08\/SantAntimo-Montalcino.png","datePublished":"2022-08-23T04:01:53+00:00","dateModified":"2025-06-09T13:45:11+00:00","description":"Quindi, per la tutela della pace e della carit\u00e0 ci \u00e8 sembrato necessario far dipendere l'ordinamento del monastero unicamente dalla volont\u00e0","breadcrumb":{"@id":"https:\/\/www.gianbattista.it\/cms\/capitolo-lxv-il-priore-del-monastero-11-22\/#breadcrumb"},"inLanguage":"it-IT","potentialAction":[{"@type":"ReadAction","target":["https:\/\/www.gianbattista.it\/cms\/capitolo-lxv-il-priore-del-monastero-11-22\/"]}]},{"@type":"ImageObject","inLanguage":"it-IT","@id":"https:\/\/www.gianbattista.it\/cms\/capitolo-lxv-il-priore-del-monastero-11-22\/#primaryimage","url":"https:\/\/www.gianbattista.it\/cms\/wp-content\/uploads\/2020\/08\/SantAntimo-Montalcino.png","contentUrl":"https:\/\/www.gianbattista.it\/cms\/wp-content\/uploads\/2020\/08\/SantAntimo-Montalcino.png","width":1080,"height":438,"caption":"SantAntimo-Montalcino"},{"@type":"BreadcrumbList","@id":"https:\/\/www.gianbattista.it\/cms\/capitolo-lxv-il-priore-del-monastero-11-22\/#breadcrumb","itemListElement":[{"@type":"ListItem","position":1,"name":"Home","item":"https:\/\/www.gianbattista.it\/cms\/"},{"@type":"ListItem","position":2,"name":"zzz Capitolo LXV \u2013 Il priore del monastero \u2013 11, 22"}]},{"@type":"WebSite","@id":"https:\/\/www.gianbattista.it\/cms\/#website","url":"https:\/\/www.gianbattista.it\/cms\/","name":"Gian Battista Gualdi","description":"chiediti sempre il meglio","publisher":{"@id":"https:\/\/www.gianbattista.it\/cms\/#organization"},"potentialAction":[{"@type":"SearchAction","target":{"@type":"EntryPoint","urlTemplate":"https:\/\/www.gianbattista.it\/cms\/?s={search_term_string}"},"query-input":{"@type":"PropertyValueSpecification","valueRequired":true,"valueName":"search_term_string"}}],"inLanguage":"it-IT"},{"@type":"Organization","@id":"https:\/\/www.gianbattista.it\/cms\/#organization","name":"Gian Battista Gualdi","url":"https:\/\/www.gianbattista.it\/cms\/","logo":{"@type":"ImageObject","inLanguage":"it-IT","@id":"https:\/\/www.gianbattista.it\/cms\/#\/schema\/logo\/image\/","url":"https:\/\/www.gianbattista.it\/cms\/wp-content\/uploads\/2016\/07\/GBG150.png","contentUrl":"https:\/\/www.gianbattista.it\/cms\/wp-content\/uploads\/2016\/07\/GBG150.png","width":105,"height":70,"caption":"Gian Battista Gualdi"},"image":{"@id":"https:\/\/www.gianbattista.it\/cms\/#\/schema\/logo\/image\/"},"sameAs":["https:\/\/www.facebook.com\/gianbattistagualdi","https:\/\/x.com\/gualdigb","https:\/\/www.linkedin.com\/in\/gian-battista-gualdi-08781941?authType=NAME_SEARCH&amp;amp;amp;authToken=gMGk&amp;amp;amp;locale=it_IT&amp;amp;amp;trk=tyah&amp;amp;amp;trkInfo=clickedVertical:mynetwork,clickedEntityId:148340263,authType:NAME_SEARCH,idx:1-1-1,tarId:1467301191561,tas:gian battista","https:\/\/www.youtube.com\/channel\/UC-02_zSXunzSWcH89_GVN_w"]},{"@type":"Person","@id":"https:\/\/www.gianbattista.it\/cms\/#\/schema\/person\/1058c2e181b77adf83fbd7af6dfdda01","name":"adminsito","image":{"@type":"ImageObject","inLanguage":"it-IT","@id":"https:\/\/www.gianbattista.it\/cms\/#\/schema\/person\/image\/","url":"https:\/\/secure.gravatar.com\/avatar\/66532d5a7693aa019d73b60d47ff5d5f?s=96&d=identicon&r=g","contentUrl":"https:\/\/secure.gravatar.com\/avatar\/66532d5a7693aa019d73b60d47ff5d5f?s=96&d=identicon&r=g","caption":"adminsito"},"sameAs":["https:\/\/www.gianbattista.it","https:\/\/www.facebook.com\/gianbattistagualdi"],"url":"https:\/\/www.gianbattista.it\/cms\/author\/admin\/"}]}},"_links":{"self":[{"href":"https:\/\/www.gianbattista.it\/cms\/wp-json\/wp\/v2\/posts\/31193"}],"collection":[{"href":"https:\/\/www.gianbattista.it\/cms\/wp-json\/wp\/v2\/posts"}],"about":[{"href":"https:\/\/www.gianbattista.it\/cms\/wp-json\/wp\/v2\/types\/post"}],"author":[{"embeddable":true,"href":"https:\/\/www.gianbattista.it\/cms\/wp-json\/wp\/v2\/users\/2"}],"replies":[{"embeddable":true,"href":"https:\/\/www.gianbattista.it\/cms\/wp-json\/wp\/v2\/comments?post=31193"}],"version-history":[{"count":2,"href":"https:\/\/www.gianbattista.it\/cms\/wp-json\/wp\/v2\/posts\/31193\/revisions"}],"predecessor-version":[{"id":37977,"href":"https:\/\/www.gianbattista.it\/cms\/wp-json\/wp\/v2\/posts\/31193\/revisions\/37977"}],"wp:featuredmedia":[{"embeddable":true,"href":"https:\/\/www.gianbattista.it\/cms\/wp-json\/wp\/v2\/media\/31213"}],"wp:attachment":[{"href":"https:\/\/www.gianbattista.it\/cms\/wp-json\/wp\/v2\/media?parent=31193"}],"wp:term":[{"taxonomy":"category","embeddable":true,"href":"https:\/\/www.gianbattista.it\/cms\/wp-json\/wp\/v2\/categories?post=31193"},{"taxonomy":"post_tag","embeddable":true,"href":"https:\/\/www.gianbattista.it\/cms\/wp-json\/wp\/v2\/tags?post=31193"}],"curies":[{"name":"wp","href":"https:\/\/api.w.org\/{rel}","templated":true}]}}