{"id":3506,"date":"2017-03-08T06:01:35","date_gmt":"2017-03-08T05:01:35","guid":{"rendered":"https:\/\/www.gianbattista.it\/cms\/?p=3506"},"modified":"2022-05-26T11:41:21","modified_gmt":"2022-05-26T09:41:21","slug":"preparati-la-serata-dedicata-alla-raccolta-fondi-lassociazione-paolo-belli","status":"publish","type":"post","link":"https:\/\/www.gianbattista.it\/cms\/preparati-la-serata-dedicata-alla-raccolta-fondi-lassociazione-paolo-belli\/","title":{"rendered":"Partecipa alla serata dedicata alla raccolta fondi per l\u2019associazione Paolo Belli &#8211; Venerd\u00ec 17 Marzo"},"content":{"rendered":"<p><a href=\"https:\/\/www.tenutacollepiajo.it\/\">Tenuta Colle Piajo<\/a> \u00e8 lieta di invitarvi alla cena di beneficenza per l\u2019<a href=\"https:\/\/www.associazionepaolobelli.it\/\">associazione Paolo Belli<\/a>.<\/p>\n<h3><strong>Venerd\u00ec 17 Marzo<\/strong><\/h3>\n<p>prenotazione obbligatoria entro il 12 marzo Quota di partecipazione: 40,00 euro a persona.<br \/>\nL\u2019INTERA QUOTA DI PARTECIPAZIONE SAR\u00c0 DEVOLUTA ALL\u2019ASSOCIAZIONE<\/p>\n<h4>Durante la serata tre maghi Marco, Pietro&nbsp;e Gian Battista assieme ai numerosi ospiti intratterranno e faranno riflettere tutti gli invitati.<\/h4>\n<h3>Cosa \u00e8 l&#8217;<a href=\"http:\/\/www.associazionepaolobelli.it\/\">associazione Paolo Belli<\/a>.<\/h3>\n<p>Nel loro orizzonte vogliono inserire presente e futuro;&nbsp;\u00e8 giusto sostenere tutti coloro per i quali l&#8217;angoscia coabita con la speranza.<\/p>\n<p>La speranza \u00e8 calore, \u00e8 luce e d\u00e0 forza: cos\u00ec come il sole che hanno scelto come simbolo e con il quale portano luce nel buio della malattia.<\/p>\n<h3>Le finalit\u00e0<\/h3>\n<p>Per non dimenticare l&#8217;amico e&nbsp; tutte le&nbsp; persone che&nbsp; hanno contratto la leucemia e<br \/>\nal fine di accompagnare la famiglia e l\u2019ammalato nel percorso della malattia anche attraverso piccoli e utili gesti quotidiani l\u2019associazione<strong> PAOLO BELLI<\/strong>,&nbsp; grazie alla collaborazione volontaria e gratuita dei suoi iscritti, intende operare con sempre maggiore incisivit\u00e0 alla ricerca di contributi da destinarsi con tempestivit\u00e0, alla:<\/p>\n<h3>&nbsp;<\/h3>\n<h3>&nbsp;<\/h3>\n<h3>Cosa \u00e8&nbsp;<a href=\"http:\/\/www.tenutacollepiajo.it\/\">Tenuta Colle Piajo<\/a><\/h3>\n<div class=\"wpb_text_column wpb_content_element vc_custom_1479725018649\">\n<div class=\"wpb_wrapper\">\n<p>nasce nel 1999 dopo una radicale ristrutturazione della location.<br \/>\nInizialmente basata sull\u2019organizzazione di eventi privati, con il tempo adatta le sue peculiarit\u00e0 per soddisfare anche le esigenze del settore business.<br \/>\nLe crescenti richieste del mercato aziendale hanno fatto si che nel 2005 iniziasse la costruzione dell\u2019hotel, progetto che ha visto la sua piena realizzazione nel settembre 2006.<br \/>\nLa completezza di servizi che ad oggi offre rende la struttura unica nel suo genere, dove lavoro e relax creano una perfetta sinergia, dove l\u2019evento privato imprime ricordi indelebili nei cuori.<\/p>\n<\/div>\n<\/div>\n<div class=\"wpb_text_column wpb_content_element \">\n<div class=\"wpb_wrapper\">\n<h3>Missione<\/h3>\n<\/div>\n<\/div>\n<div class=\"vc_empty_space\">&nbsp;Stabilire un rapporto vero con i nostri clienti, offrire contatto umano ad ognuno, quel valore aggiunto, in questo momento dove la tecnologia lo sta a volte spodestando, fa si che, distinguere ogni individuo come essere non come numero o fatturato faccia la differenza, comprendere le esigenze, consigliare, risolvere problemi per ottenere la realizzazione del vostro evento fornendovi un supporto completo, dai ricevimenti privati a quelli aziendali.<\/div>\n<div class=\"wpb_text_column wpb_content_element \">\n<div class=\"wpb_wrapper\">\n<p>La duttilit\u00e0 della nostra struttura permette di soddisfare anche le richieste pi\u00f9 articolate. La passione \u00e8 ci\u00f2 che ci contraddistingue, la cura del dettaglio la nostra forza. Farvi vivere emozioni che resteranno impresse nei vostri ricordi.<\/p>\n<\/div>\n<\/div>\n","protected":false},"excerpt":{"rendered":"<p>Tenuta Colle Piajo \u00e8 lieta di invitarvi alla cena di beneficenza per l\u2019associazione Paolo Belli.<\/p>\n<p>prenotazione obbligatoria entro il 12 marzo Quota di partecipazione: 40,00 euro a persona.<br \/>\nL\u2019INTERA QUOTA DI PARTECIPAZIONE SAR\u00c0 DEVOLUTA ALL\u2019ASSOCIAZIONE<\/p>\n","protected":false},"author":2,"featured_media":3511,"comment_status":"closed","ping_status":"closed","sticky":false,"template":"","format":"standard","meta":{"_et_pb_use_builder":"","_et_pb_old_content":"","_et_gb_content_width":"","footnotes":""},"categories":[35],"tags":[],"yoast_head":"<!-- This site is optimized with the Yoast SEO plugin v23.4 - https:\/\/yoast.com\/wordpress\/plugins\/seo\/ -->\n<title>Partecipa alla serata dedicata alla raccolta fondi per l\u2019associazione Paolo Belli - Venerd\u00ec 17 Marzo - Gian Battista Gualdi<\/title>\n<meta name=\"description\" content=\"Tenuta Colle Piajo \u00e8 lieta di invitarvi alla cena di beneficenza per l\u2019associazione Paolo Belli. prenotazione obbligatoria. L\u2019INTERA QUOTA DEVOLUTA\" \/>\n<meta name=\"robots\" content=\"index, follow, max-snippet:-1, max-image-preview:large, max-video-preview:-1\" \/>\n<link rel=\"canonical\" href=\"https:\/\/www.gianbattista.it\/cms\/preparati-la-serata-dedicata-alla-raccolta-fondi-lassociazione-paolo-belli\/\" \/>\n<meta property=\"og:locale\" content=\"it_IT\" \/>\n<meta property=\"og:type\" content=\"article\" \/>\n<meta property=\"og:title\" content=\"Partecipa alla serata dedicata alla raccolta fondi per l\u2019associazione Paolo Belli - Venerd\u00ec 17 Marzo - Gian Battista Gualdi\" \/>\n<meta property=\"og:description\" content=\"Tenuta Colle Piajo \u00e8 lieta di invitarvi alla cena di beneficenza per l\u2019associazione Paolo Belli. prenotazione obbligatoria. L\u2019INTERA QUOTA DEVOLUTA\" \/>\n<meta property=\"og:url\" content=\"https:\/\/www.gianbattista.it\/cms\/preparati-la-serata-dedicata-alla-raccolta-fondi-lassociazione-paolo-belli\/\" \/>\n<meta property=\"og:site_name\" content=\"Gian Battista Gualdi\" \/>\n<meta property=\"article:publisher\" content=\"https:\/\/www.facebook.com\/gianbattistagualdi\" \/>\n<meta property=\"article:author\" content=\"https:\/\/www.facebook.com\/gianbattistagualdi\" \/>\n<meta property=\"article:published_time\" content=\"2017-03-08T05:01:35+00:00\" \/>\n<meta property=\"article:modified_time\" content=\"2022-05-26T09:41:21+00:00\" \/>\n<meta property=\"og:image\" content=\"https:\/\/www.gianbattista.it\/cms\/wp-content\/uploads\/2017\/03\/TenutaCollePiajo_invito-AIL.png\" \/>\n\t<meta property=\"og:image:width\" content=\"3693\" \/>\n\t<meta property=\"og:image:height\" content=\"1881\" \/>\n\t<meta property=\"og:image:type\" content=\"image\/png\" \/>\n<meta name=\"author\" content=\"adminsito\" \/>\n<meta name=\"twitter:label1\" content=\"Scritto da\" \/>\n\t<meta name=\"twitter:data1\" content=\"adminsito\" \/>\n\t<meta name=\"twitter:label2\" content=\"Tempo di lettura stimato\" \/>\n\t<meta name=\"twitter:data2\" content=\"2 minuti\" \/>\n<script type=\"application\/ld+json\" class=\"yoast-schema-graph\">{\"@context\":\"https:\/\/schema.org\",\"@graph\":[{\"@type\":\"Article\",\"@id\":\"https:\/\/www.gianbattista.it\/cms\/preparati-la-serata-dedicata-alla-raccolta-fondi-lassociazione-paolo-belli\/#article\",\"isPartOf\":{\"@id\":\"https:\/\/www.gianbattista.it\/cms\/preparati-la-serata-dedicata-alla-raccolta-fondi-lassociazione-paolo-belli\/\"},\"author\":{\"name\":\"adminsito\",\"@id\":\"https:\/\/www.gianbattista.it\/cms\/#\/schema\/person\/1058c2e181b77adf83fbd7af6dfdda01\"},\"headline\":\"Partecipa alla serata dedicata alla raccolta fondi per l\u2019associazione Paolo Belli &#8211; Venerd\u00ec 17 Marzo\",\"datePublished\":\"2017-03-08T05:01:35+00:00\",\"dateModified\":\"2022-05-26T09:41:21+00:00\",\"mainEntityOfPage\":{\"@id\":\"https:\/\/www.gianbattista.it\/cms\/preparati-la-serata-dedicata-alla-raccolta-fondi-lassociazione-paolo-belli\/\"},\"wordCount\":394,\"publisher\":{\"@id\":\"https:\/\/www.gianbattista.it\/cms\/#organization\"},\"image\":{\"@id\":\"https:\/\/www.gianbattista.it\/cms\/preparati-la-serata-dedicata-alla-raccolta-fondi-lassociazione-paolo-belli\/#primaryimage\"},\"thumbnailUrl\":\"https:\/\/www.gianbattista.it\/cms\/wp-content\/uploads\/2017\/03\/TenutaCollePiajo_invito-AIL.png\",\"articleSection\":[\"eventi\"],\"inLanguage\":\"it-IT\"},{\"@type\":\"WebPage\",\"@id\":\"https:\/\/www.gianbattista.it\/cms\/preparati-la-serata-dedicata-alla-raccolta-fondi-lassociazione-paolo-belli\/\",\"url\":\"https:\/\/www.gianbattista.it\/cms\/preparati-la-serata-dedicata-alla-raccolta-fondi-lassociazione-paolo-belli\/\",\"name\":\"Partecipa alla serata dedicata alla raccolta fondi per l\u2019associazione Paolo Belli - Venerd\u00ec 17 Marzo - Gian Battista Gualdi\",\"isPartOf\":{\"@id\":\"https:\/\/www.gianbattista.it\/cms\/#website\"},\"primaryImageOfPage\":{\"@id\":\"https:\/\/www.gianbattista.it\/cms\/preparati-la-serata-dedicata-alla-raccolta-fondi-lassociazione-paolo-belli\/#primaryimage\"},\"image\":{\"@id\":\"https:\/\/www.gianbattista.it\/cms\/preparati-la-serata-dedicata-alla-raccolta-fondi-lassociazione-paolo-belli\/#primaryimage\"},\"thumbnailUrl\":\"https:\/\/www.gianbattista.it\/cms\/wp-content\/uploads\/2017\/03\/TenutaCollePiajo_invito-AIL.png\",\"datePublished\":\"2017-03-08T05:01:35+00:00\",\"dateModified\":\"2022-05-26T09:41:21+00:00\",\"description\":\"Tenuta Colle Piajo \u00e8 lieta di invitarvi alla cena di beneficenza per l\u2019associazione Paolo Belli. prenotazione obbligatoria. L\u2019INTERA QUOTA DEVOLUTA\",\"breadcrumb\":{\"@id\":\"https:\/\/www.gianbattista.it\/cms\/preparati-la-serata-dedicata-alla-raccolta-fondi-lassociazione-paolo-belli\/#breadcrumb\"},\"inLanguage\":\"it-IT\",\"potentialAction\":[{\"@type\":\"ReadAction\",\"target\":[\"https:\/\/www.gianbattista.it\/cms\/preparati-la-serata-dedicata-alla-raccolta-fondi-lassociazione-paolo-belli\/\"]}]},{\"@type\":\"ImageObject\",\"inLanguage\":\"it-IT\",\"@id\":\"https:\/\/www.gianbattista.it\/cms\/preparati-la-serata-dedicata-alla-raccolta-fondi-lassociazione-paolo-belli\/#primaryimage\",\"url\":\"https:\/\/www.gianbattista.it\/cms\/wp-content\/uploads\/2017\/03\/TenutaCollePiajo_invito-AIL.png\",\"contentUrl\":\"https:\/\/www.gianbattista.it\/cms\/wp-content\/uploads\/2017\/03\/TenutaCollePiajo_invito-AIL.png\",\"width\":3693,\"height\":1881,\"caption\":\"Paolo Belli\"},{\"@type\":\"BreadcrumbList\",\"@id\":\"https:\/\/www.gianbattista.it\/cms\/preparati-la-serata-dedicata-alla-raccolta-fondi-lassociazione-paolo-belli\/#breadcrumb\",\"itemListElement\":[{\"@type\":\"ListItem\",\"position\":1,\"name\":\"Home\",\"item\":\"https:\/\/www.gianbattista.it\/cms\/\"},{\"@type\":\"ListItem\",\"position\":2,\"name\":\"Partecipa alla serata dedicata alla raccolta fondi per l\u2019associazione Paolo Belli &#8211; Venerd\u00ec 17 Marzo\"}]},{\"@type\":\"WebSite\",\"@id\":\"https:\/\/www.gianbattista.it\/cms\/#website\",\"url\":\"https:\/\/www.gianbattista.it\/cms\/\",\"name\":\"Gian Battista Gualdi\",\"description\":\"chiediti sempre il meglio\",\"publisher\":{\"@id\":\"https:\/\/www.gianbattista.it\/cms\/#organization\"},\"potentialAction\":[{\"@type\":\"SearchAction\",\"target\":{\"@type\":\"EntryPoint\",\"urlTemplate\":\"https:\/\/www.gianbattista.it\/cms\/?s={search_term_string}\"},\"query-input\":{\"@type\":\"PropertyValueSpecification\",\"valueRequired\":true,\"valueName\":\"search_term_string\"}}],\"inLanguage\":\"it-IT\"},{\"@type\":\"Organization\",\"@id\":\"https:\/\/www.gianbattista.it\/cms\/#organization\",\"name\":\"Gian Battista Gualdi\",\"url\":\"https:\/\/www.gianbattista.it\/cms\/\",\"logo\":{\"@type\":\"ImageObject\",\"inLanguage\":\"it-IT\",\"@id\":\"https:\/\/www.gianbattista.it\/cms\/#\/schema\/logo\/image\/\",\"url\":\"https:\/\/www.gianbattista.it\/cms\/wp-content\/uploads\/2016\/07\/GBG150.png\",\"contentUrl\":\"https:\/\/www.gianbattista.it\/cms\/wp-content\/uploads\/2016\/07\/GBG150.png\",\"width\":105,\"height\":70,\"caption\":\"Gian Battista Gualdi\"},\"image\":{\"@id\":\"https:\/\/www.gianbattista.it\/cms\/#\/schema\/logo\/image\/\"},\"sameAs\":[\"https:\/\/www.facebook.com\/gianbattistagualdi\",\"https:\/\/x.com\/gualdigb\",\"https:\/\/www.linkedin.com\/in\/gian-battista-gualdi-08781941?authType=NAME_SEARCH&amp;amp;amp;authToken=gMGk&amp;amp;amp;locale=it_IT&amp;amp;amp;trk=tyah&amp;amp;amp;trkInfo=clickedVertical:mynetwork,clickedEntityId:148340263,authType:NAME_SEARCH,idx:1-1-1,tarId:1467301191561,tas:gian battista\",\"https:\/\/www.youtube.com\/channel\/UC-02_zSXunzSWcH89_GVN_w\"]},{\"@type\":\"Person\",\"@id\":\"https:\/\/www.gianbattista.it\/cms\/#\/schema\/person\/1058c2e181b77adf83fbd7af6dfdda01\",\"name\":\"adminsito\",\"image\":{\"@type\":\"ImageObject\",\"inLanguage\":\"it-IT\",\"@id\":\"https:\/\/www.gianbattista.it\/cms\/#\/schema\/person\/image\/\",\"url\":\"https:\/\/secure.gravatar.com\/avatar\/66532d5a7693aa019d73b60d47ff5d5f?s=96&d=identicon&r=g\",\"contentUrl\":\"https:\/\/secure.gravatar.com\/avatar\/66532d5a7693aa019d73b60d47ff5d5f?s=96&d=identicon&r=g\",\"caption\":\"adminsito\"},\"sameAs\":[\"https:\/\/www.gianbattista.it\",\"https:\/\/www.facebook.com\/gianbattistagualdi\"],\"url\":\"https:\/\/www.gianbattista.it\/cms\/author\/admin\/\"}]}<\/script>\n<!-- \/ Yoast SEO plugin. -->","yoast_head_json":{"title":"Partecipa alla serata dedicata alla raccolta fondi per l\u2019associazione Paolo Belli - Venerd\u00ec 17 Marzo - Gian Battista Gualdi","description":"Tenuta Colle Piajo \u00e8 lieta di invitarvi alla cena di beneficenza per l\u2019associazione Paolo Belli. prenotazione obbligatoria. L\u2019INTERA QUOTA DEVOLUTA","robots":{"index":"index","follow":"follow","max-snippet":"max-snippet:-1","max-image-preview":"max-image-preview:large","max-video-preview":"max-video-preview:-1"},"canonical":"https:\/\/www.gianbattista.it\/cms\/preparati-la-serata-dedicata-alla-raccolta-fondi-lassociazione-paolo-belli\/","og_locale":"it_IT","og_type":"article","og_title":"Partecipa alla serata dedicata alla raccolta fondi per l\u2019associazione Paolo Belli - Venerd\u00ec 17 Marzo - Gian Battista Gualdi","og_description":"Tenuta Colle Piajo \u00e8 lieta di invitarvi alla cena di beneficenza per l\u2019associazione Paolo Belli. prenotazione obbligatoria. L\u2019INTERA QUOTA DEVOLUTA","og_url":"https:\/\/www.gianbattista.it\/cms\/preparati-la-serata-dedicata-alla-raccolta-fondi-lassociazione-paolo-belli\/","og_site_name":"Gian Battista Gualdi","article_publisher":"https:\/\/www.facebook.com\/gianbattistagualdi","article_author":"https:\/\/www.facebook.com\/gianbattistagualdi","article_published_time":"2017-03-08T05:01:35+00:00","article_modified_time":"2022-05-26T09:41:21+00:00","og_image":[{"width":3693,"height":1881,"url":"https:\/\/www.gianbattista.it\/cms\/wp-content\/uploads\/2017\/03\/TenutaCollePiajo_invito-AIL.png","type":"image\/png"}],"author":"adminsito","twitter_misc":{"Scritto da":"adminsito","Tempo di lettura stimato":"2 minuti"},"schema":{"@context":"https:\/\/schema.org","@graph":[{"@type":"Article","@id":"https:\/\/www.gianbattista.it\/cms\/preparati-la-serata-dedicata-alla-raccolta-fondi-lassociazione-paolo-belli\/#article","isPartOf":{"@id":"https:\/\/www.gianbattista.it\/cms\/preparati-la-serata-dedicata-alla-raccolta-fondi-lassociazione-paolo-belli\/"},"author":{"name":"adminsito","@id":"https:\/\/www.gianbattista.it\/cms\/#\/schema\/person\/1058c2e181b77adf83fbd7af6dfdda01"},"headline":"Partecipa alla serata dedicata alla raccolta fondi per l\u2019associazione Paolo Belli &#8211; Venerd\u00ec 17 Marzo","datePublished":"2017-03-08T05:01:35+00:00","dateModified":"2022-05-26T09:41:21+00:00","mainEntityOfPage":{"@id":"https:\/\/www.gianbattista.it\/cms\/preparati-la-serata-dedicata-alla-raccolta-fondi-lassociazione-paolo-belli\/"},"wordCount":394,"publisher":{"@id":"https:\/\/www.gianbattista.it\/cms\/#organization"},"image":{"@id":"https:\/\/www.gianbattista.it\/cms\/preparati-la-serata-dedicata-alla-raccolta-fondi-lassociazione-paolo-belli\/#primaryimage"},"thumbnailUrl":"https:\/\/www.gianbattista.it\/cms\/wp-content\/uploads\/2017\/03\/TenutaCollePiajo_invito-AIL.png","articleSection":["eventi"],"inLanguage":"it-IT"},{"@type":"WebPage","@id":"https:\/\/www.gianbattista.it\/cms\/preparati-la-serata-dedicata-alla-raccolta-fondi-lassociazione-paolo-belli\/","url":"https:\/\/www.gianbattista.it\/cms\/preparati-la-serata-dedicata-alla-raccolta-fondi-lassociazione-paolo-belli\/","name":"Partecipa alla serata dedicata alla raccolta fondi per l\u2019associazione Paolo Belli - Venerd\u00ec 17 Marzo - Gian Battista Gualdi","isPartOf":{"@id":"https:\/\/www.gianbattista.it\/cms\/#website"},"primaryImageOfPage":{"@id":"https:\/\/www.gianbattista.it\/cms\/preparati-la-serata-dedicata-alla-raccolta-fondi-lassociazione-paolo-belli\/#primaryimage"},"image":{"@id":"https:\/\/www.gianbattista.it\/cms\/preparati-la-serata-dedicata-alla-raccolta-fondi-lassociazione-paolo-belli\/#primaryimage"},"thumbnailUrl":"https:\/\/www.gianbattista.it\/cms\/wp-content\/uploads\/2017\/03\/TenutaCollePiajo_invito-AIL.png","datePublished":"2017-03-08T05:01:35+00:00","dateModified":"2022-05-26T09:41:21+00:00","description":"Tenuta Colle Piajo \u00e8 lieta di invitarvi alla cena di beneficenza per l\u2019associazione Paolo Belli. prenotazione obbligatoria. L\u2019INTERA QUOTA DEVOLUTA","breadcrumb":{"@id":"https:\/\/www.gianbattista.it\/cms\/preparati-la-serata-dedicata-alla-raccolta-fondi-lassociazione-paolo-belli\/#breadcrumb"},"inLanguage":"it-IT","potentialAction":[{"@type":"ReadAction","target":["https:\/\/www.gianbattista.it\/cms\/preparati-la-serata-dedicata-alla-raccolta-fondi-lassociazione-paolo-belli\/"]}]},{"@type":"ImageObject","inLanguage":"it-IT","@id":"https:\/\/www.gianbattista.it\/cms\/preparati-la-serata-dedicata-alla-raccolta-fondi-lassociazione-paolo-belli\/#primaryimage","url":"https:\/\/www.gianbattista.it\/cms\/wp-content\/uploads\/2017\/03\/TenutaCollePiajo_invito-AIL.png","contentUrl":"https:\/\/www.gianbattista.it\/cms\/wp-content\/uploads\/2017\/03\/TenutaCollePiajo_invito-AIL.png","width":3693,"height":1881,"caption":"Paolo Belli"},{"@type":"BreadcrumbList","@id":"https:\/\/www.gianbattista.it\/cms\/preparati-la-serata-dedicata-alla-raccolta-fondi-lassociazione-paolo-belli\/#breadcrumb","itemListElement":[{"@type":"ListItem","position":1,"name":"Home","item":"https:\/\/www.gianbattista.it\/cms\/"},{"@type":"ListItem","position":2,"name":"Partecipa alla serata dedicata alla raccolta fondi per l\u2019associazione Paolo Belli &#8211; Venerd\u00ec 17 Marzo"}]},{"@type":"WebSite","@id":"https:\/\/www.gianbattista.it\/cms\/#website","url":"https:\/\/www.gianbattista.it\/cms\/","name":"Gian Battista Gualdi","description":"chiediti sempre il meglio","publisher":{"@id":"https:\/\/www.gianbattista.it\/cms\/#organization"},"potentialAction":[{"@type":"SearchAction","target":{"@type":"EntryPoint","urlTemplate":"https:\/\/www.gianbattista.it\/cms\/?s={search_term_string}"},"query-input":{"@type":"PropertyValueSpecification","valueRequired":true,"valueName":"search_term_string"}}],"inLanguage":"it-IT"},{"@type":"Organization","@id":"https:\/\/www.gianbattista.it\/cms\/#organization","name":"Gian Battista Gualdi","url":"https:\/\/www.gianbattista.it\/cms\/","logo":{"@type":"ImageObject","inLanguage":"it-IT","@id":"https:\/\/www.gianbattista.it\/cms\/#\/schema\/logo\/image\/","url":"https:\/\/www.gianbattista.it\/cms\/wp-content\/uploads\/2016\/07\/GBG150.png","contentUrl":"https:\/\/www.gianbattista.it\/cms\/wp-content\/uploads\/2016\/07\/GBG150.png","width":105,"height":70,"caption":"Gian Battista Gualdi"},"image":{"@id":"https:\/\/www.gianbattista.it\/cms\/#\/schema\/logo\/image\/"},"sameAs":["https:\/\/www.facebook.com\/gianbattistagualdi","https:\/\/x.com\/gualdigb","https:\/\/www.linkedin.com\/in\/gian-battista-gualdi-08781941?authType=NAME_SEARCH&amp;amp;amp;authToken=gMGk&amp;amp;amp;locale=it_IT&amp;amp;amp;trk=tyah&amp;amp;amp;trkInfo=clickedVertical:mynetwork,clickedEntityId:148340263,authType:NAME_SEARCH,idx:1-1-1,tarId:1467301191561,tas:gian battista","https:\/\/www.youtube.com\/channel\/UC-02_zSXunzSWcH89_GVN_w"]},{"@type":"Person","@id":"https:\/\/www.gianbattista.it\/cms\/#\/schema\/person\/1058c2e181b77adf83fbd7af6dfdda01","name":"adminsito","image":{"@type":"ImageObject","inLanguage":"it-IT","@id":"https:\/\/www.gianbattista.it\/cms\/#\/schema\/person\/image\/","url":"https:\/\/secure.gravatar.com\/avatar\/66532d5a7693aa019d73b60d47ff5d5f?s=96&d=identicon&r=g","contentUrl":"https:\/\/secure.gravatar.com\/avatar\/66532d5a7693aa019d73b60d47ff5d5f?s=96&d=identicon&r=g","caption":"adminsito"},"sameAs":["https:\/\/www.gianbattista.it","https:\/\/www.facebook.com\/gianbattistagualdi"],"url":"https:\/\/www.gianbattista.it\/cms\/author\/admin\/"}]}},"_links":{"self":[{"href":"https:\/\/www.gianbattista.it\/cms\/wp-json\/wp\/v2\/posts\/3506"}],"collection":[{"href":"https:\/\/www.gianbattista.it\/cms\/wp-json\/wp\/v2\/posts"}],"about":[{"href":"https:\/\/www.gianbattista.it\/cms\/wp-json\/wp\/v2\/types\/post"}],"author":[{"embeddable":true,"href":"https:\/\/www.gianbattista.it\/cms\/wp-json\/wp\/v2\/users\/2"}],"replies":[{"embeddable":true,"href":"https:\/\/www.gianbattista.it\/cms\/wp-json\/wp\/v2\/comments?post=3506"}],"version-history":[{"count":0,"href":"https:\/\/www.gianbattista.it\/cms\/wp-json\/wp\/v2\/posts\/3506\/revisions"}],"wp:featuredmedia":[{"embeddable":true,"href":"https:\/\/www.gianbattista.it\/cms\/wp-json\/wp\/v2\/media\/3511"}],"wp:attachment":[{"href":"https:\/\/www.gianbattista.it\/cms\/wp-json\/wp\/v2\/media?parent=3506"}],"wp:term":[{"taxonomy":"category","embeddable":true,"href":"https:\/\/www.gianbattista.it\/cms\/wp-json\/wp\/v2\/categories?post=3506"},{"taxonomy":"post_tag","embeddable":true,"href":"https:\/\/www.gianbattista.it\/cms\/wp-json\/wp\/v2\/tags?post=3506"}],"curies":[{"name":"wp","href":"https:\/\/api.w.org\/{rel}","templated":true}]}}