{"id":36432,"date":"2021-08-18T06:09:31","date_gmt":"2021-08-18T04:09:31","guid":{"rendered":"https:\/\/www.gianbattista.it\/?p=36432"},"modified":"2025-06-05T17:31:33","modified_gmt":"2025-06-05T15:31:33","slug":"lasino-e-la-tigre","status":"publish","type":"post","link":"https:\/\/www.gianbattista.it\/cms\/lasino-e-la-tigre\/","title":{"rendered":"La storia dell&#8217;asino e della tigre"},"content":{"rendered":"<p>[et_pb_section fb_built=&#8221;1&#8243; _builder_version=&#8221;4.16&#8243; _module_preset=&#8221;default&#8221; global_colors_info=&#8221;{}&#8221;][et_pb_row _builder_version=&#8221;4.16&#8243; _module_preset=&#8221;default&#8221; global_colors_info=&#8221;{}&#8221;][et_pb_column type=&#8221;4_4&#8243; _builder_version=&#8221;4.16&#8243; _module_preset=&#8221;default&#8221; global_colors_info=&#8221;{}&#8221;][et_pb_text _builder_version=&#8221;4.27.0&#8243; _module_preset=&#8221;default&#8221; hover_enabled=&#8221;0&#8243; global_colors_info=&#8221;{}&#8221; sticky_enabled=&#8221;0&#8243;]<\/p>\n<p>L\u2019asino disse alla tigre: \u201cL\u2019erba \u00e8 blu\u201d.<br \/>La tigre rispose: \u201cNo, l\u2019erba \u00e8 verde.\u201d<br \/>La discussione si anim\u00f2, cos\u00ec i due animali decisero di ricorrere al leone, il re della giungla.<br \/>Gi\u00e0 prima di arrivare alla foresta, dove il leone era seduto sul suo trono, l\u2019asino cominci\u00f2 a gridare: \u2032\u2032Vostra Altezza, non \u00e8 vero che l\u2019erba \u00e8 verde.\u201d<br \/>Il leone rispose: \u2032\u2032Vero, l\u2019erba \u00e8 blu.\u201d<br \/>L\u2019asino continu\u00f2: \u201cLa tigre non \u00e8 d\u2019accordo con me e mi d\u00e0 fastidio; per favore, puniscila.\u201d<br \/>Il re allora dichiar\u00f2: \u2032\u2032La tigre sar\u00e0 punita con 4 anni di silenzio.\u201d<br \/>L\u2019asino salt\u00f2 allegramente e prosegu\u00ec contento il suo cammino, ripetendo: \u201cL\u2019erba \u00e8 blu.\u201d<br \/>La tigre accett\u00f2 la punizione per 4 anni, ma prima chiese al leone: \u201cSua Maest\u00e0, perch\u00e9 mi ha punito? Dopo tutto, l\u2019erba \u00e8 verde.\u201d<br \/>Il leone rispose: \u2032\u2032In realt\u00e0, l\u2019erba \u00e8 verde.\u201d<br \/>La tigre chiese: \u2032\u2032Allora perch\u00e9 mi punisci?\u201d<br \/>Il leone rispose: \u2032\u2032Questo non ha nulla a che vedere con la domanda se l\u2019erba \u00e8 blu o verde. La punizione \u00e8 dovuta al fatto che non \u00e8 possibile che una creatura coraggiosa e intelligente come te perda tempo a litigare con un asino, e soprattutto che venga a disturbare me con questa domanda.\u201d<br \/>MORALE.<br \/>Mai perdere tempo in discussioni che non hanno senso. Ci sono persone che non hanno la capacit\u00e0 di comprendere concetti semplici e altre che sono accecate dall\u2019ego, e l\u2019unica cosa che desiderano \u00e8 avere ragione. La pace e la tranquillit\u00e0 valgono molto di pi\u00f9.<br \/>Dunque, non perdete tempo a discutere con gli asini.<\/p>\n<p>[\/et_pb_text][\/et_pb_column][\/et_pb_row][\/et_pb_section]<\/p>\n","protected":false},"excerpt":{"rendered":"<p>L\u2019asino disse alla tigre: \u201cL\u2019erba \u00e8 blu\u201d.<\/p>\n","protected":false},"author":2,"featured_media":36434,"comment_status":"closed","ping_status":"closed","sticky":false,"template":"","format":"standard","meta":{"_et_pb_use_builder":"on","_et_pb_old_content":"","_et_gb_content_width":"","footnotes":""},"categories":[1],"tags":[],"yoast_head":"<!-- This site is optimized with the Yoast SEO plugin v23.4 - https:\/\/yoast.com\/wordpress\/plugins\/seo\/ -->\n<title>La storia dell&#039;asino e della tigre - Gian Battista Gualdi<\/title>\n<meta name=\"description\" content=\"L\u2019asino disse alla tigre: \u201cL\u2019erba \u00e8 blu\u201d. La tigre rispose: \u201cNo, l\u2019erba \u00e8 verde.\u201d La discussione si anim\u00f2,\" \/>\n<meta name=\"robots\" content=\"index, follow, max-snippet:-1, max-image-preview:large, max-video-preview:-1\" \/>\n<link rel=\"canonical\" href=\"https:\/\/www.gianbattista.it\/cms\/lasino-e-la-tigre\/\" \/>\n<meta property=\"og:locale\" content=\"it_IT\" \/>\n<meta property=\"og:type\" content=\"article\" \/>\n<meta property=\"og:title\" content=\"La storia dell&#039;asino e della tigre - Gian Battista Gualdi\" \/>\n<meta property=\"og:description\" content=\"L\u2019asino disse alla tigre: \u201cL\u2019erba \u00e8 blu\u201d. La tigre rispose: \u201cNo, l\u2019erba \u00e8 verde.\u201d La discussione si anim\u00f2,\" \/>\n<meta property=\"og:url\" content=\"https:\/\/www.gianbattista.it\/cms\/lasino-e-la-tigre\/\" \/>\n<meta property=\"og:site_name\" content=\"Gian Battista Gualdi\" \/>\n<meta property=\"article:publisher\" content=\"https:\/\/www.facebook.com\/gianbattistagualdi\" \/>\n<meta property=\"article:author\" content=\"https:\/\/www.facebook.com\/gianbattistagualdi\" \/>\n<meta property=\"article:published_time\" content=\"2021-08-18T04:09:31+00:00\" \/>\n<meta property=\"article:modified_time\" content=\"2025-06-05T15:31:33+00:00\" \/>\n<meta property=\"og:image\" content=\"https:\/\/www.gianbattista.it\/cms\/wp-content\/uploads\/2021\/08\/Asino-Tigre.jpg\" \/>\n\t<meta property=\"og:image:width\" content=\"1920\" \/>\n\t<meta property=\"og:image:height\" content=\"661\" \/>\n\t<meta property=\"og:image:type\" content=\"image\/jpeg\" \/>\n<meta name=\"author\" content=\"adminsito\" \/>\n<meta name=\"twitter:label1\" content=\"Scritto da\" \/>\n\t<meta name=\"twitter:data1\" content=\"adminsito\" \/>\n\t<meta name=\"twitter:label2\" content=\"Tempo di lettura stimato\" \/>\n\t<meta name=\"twitter:data2\" content=\"2 minuti\" \/>\n<script type=\"application\/ld+json\" class=\"yoast-schema-graph\">{\"@context\":\"https:\/\/schema.org\",\"@graph\":[{\"@type\":\"Article\",\"@id\":\"https:\/\/www.gianbattista.it\/cms\/lasino-e-la-tigre\/#article\",\"isPartOf\":{\"@id\":\"https:\/\/www.gianbattista.it\/cms\/lasino-e-la-tigre\/\"},\"author\":{\"name\":\"adminsito\",\"@id\":\"https:\/\/www.gianbattista.it\/cms\/#\/schema\/person\/1058c2e181b77adf83fbd7af6dfdda01\"},\"headline\":\"La storia dell&#8217;asino e della tigre\",\"datePublished\":\"2021-08-18T04:09:31+00:00\",\"dateModified\":\"2025-06-05T15:31:33+00:00\",\"mainEntityOfPage\":{\"@id\":\"https:\/\/www.gianbattista.it\/cms\/lasino-e-la-tigre\/\"},\"wordCount\":324,\"publisher\":{\"@id\":\"https:\/\/www.gianbattista.it\/cms\/#organization\"},\"image\":{\"@id\":\"https:\/\/www.gianbattista.it\/cms\/lasino-e-la-tigre\/#primaryimage\"},\"thumbnailUrl\":\"https:\/\/www.gianbattista.it\/cms\/wp-content\/uploads\/2021\/08\/Asino-Tigre.jpg\",\"articleSection\":[\"comunicAzione\"],\"inLanguage\":\"it-IT\"},{\"@type\":\"WebPage\",\"@id\":\"https:\/\/www.gianbattista.it\/cms\/lasino-e-la-tigre\/\",\"url\":\"https:\/\/www.gianbattista.it\/cms\/lasino-e-la-tigre\/\",\"name\":\"La storia dell'asino e della tigre - Gian Battista Gualdi\",\"isPartOf\":{\"@id\":\"https:\/\/www.gianbattista.it\/cms\/#website\"},\"primaryImageOfPage\":{\"@id\":\"https:\/\/www.gianbattista.it\/cms\/lasino-e-la-tigre\/#primaryimage\"},\"image\":{\"@id\":\"https:\/\/www.gianbattista.it\/cms\/lasino-e-la-tigre\/#primaryimage\"},\"thumbnailUrl\":\"https:\/\/www.gianbattista.it\/cms\/wp-content\/uploads\/2021\/08\/Asino-Tigre.jpg\",\"datePublished\":\"2021-08-18T04:09:31+00:00\",\"dateModified\":\"2025-06-05T15:31:33+00:00\",\"description\":\"L\u2019asino disse alla tigre: \u201cL\u2019erba \u00e8 blu\u201d. La tigre rispose: \u201cNo, l\u2019erba \u00e8 verde.\u201d La discussione si anim\u00f2,\",\"breadcrumb\":{\"@id\":\"https:\/\/www.gianbattista.it\/cms\/lasino-e-la-tigre\/#breadcrumb\"},\"inLanguage\":\"it-IT\",\"potentialAction\":[{\"@type\":\"ReadAction\",\"target\":[\"https:\/\/www.gianbattista.it\/cms\/lasino-e-la-tigre\/\"]}]},{\"@type\":\"ImageObject\",\"inLanguage\":\"it-IT\",\"@id\":\"https:\/\/www.gianbattista.it\/cms\/lasino-e-la-tigre\/#primaryimage\",\"url\":\"https:\/\/www.gianbattista.it\/cms\/wp-content\/uploads\/2021\/08\/Asino-Tigre.jpg\",\"contentUrl\":\"https:\/\/www.gianbattista.it\/cms\/wp-content\/uploads\/2021\/08\/Asino-Tigre.jpg\",\"width\":1920,\"height\":661},{\"@type\":\"BreadcrumbList\",\"@id\":\"https:\/\/www.gianbattista.it\/cms\/lasino-e-la-tigre\/#breadcrumb\",\"itemListElement\":[{\"@type\":\"ListItem\",\"position\":1,\"name\":\"Home\",\"item\":\"https:\/\/www.gianbattista.it\/cms\/\"},{\"@type\":\"ListItem\",\"position\":2,\"name\":\"La storia dell&#8217;asino e della tigre\"}]},{\"@type\":\"WebSite\",\"@id\":\"https:\/\/www.gianbattista.it\/cms\/#website\",\"url\":\"https:\/\/www.gianbattista.it\/cms\/\",\"name\":\"Gian Battista Gualdi\",\"description\":\"chiediti sempre il meglio\",\"publisher\":{\"@id\":\"https:\/\/www.gianbattista.it\/cms\/#organization\"},\"potentialAction\":[{\"@type\":\"SearchAction\",\"target\":{\"@type\":\"EntryPoint\",\"urlTemplate\":\"https:\/\/www.gianbattista.it\/cms\/?s={search_term_string}\"},\"query-input\":{\"@type\":\"PropertyValueSpecification\",\"valueRequired\":true,\"valueName\":\"search_term_string\"}}],\"inLanguage\":\"it-IT\"},{\"@type\":\"Organization\",\"@id\":\"https:\/\/www.gianbattista.it\/cms\/#organization\",\"name\":\"Gian Battista Gualdi\",\"url\":\"https:\/\/www.gianbattista.it\/cms\/\",\"logo\":{\"@type\":\"ImageObject\",\"inLanguage\":\"it-IT\",\"@id\":\"https:\/\/www.gianbattista.it\/cms\/#\/schema\/logo\/image\/\",\"url\":\"https:\/\/www.gianbattista.it\/cms\/wp-content\/uploads\/2016\/07\/GBG150.png\",\"contentUrl\":\"https:\/\/www.gianbattista.it\/cms\/wp-content\/uploads\/2016\/07\/GBG150.png\",\"width\":105,\"height\":70,\"caption\":\"Gian Battista Gualdi\"},\"image\":{\"@id\":\"https:\/\/www.gianbattista.it\/cms\/#\/schema\/logo\/image\/\"},\"sameAs\":[\"https:\/\/www.facebook.com\/gianbattistagualdi\",\"https:\/\/x.com\/gualdigb\",\"https:\/\/www.linkedin.com\/in\/gian-battista-gualdi-08781941?authType=NAME_SEARCH&amp;amp;amp;authToken=gMGk&amp;amp;amp;locale=it_IT&amp;amp;amp;trk=tyah&amp;amp;amp;trkInfo=clickedVertical:mynetwork,clickedEntityId:148340263,authType:NAME_SEARCH,idx:1-1-1,tarId:1467301191561,tas:gian battista\",\"https:\/\/www.youtube.com\/channel\/UC-02_zSXunzSWcH89_GVN_w\"]},{\"@type\":\"Person\",\"@id\":\"https:\/\/www.gianbattista.it\/cms\/#\/schema\/person\/1058c2e181b77adf83fbd7af6dfdda01\",\"name\":\"adminsito\",\"image\":{\"@type\":\"ImageObject\",\"inLanguage\":\"it-IT\",\"@id\":\"https:\/\/www.gianbattista.it\/cms\/#\/schema\/person\/image\/\",\"url\":\"https:\/\/secure.gravatar.com\/avatar\/66532d5a7693aa019d73b60d47ff5d5f?s=96&d=identicon&r=g\",\"contentUrl\":\"https:\/\/secure.gravatar.com\/avatar\/66532d5a7693aa019d73b60d47ff5d5f?s=96&d=identicon&r=g\",\"caption\":\"adminsito\"},\"sameAs\":[\"https:\/\/www.gianbattista.it\",\"https:\/\/www.facebook.com\/gianbattistagualdi\"],\"url\":\"https:\/\/www.gianbattista.it\/cms\/author\/admin\/\"}]}<\/script>\n<!-- \/ Yoast SEO plugin. -->","yoast_head_json":{"title":"La storia dell'asino e della tigre - Gian Battista Gualdi","description":"L\u2019asino disse alla tigre: \u201cL\u2019erba \u00e8 blu\u201d. La tigre rispose: \u201cNo, l\u2019erba \u00e8 verde.\u201d La discussione si anim\u00f2,","robots":{"index":"index","follow":"follow","max-snippet":"max-snippet:-1","max-image-preview":"max-image-preview:large","max-video-preview":"max-video-preview:-1"},"canonical":"https:\/\/www.gianbattista.it\/cms\/lasino-e-la-tigre\/","og_locale":"it_IT","og_type":"article","og_title":"La storia dell'asino e della tigre - Gian Battista Gualdi","og_description":"L\u2019asino disse alla tigre: \u201cL\u2019erba \u00e8 blu\u201d. La tigre rispose: \u201cNo, l\u2019erba \u00e8 verde.\u201d La discussione si anim\u00f2,","og_url":"https:\/\/www.gianbattista.it\/cms\/lasino-e-la-tigre\/","og_site_name":"Gian Battista Gualdi","article_publisher":"https:\/\/www.facebook.com\/gianbattistagualdi","article_author":"https:\/\/www.facebook.com\/gianbattistagualdi","article_published_time":"2021-08-18T04:09:31+00:00","article_modified_time":"2025-06-05T15:31:33+00:00","og_image":[{"width":1920,"height":661,"url":"https:\/\/www.gianbattista.it\/cms\/wp-content\/uploads\/2021\/08\/Asino-Tigre.jpg","type":"image\/jpeg"}],"author":"adminsito","twitter_misc":{"Scritto da":"adminsito","Tempo di lettura stimato":"2 minuti"},"schema":{"@context":"https:\/\/schema.org","@graph":[{"@type":"Article","@id":"https:\/\/www.gianbattista.it\/cms\/lasino-e-la-tigre\/#article","isPartOf":{"@id":"https:\/\/www.gianbattista.it\/cms\/lasino-e-la-tigre\/"},"author":{"name":"adminsito","@id":"https:\/\/www.gianbattista.it\/cms\/#\/schema\/person\/1058c2e181b77adf83fbd7af6dfdda01"},"headline":"La storia dell&#8217;asino e della tigre","datePublished":"2021-08-18T04:09:31+00:00","dateModified":"2025-06-05T15:31:33+00:00","mainEntityOfPage":{"@id":"https:\/\/www.gianbattista.it\/cms\/lasino-e-la-tigre\/"},"wordCount":324,"publisher":{"@id":"https:\/\/www.gianbattista.it\/cms\/#organization"},"image":{"@id":"https:\/\/www.gianbattista.it\/cms\/lasino-e-la-tigre\/#primaryimage"},"thumbnailUrl":"https:\/\/www.gianbattista.it\/cms\/wp-content\/uploads\/2021\/08\/Asino-Tigre.jpg","articleSection":["comunicAzione"],"inLanguage":"it-IT"},{"@type":"WebPage","@id":"https:\/\/www.gianbattista.it\/cms\/lasino-e-la-tigre\/","url":"https:\/\/www.gianbattista.it\/cms\/lasino-e-la-tigre\/","name":"La storia dell'asino e della tigre - Gian Battista Gualdi","isPartOf":{"@id":"https:\/\/www.gianbattista.it\/cms\/#website"},"primaryImageOfPage":{"@id":"https:\/\/www.gianbattista.it\/cms\/lasino-e-la-tigre\/#primaryimage"},"image":{"@id":"https:\/\/www.gianbattista.it\/cms\/lasino-e-la-tigre\/#primaryimage"},"thumbnailUrl":"https:\/\/www.gianbattista.it\/cms\/wp-content\/uploads\/2021\/08\/Asino-Tigre.jpg","datePublished":"2021-08-18T04:09:31+00:00","dateModified":"2025-06-05T15:31:33+00:00","description":"L\u2019asino disse alla tigre: \u201cL\u2019erba \u00e8 blu\u201d. La tigre rispose: \u201cNo, l\u2019erba \u00e8 verde.\u201d La discussione si anim\u00f2,","breadcrumb":{"@id":"https:\/\/www.gianbattista.it\/cms\/lasino-e-la-tigre\/#breadcrumb"},"inLanguage":"it-IT","potentialAction":[{"@type":"ReadAction","target":["https:\/\/www.gianbattista.it\/cms\/lasino-e-la-tigre\/"]}]},{"@type":"ImageObject","inLanguage":"it-IT","@id":"https:\/\/www.gianbattista.it\/cms\/lasino-e-la-tigre\/#primaryimage","url":"https:\/\/www.gianbattista.it\/cms\/wp-content\/uploads\/2021\/08\/Asino-Tigre.jpg","contentUrl":"https:\/\/www.gianbattista.it\/cms\/wp-content\/uploads\/2021\/08\/Asino-Tigre.jpg","width":1920,"height":661},{"@type":"BreadcrumbList","@id":"https:\/\/www.gianbattista.it\/cms\/lasino-e-la-tigre\/#breadcrumb","itemListElement":[{"@type":"ListItem","position":1,"name":"Home","item":"https:\/\/www.gianbattista.it\/cms\/"},{"@type":"ListItem","position":2,"name":"La storia dell&#8217;asino e della tigre"}]},{"@type":"WebSite","@id":"https:\/\/www.gianbattista.it\/cms\/#website","url":"https:\/\/www.gianbattista.it\/cms\/","name":"Gian Battista Gualdi","description":"chiediti sempre il meglio","publisher":{"@id":"https:\/\/www.gianbattista.it\/cms\/#organization"},"potentialAction":[{"@type":"SearchAction","target":{"@type":"EntryPoint","urlTemplate":"https:\/\/www.gianbattista.it\/cms\/?s={search_term_string}"},"query-input":{"@type":"PropertyValueSpecification","valueRequired":true,"valueName":"search_term_string"}}],"inLanguage":"it-IT"},{"@type":"Organization","@id":"https:\/\/www.gianbattista.it\/cms\/#organization","name":"Gian Battista Gualdi","url":"https:\/\/www.gianbattista.it\/cms\/","logo":{"@type":"ImageObject","inLanguage":"it-IT","@id":"https:\/\/www.gianbattista.it\/cms\/#\/schema\/logo\/image\/","url":"https:\/\/www.gianbattista.it\/cms\/wp-content\/uploads\/2016\/07\/GBG150.png","contentUrl":"https:\/\/www.gianbattista.it\/cms\/wp-content\/uploads\/2016\/07\/GBG150.png","width":105,"height":70,"caption":"Gian Battista Gualdi"},"image":{"@id":"https:\/\/www.gianbattista.it\/cms\/#\/schema\/logo\/image\/"},"sameAs":["https:\/\/www.facebook.com\/gianbattistagualdi","https:\/\/x.com\/gualdigb","https:\/\/www.linkedin.com\/in\/gian-battista-gualdi-08781941?authType=NAME_SEARCH&amp;amp;amp;authToken=gMGk&amp;amp;amp;locale=it_IT&amp;amp;amp;trk=tyah&amp;amp;amp;trkInfo=clickedVertical:mynetwork,clickedEntityId:148340263,authType:NAME_SEARCH,idx:1-1-1,tarId:1467301191561,tas:gian battista","https:\/\/www.youtube.com\/channel\/UC-02_zSXunzSWcH89_GVN_w"]},{"@type":"Person","@id":"https:\/\/www.gianbattista.it\/cms\/#\/schema\/person\/1058c2e181b77adf83fbd7af6dfdda01","name":"adminsito","image":{"@type":"ImageObject","inLanguage":"it-IT","@id":"https:\/\/www.gianbattista.it\/cms\/#\/schema\/person\/image\/","url":"https:\/\/secure.gravatar.com\/avatar\/66532d5a7693aa019d73b60d47ff5d5f?s=96&d=identicon&r=g","contentUrl":"https:\/\/secure.gravatar.com\/avatar\/66532d5a7693aa019d73b60d47ff5d5f?s=96&d=identicon&r=g","caption":"adminsito"},"sameAs":["https:\/\/www.gianbattista.it","https:\/\/www.facebook.com\/gianbattistagualdi"],"url":"https:\/\/www.gianbattista.it\/cms\/author\/admin\/"}]}},"_links":{"self":[{"href":"https:\/\/www.gianbattista.it\/cms\/wp-json\/wp\/v2\/posts\/36432"}],"collection":[{"href":"https:\/\/www.gianbattista.it\/cms\/wp-json\/wp\/v2\/posts"}],"about":[{"href":"https:\/\/www.gianbattista.it\/cms\/wp-json\/wp\/v2\/types\/post"}],"author":[{"embeddable":true,"href":"https:\/\/www.gianbattista.it\/cms\/wp-json\/wp\/v2\/users\/2"}],"replies":[{"embeddable":true,"href":"https:\/\/www.gianbattista.it\/cms\/wp-json\/wp\/v2\/comments?post=36432"}],"version-history":[{"count":1,"href":"https:\/\/www.gianbattista.it\/cms\/wp-json\/wp\/v2\/posts\/36432\/revisions"}],"predecessor-version":[{"id":37676,"href":"https:\/\/www.gianbattista.it\/cms\/wp-json\/wp\/v2\/posts\/36432\/revisions\/37676"}],"wp:featuredmedia":[{"embeddable":true,"href":"https:\/\/www.gianbattista.it\/cms\/wp-json\/wp\/v2\/media\/36434"}],"wp:attachment":[{"href":"https:\/\/www.gianbattista.it\/cms\/wp-json\/wp\/v2\/media?parent=36432"}],"wp:term":[{"taxonomy":"category","embeddable":true,"href":"https:\/\/www.gianbattista.it\/cms\/wp-json\/wp\/v2\/categories?post=36432"},{"taxonomy":"post_tag","embeddable":true,"href":"https:\/\/www.gianbattista.it\/cms\/wp-json\/wp\/v2\/tags?post=36432"}],"curies":[{"name":"wp","href":"https:\/\/api.w.org\/{rel}","templated":true}]}}