{"id":3751,"date":"2017-04-24T11:13:06","date_gmt":"2017-04-24T09:13:06","guid":{"rendered":"https:\/\/www.gianbattista.it\/cms\/?p=3751"},"modified":"2017-09-12T10:46:09","modified_gmt":"2017-09-12T08:46:09","slug":"la-nave-e-lartigiano","status":"publish","type":"post","link":"https:\/\/www.gianbattista.it\/cms\/la-nave-e-lartigiano\/","title":{"rendered":"La nave e l&#8217;artigiano"},"content":{"rendered":"<h4>C&#8217;era una nave che attracc\u00f2 in un porto di un&#8217;isola sperduta nell&#8217;oceano Pacifico, aveva i motori in avaria e non poteva continuare il viaggio.<\/h4>\n<p><!--more--><\/p>\n<p>Una volta attraccati, il capitano si affaccio sul ponte e guardando la folla che stava sul molo ad osservare quella grande nave disse, c&#8217;\u00e8 qualcuno tra di voi che s&#8217;intende di motori di questo tipo? Che sia in grado di ripararli?<\/p>\n<p>Nessuno si faceva avanti. Passarono prima giorni e poi mesi, durante i quali nessun esperto, nessun ingegnere, nessun meccanico riusc\u00ec ad aggiustare e far ripartire il motore della lussuosa nave.<\/p>\n<p>Pi\u00f9 passava il tempo pi\u00f9 il problema sembrava diventare irrisolvibile e nonostante i pi\u00f9 rinomati esperti arrivassero da tutte le parti del mondo, con le pi\u00f9 disparate tecnologie ed i metodi pi\u00f9 all\u2019avanguardia, nessuno era in grado di fornire la soluzione al capitano che, disperato, era arrivato a offrire una ricompensa di un milione di euro.<\/p>\n<p>Una mattina arriv\u00f2 voce dell\u2019esistenza di un artigiano che fin da bambino aveva la passione delle navi e dei motori. Quest&#8217;uomo aveva dedicato tutta la sua esistenza a quel mondo, a osservare come i vecchi si prendevano cura delle loro navi, a studiare i metodi pi\u00f9 innovativi per riparare i motori, e ogni minuto della sua vita era trascorso a trovare soluzioni per aggiustare navi.<\/p>\n<p>Quando sal\u00ec sulla nave disse al capitano: &#8221; Io, penso di essere all&#8217;altezza di questo compito signore!&#8221;. Il capitano rispose: &#8220;Salga signore, che le faccio vedere i motori!&#8221;, una volta a bordo, lo portarono davanti alla sala motori, lui si mise davanti lo osserv\u00f2, li ascolt\u00f2, li tocc\u00f2 per alcune ore poi chiese un martello, il capitano incredulo con un sorriso sarcastico gli pose il martello scuotendo la testa come se fosse pazzo e glielo diede.<\/p>\n<p>Dopo pochi istanti l&#8217;artigiano diede una martellata al centro del motore, e.. stufff, stufff, grrrrrr, il motore si mise in moto perfettamente.<\/p>\n<p>Il Capitano incredulo, gli chiese &#8220;quanto le devo buon uomo?&#8221;. &#8220;Un milione\u201d disse l&#8217;uomo. &#8220;Ma come, per una martellata?&#8221; rispose il capitano, &#8220;No, 999.999 Euro sono per sapere dove dare la martellata. Un Euro per la martellata. signore!&#8221;<\/p>\n","protected":false},"excerpt":{"rendered":"<p>C&#8217;era una nave che attracc\u00f2 in un porto di un&#8217;isola sperduta nell&#8217;oceano Pacifico, aveva i motori in avaria e non poteva continuare il viaggio.<\/p>\n","protected":false},"author":2,"featured_media":3752,"comment_status":"closed","ping_status":"closed","sticky":false,"template":"","format":"standard","meta":{"_et_pb_use_builder":"","_et_pb_old_content":"","_et_gb_content_width":"","footnotes":""},"categories":[1,4,5],"tags":[],"yoast_head":"<!-- This site is optimized with the Yoast SEO plugin v23.4 - https:\/\/yoast.com\/wordpress\/plugins\/seo\/ -->\n<title>La nave e l&#039;artigiano - Gian Battista Gualdi<\/title>\n<meta name=\"description\" content=\"C&#039;era una nave che attracc\u00f2 in un porto di un&#039;isola sperduta nell&#039;oceano Pacifico, aveva i motori in avaria e non poteva continuare il viaggio.\" \/>\n<meta name=\"robots\" content=\"index, follow, max-snippet:-1, max-image-preview:large, max-video-preview:-1\" \/>\n<link rel=\"canonical\" href=\"https:\/\/www.gianbattista.it\/cms\/la-nave-e-lartigiano\/\" \/>\n<meta property=\"og:locale\" content=\"it_IT\" \/>\n<meta property=\"og:type\" content=\"article\" \/>\n<meta property=\"og:title\" content=\"La nave e l&#039;artigiano - Gian Battista Gualdi\" \/>\n<meta property=\"og:description\" content=\"C&#039;era una nave che attracc\u00f2 in un porto di un&#039;isola sperduta nell&#039;oceano Pacifico, aveva i motori in avaria e non poteva continuare il viaggio.\" \/>\n<meta property=\"og:url\" content=\"https:\/\/www.gianbattista.it\/cms\/la-nave-e-lartigiano\/\" \/>\n<meta property=\"og:site_name\" content=\"Gian Battista Gualdi\" \/>\n<meta property=\"article:publisher\" content=\"https:\/\/www.facebook.com\/gianbattistagualdi\" \/>\n<meta property=\"article:author\" content=\"https:\/\/www.facebook.com\/gianbattistagualdi\" \/>\n<meta property=\"article:published_time\" content=\"2017-04-24T09:13:06+00:00\" \/>\n<meta property=\"article:modified_time\" content=\"2017-09-12T08:46:09+00:00\" \/>\n<meta property=\"og:image\" content=\"https:\/\/www.gianbattista.it\/cms\/wp-content\/uploads\/2017\/04\/Nave02.png\" \/>\n\t<meta property=\"og:image:width\" content=\"1920\" \/>\n\t<meta property=\"og:image:height\" content=\"778\" \/>\n\t<meta property=\"og:image:type\" content=\"image\/png\" \/>\n<meta name=\"author\" content=\"adminsito\" \/>\n<meta name=\"twitter:label1\" content=\"Scritto da\" \/>\n\t<meta name=\"twitter:data1\" content=\"adminsito\" \/>\n\t<meta name=\"twitter:label2\" content=\"Tempo di lettura stimato\" \/>\n\t<meta name=\"twitter:data2\" content=\"2 minuti\" \/>\n<script type=\"application\/ld+json\" class=\"yoast-schema-graph\">{\"@context\":\"https:\/\/schema.org\",\"@graph\":[{\"@type\":\"Article\",\"@id\":\"https:\/\/www.gianbattista.it\/cms\/la-nave-e-lartigiano\/#article\",\"isPartOf\":{\"@id\":\"https:\/\/www.gianbattista.it\/cms\/la-nave-e-lartigiano\/\"},\"author\":{\"name\":\"adminsito\",\"@id\":\"https:\/\/www.gianbattista.it\/cms\/#\/schema\/person\/1058c2e181b77adf83fbd7af6dfdda01\"},\"headline\":\"La nave e l&#8217;artigiano\",\"datePublished\":\"2017-04-24T09:13:06+00:00\",\"dateModified\":\"2017-09-12T08:46:09+00:00\",\"mainEntityOfPage\":{\"@id\":\"https:\/\/www.gianbattista.it\/cms\/la-nave-e-lartigiano\/\"},\"wordCount\":365,\"publisher\":{\"@id\":\"https:\/\/www.gianbattista.it\/cms\/#organization\"},\"image\":{\"@id\":\"https:\/\/www.gianbattista.it\/cms\/la-nave-e-lartigiano\/#primaryimage\"},\"thumbnailUrl\":\"https:\/\/www.gianbattista.it\/cms\/wp-content\/uploads\/2017\/04\/Nave02.png\",\"articleSection\":[\"comunicAzione\",\"formAzione\",\"progettAzione\"],\"inLanguage\":\"it-IT\"},{\"@type\":\"WebPage\",\"@id\":\"https:\/\/www.gianbattista.it\/cms\/la-nave-e-lartigiano\/\",\"url\":\"https:\/\/www.gianbattista.it\/cms\/la-nave-e-lartigiano\/\",\"name\":\"La nave e l'artigiano - Gian Battista Gualdi\",\"isPartOf\":{\"@id\":\"https:\/\/www.gianbattista.it\/cms\/#website\"},\"primaryImageOfPage\":{\"@id\":\"https:\/\/www.gianbattista.it\/cms\/la-nave-e-lartigiano\/#primaryimage\"},\"image\":{\"@id\":\"https:\/\/www.gianbattista.it\/cms\/la-nave-e-lartigiano\/#primaryimage\"},\"thumbnailUrl\":\"https:\/\/www.gianbattista.it\/cms\/wp-content\/uploads\/2017\/04\/Nave02.png\",\"datePublished\":\"2017-04-24T09:13:06+00:00\",\"dateModified\":\"2017-09-12T08:46:09+00:00\",\"description\":\"C'era una nave che attracc\u00f2 in un porto di un'isola sperduta nell'oceano Pacifico, aveva i motori in avaria e non poteva continuare il viaggio.\",\"breadcrumb\":{\"@id\":\"https:\/\/www.gianbattista.it\/cms\/la-nave-e-lartigiano\/#breadcrumb\"},\"inLanguage\":\"it-IT\",\"potentialAction\":[{\"@type\":\"ReadAction\",\"target\":[\"https:\/\/www.gianbattista.it\/cms\/la-nave-e-lartigiano\/\"]}]},{\"@type\":\"ImageObject\",\"inLanguage\":\"it-IT\",\"@id\":\"https:\/\/www.gianbattista.it\/cms\/la-nave-e-lartigiano\/#primaryimage\",\"url\":\"https:\/\/www.gianbattista.it\/cms\/wp-content\/uploads\/2017\/04\/Nave02.png\",\"contentUrl\":\"https:\/\/www.gianbattista.it\/cms\/wp-content\/uploads\/2017\/04\/Nave02.png\",\"width\":1920,\"height\":778,\"caption\":\"la nave e l'artigiano\"},{\"@type\":\"BreadcrumbList\",\"@id\":\"https:\/\/www.gianbattista.it\/cms\/la-nave-e-lartigiano\/#breadcrumb\",\"itemListElement\":[{\"@type\":\"ListItem\",\"position\":1,\"name\":\"Home\",\"item\":\"https:\/\/www.gianbattista.it\/cms\/\"},{\"@type\":\"ListItem\",\"position\":2,\"name\":\"La nave e l&#8217;artigiano\"}]},{\"@type\":\"WebSite\",\"@id\":\"https:\/\/www.gianbattista.it\/cms\/#website\",\"url\":\"https:\/\/www.gianbattista.it\/cms\/\",\"name\":\"Gian Battista Gualdi\",\"description\":\"chiediti sempre il meglio\",\"publisher\":{\"@id\":\"https:\/\/www.gianbattista.it\/cms\/#organization\"},\"potentialAction\":[{\"@type\":\"SearchAction\",\"target\":{\"@type\":\"EntryPoint\",\"urlTemplate\":\"https:\/\/www.gianbattista.it\/cms\/?s={search_term_string}\"},\"query-input\":{\"@type\":\"PropertyValueSpecification\",\"valueRequired\":true,\"valueName\":\"search_term_string\"}}],\"inLanguage\":\"it-IT\"},{\"@type\":\"Organization\",\"@id\":\"https:\/\/www.gianbattista.it\/cms\/#organization\",\"name\":\"Gian Battista Gualdi\",\"url\":\"https:\/\/www.gianbattista.it\/cms\/\",\"logo\":{\"@type\":\"ImageObject\",\"inLanguage\":\"it-IT\",\"@id\":\"https:\/\/www.gianbattista.it\/cms\/#\/schema\/logo\/image\/\",\"url\":\"https:\/\/www.gianbattista.it\/cms\/wp-content\/uploads\/2016\/07\/GBG150.png\",\"contentUrl\":\"https:\/\/www.gianbattista.it\/cms\/wp-content\/uploads\/2016\/07\/GBG150.png\",\"width\":105,\"height\":70,\"caption\":\"Gian Battista Gualdi\"},\"image\":{\"@id\":\"https:\/\/www.gianbattista.it\/cms\/#\/schema\/logo\/image\/\"},\"sameAs\":[\"https:\/\/www.facebook.com\/gianbattistagualdi\",\"https:\/\/x.com\/gualdigb\",\"https:\/\/www.linkedin.com\/in\/gian-battista-gualdi-08781941?authType=NAME_SEARCH&amp;amp;amp;authToken=gMGk&amp;amp;amp;locale=it_IT&amp;amp;amp;trk=tyah&amp;amp;amp;trkInfo=clickedVertical:mynetwork,clickedEntityId:148340263,authType:NAME_SEARCH,idx:1-1-1,tarId:1467301191561,tas:gian battista\",\"https:\/\/www.youtube.com\/channel\/UC-02_zSXunzSWcH89_GVN_w\"]},{\"@type\":\"Person\",\"@id\":\"https:\/\/www.gianbattista.it\/cms\/#\/schema\/person\/1058c2e181b77adf83fbd7af6dfdda01\",\"name\":\"adminsito\",\"image\":{\"@type\":\"ImageObject\",\"inLanguage\":\"it-IT\",\"@id\":\"https:\/\/www.gianbattista.it\/cms\/#\/schema\/person\/image\/\",\"url\":\"https:\/\/secure.gravatar.com\/avatar\/66532d5a7693aa019d73b60d47ff5d5f?s=96&d=identicon&r=g\",\"contentUrl\":\"https:\/\/secure.gravatar.com\/avatar\/66532d5a7693aa019d73b60d47ff5d5f?s=96&d=identicon&r=g\",\"caption\":\"adminsito\"},\"sameAs\":[\"https:\/\/www.gianbattista.it\",\"https:\/\/www.facebook.com\/gianbattistagualdi\"],\"url\":\"https:\/\/www.gianbattista.it\/cms\/author\/admin\/\"}]}<\/script>\n<!-- \/ Yoast SEO plugin. -->","yoast_head_json":{"title":"La nave e l'artigiano - Gian Battista Gualdi","description":"C'era una nave che attracc\u00f2 in un porto di un'isola sperduta nell'oceano Pacifico, aveva i motori in avaria e non poteva continuare il viaggio.","robots":{"index":"index","follow":"follow","max-snippet":"max-snippet:-1","max-image-preview":"max-image-preview:large","max-video-preview":"max-video-preview:-1"},"canonical":"https:\/\/www.gianbattista.it\/cms\/la-nave-e-lartigiano\/","og_locale":"it_IT","og_type":"article","og_title":"La nave e l'artigiano - Gian Battista Gualdi","og_description":"C'era una nave che attracc\u00f2 in un porto di un'isola sperduta nell'oceano Pacifico, aveva i motori in avaria e non poteva continuare il viaggio.","og_url":"https:\/\/www.gianbattista.it\/cms\/la-nave-e-lartigiano\/","og_site_name":"Gian Battista Gualdi","article_publisher":"https:\/\/www.facebook.com\/gianbattistagualdi","article_author":"https:\/\/www.facebook.com\/gianbattistagualdi","article_published_time":"2017-04-24T09:13:06+00:00","article_modified_time":"2017-09-12T08:46:09+00:00","og_image":[{"width":1920,"height":778,"url":"https:\/\/www.gianbattista.it\/cms\/wp-content\/uploads\/2017\/04\/Nave02.png","type":"image\/png"}],"author":"adminsito","twitter_misc":{"Scritto da":"adminsito","Tempo di lettura stimato":"2 minuti"},"schema":{"@context":"https:\/\/schema.org","@graph":[{"@type":"Article","@id":"https:\/\/www.gianbattista.it\/cms\/la-nave-e-lartigiano\/#article","isPartOf":{"@id":"https:\/\/www.gianbattista.it\/cms\/la-nave-e-lartigiano\/"},"author":{"name":"adminsito","@id":"https:\/\/www.gianbattista.it\/cms\/#\/schema\/person\/1058c2e181b77adf83fbd7af6dfdda01"},"headline":"La nave e l&#8217;artigiano","datePublished":"2017-04-24T09:13:06+00:00","dateModified":"2017-09-12T08:46:09+00:00","mainEntityOfPage":{"@id":"https:\/\/www.gianbattista.it\/cms\/la-nave-e-lartigiano\/"},"wordCount":365,"publisher":{"@id":"https:\/\/www.gianbattista.it\/cms\/#organization"},"image":{"@id":"https:\/\/www.gianbattista.it\/cms\/la-nave-e-lartigiano\/#primaryimage"},"thumbnailUrl":"https:\/\/www.gianbattista.it\/cms\/wp-content\/uploads\/2017\/04\/Nave02.png","articleSection":["comunicAzione","formAzione","progettAzione"],"inLanguage":"it-IT"},{"@type":"WebPage","@id":"https:\/\/www.gianbattista.it\/cms\/la-nave-e-lartigiano\/","url":"https:\/\/www.gianbattista.it\/cms\/la-nave-e-lartigiano\/","name":"La nave e l'artigiano - Gian Battista Gualdi","isPartOf":{"@id":"https:\/\/www.gianbattista.it\/cms\/#website"},"primaryImageOfPage":{"@id":"https:\/\/www.gianbattista.it\/cms\/la-nave-e-lartigiano\/#primaryimage"},"image":{"@id":"https:\/\/www.gianbattista.it\/cms\/la-nave-e-lartigiano\/#primaryimage"},"thumbnailUrl":"https:\/\/www.gianbattista.it\/cms\/wp-content\/uploads\/2017\/04\/Nave02.png","datePublished":"2017-04-24T09:13:06+00:00","dateModified":"2017-09-12T08:46:09+00:00","description":"C'era una nave che attracc\u00f2 in un porto di un'isola sperduta nell'oceano Pacifico, aveva i motori in avaria e non poteva continuare il viaggio.","breadcrumb":{"@id":"https:\/\/www.gianbattista.it\/cms\/la-nave-e-lartigiano\/#breadcrumb"},"inLanguage":"it-IT","potentialAction":[{"@type":"ReadAction","target":["https:\/\/www.gianbattista.it\/cms\/la-nave-e-lartigiano\/"]}]},{"@type":"ImageObject","inLanguage":"it-IT","@id":"https:\/\/www.gianbattista.it\/cms\/la-nave-e-lartigiano\/#primaryimage","url":"https:\/\/www.gianbattista.it\/cms\/wp-content\/uploads\/2017\/04\/Nave02.png","contentUrl":"https:\/\/www.gianbattista.it\/cms\/wp-content\/uploads\/2017\/04\/Nave02.png","width":1920,"height":778,"caption":"la nave e l'artigiano"},{"@type":"BreadcrumbList","@id":"https:\/\/www.gianbattista.it\/cms\/la-nave-e-lartigiano\/#breadcrumb","itemListElement":[{"@type":"ListItem","position":1,"name":"Home","item":"https:\/\/www.gianbattista.it\/cms\/"},{"@type":"ListItem","position":2,"name":"La nave e l&#8217;artigiano"}]},{"@type":"WebSite","@id":"https:\/\/www.gianbattista.it\/cms\/#website","url":"https:\/\/www.gianbattista.it\/cms\/","name":"Gian Battista Gualdi","description":"chiediti sempre il meglio","publisher":{"@id":"https:\/\/www.gianbattista.it\/cms\/#organization"},"potentialAction":[{"@type":"SearchAction","target":{"@type":"EntryPoint","urlTemplate":"https:\/\/www.gianbattista.it\/cms\/?s={search_term_string}"},"query-input":{"@type":"PropertyValueSpecification","valueRequired":true,"valueName":"search_term_string"}}],"inLanguage":"it-IT"},{"@type":"Organization","@id":"https:\/\/www.gianbattista.it\/cms\/#organization","name":"Gian Battista Gualdi","url":"https:\/\/www.gianbattista.it\/cms\/","logo":{"@type":"ImageObject","inLanguage":"it-IT","@id":"https:\/\/www.gianbattista.it\/cms\/#\/schema\/logo\/image\/","url":"https:\/\/www.gianbattista.it\/cms\/wp-content\/uploads\/2016\/07\/GBG150.png","contentUrl":"https:\/\/www.gianbattista.it\/cms\/wp-content\/uploads\/2016\/07\/GBG150.png","width":105,"height":70,"caption":"Gian Battista Gualdi"},"image":{"@id":"https:\/\/www.gianbattista.it\/cms\/#\/schema\/logo\/image\/"},"sameAs":["https:\/\/www.facebook.com\/gianbattistagualdi","https:\/\/x.com\/gualdigb","https:\/\/www.linkedin.com\/in\/gian-battista-gualdi-08781941?authType=NAME_SEARCH&amp;amp;amp;authToken=gMGk&amp;amp;amp;locale=it_IT&amp;amp;amp;trk=tyah&amp;amp;amp;trkInfo=clickedVertical:mynetwork,clickedEntityId:148340263,authType:NAME_SEARCH,idx:1-1-1,tarId:1467301191561,tas:gian battista","https:\/\/www.youtube.com\/channel\/UC-02_zSXunzSWcH89_GVN_w"]},{"@type":"Person","@id":"https:\/\/www.gianbattista.it\/cms\/#\/schema\/person\/1058c2e181b77adf83fbd7af6dfdda01","name":"adminsito","image":{"@type":"ImageObject","inLanguage":"it-IT","@id":"https:\/\/www.gianbattista.it\/cms\/#\/schema\/person\/image\/","url":"https:\/\/secure.gravatar.com\/avatar\/66532d5a7693aa019d73b60d47ff5d5f?s=96&d=identicon&r=g","contentUrl":"https:\/\/secure.gravatar.com\/avatar\/66532d5a7693aa019d73b60d47ff5d5f?s=96&d=identicon&r=g","caption":"adminsito"},"sameAs":["https:\/\/www.gianbattista.it","https:\/\/www.facebook.com\/gianbattistagualdi"],"url":"https:\/\/www.gianbattista.it\/cms\/author\/admin\/"}]}},"_links":{"self":[{"href":"https:\/\/www.gianbattista.it\/cms\/wp-json\/wp\/v2\/posts\/3751"}],"collection":[{"href":"https:\/\/www.gianbattista.it\/cms\/wp-json\/wp\/v2\/posts"}],"about":[{"href":"https:\/\/www.gianbattista.it\/cms\/wp-json\/wp\/v2\/types\/post"}],"author":[{"embeddable":true,"href":"https:\/\/www.gianbattista.it\/cms\/wp-json\/wp\/v2\/users\/2"}],"replies":[{"embeddable":true,"href":"https:\/\/www.gianbattista.it\/cms\/wp-json\/wp\/v2\/comments?post=3751"}],"version-history":[{"count":0,"href":"https:\/\/www.gianbattista.it\/cms\/wp-json\/wp\/v2\/posts\/3751\/revisions"}],"wp:featuredmedia":[{"embeddable":true,"href":"https:\/\/www.gianbattista.it\/cms\/wp-json\/wp\/v2\/media\/3752"}],"wp:attachment":[{"href":"https:\/\/www.gianbattista.it\/cms\/wp-json\/wp\/v2\/media?parent=3751"}],"wp:term":[{"taxonomy":"category","embeddable":true,"href":"https:\/\/www.gianbattista.it\/cms\/wp-json\/wp\/v2\/categories?post=3751"},{"taxonomy":"post_tag","embeddable":true,"href":"https:\/\/www.gianbattista.it\/cms\/wp-json\/wp\/v2\/tags?post=3751"}],"curies":[{"name":"wp","href":"https:\/\/api.w.org\/{rel}","templated":true}]}}