{"id":3876,"date":"2017-05-06T09:57:09","date_gmt":"2017-05-06T07:57:09","guid":{"rendered":"https:\/\/www.gianbattista.it\/cms\/?p=3876"},"modified":"2017-05-06T12:53:42","modified_gmt":"2017-05-06T10:53:42","slug":"3876-2","status":"publish","type":"post","link":"https:\/\/www.gianbattista.it\/cms\/3876-2\/","title":{"rendered":"Charlie Chaplin raccont\u00f2 al pubblico una storiella fantastica"},"content":{"rendered":"<p>Charlie Chaplin raccont\u00f2 al pubblico una storiella fantastica e tutti incominciarono a ridere<br \/>\nCharlie ripet\u00e9 la stessa storiella e solo pochi risero<br \/>\nRipet\u00e9 di nuovo la stessa storiella e questa volta nessuno rise<\/p>\n<p>Allora disse queste parole stupende:<br \/>\n&#8220;Se non potete continuare a ridere per la stessa battuta, perch\u00e9 continuate a piangere per lo stesso problema?&#8221;<br \/>\nGodetevi ogni momento della vita..!! La vita \u00e8 bella!<\/p>\n<p>il 16 aprile 1889 nacque Charlie Chaplin &#8211; un buon giorno per raccogliere le sue 3 toccanti affermazioni:<br \/>\n(1) niente \u00e8 permanente in questo mondo, nemmeno i dispiaceri;<br \/>\n(2) mi piace camminare sotto la pioggia, perch\u00e9 nessuno pu\u00f2 vedere le mie lacrime;<br \/>\n(3) la giornata pi\u00f9 sprecata della nostra vita \u00e8 quella in cui non abbiamo riso.<\/p>\n<p>Continua a sorridere e passa questo messaggio a quelli che vuoi veder sorridere<\/p>\n<p>&nbsp;<\/p>\n<p>NOTE<\/p>\n<p>Sir Charlie Spencer Chaplin costru\u00ec il suo successo su un personaggio: il vagabondo (<i>The Tramp<\/i> in inglese): un omino dalle raffinate maniere e la dignit\u00e0 di un gentiluomo, vestito di una stretta giacchetta, pantaloni e scarpe pi\u00f9 grandi della sua misura, una bombetta e un bastone da passeggio in bamb\u00f9. Spiccavano sempre i suoi baffetti e l&#8217;andatura ondeggiante era in qualche modo un ballerino. L&#8217;emotivit\u00e0 sentimentale e il malinconico disincanto di fronte alla spietatezza e alle ingiustizie della societ\u00e0 moderna, fecero di Charlot l&#8217;emblema della solitudine\u00a0umana &#8211; in particolare delle classi sociali pi\u00f9 emarginate &#8211; nell&#8217;era del progresso economico e industriale.<\/p>\n","protected":false},"excerpt":{"rendered":"<p>Charlie Chaplin raccont\u00f2 al pubblico una storiella fantastica e tutti incominciarono a ridere<br \/>\nCharlie ripet\u00e9 la stessa storiella e solo pochi risero<\/p>\n","protected":false},"author":2,"featured_media":3878,"comment_status":"closed","ping_status":"closed","sticky":false,"template":"","format":"standard","meta":{"_et_pb_use_builder":"","_et_pb_old_content":"","_et_gb_content_width":"","footnotes":""},"categories":[1],"tags":[],"yoast_head":"<!-- This site is optimized with the Yoast SEO plugin v23.4 - https:\/\/yoast.com\/wordpress\/plugins\/seo\/ -->\n<title>Charlie Chaplin raccont\u00f2 al pubblico una storiella fantastica - Gian Battista Gualdi<\/title>\n<meta name=\"description\" content=\"Charlie Chaplin raccont\u00f2 al pubblico una storiella fantastica e tutti incominciarono a ridere Charlie ripet\u00e9 la stessa storiella e solo pochi risero\" \/>\n<meta name=\"robots\" content=\"index, follow, max-snippet:-1, max-image-preview:large, max-video-preview:-1\" \/>\n<link rel=\"canonical\" href=\"https:\/\/www.gianbattista.it\/cms\/3876-2\/\" \/>\n<meta property=\"og:locale\" content=\"it_IT\" \/>\n<meta property=\"og:type\" content=\"article\" \/>\n<meta property=\"og:title\" content=\"Charlie Chaplin raccont\u00f2 al pubblico una storiella fantastica - Gian Battista Gualdi\" \/>\n<meta property=\"og:description\" content=\"Charlie Chaplin raccont\u00f2 al pubblico una storiella fantastica e tutti incominciarono a ridere Charlie ripet\u00e9 la stessa storiella e solo pochi risero\" \/>\n<meta property=\"og:url\" content=\"https:\/\/www.gianbattista.it\/cms\/3876-2\/\" \/>\n<meta property=\"og:site_name\" content=\"Gian Battista Gualdi\" \/>\n<meta property=\"article:publisher\" content=\"https:\/\/www.facebook.com\/gianbattistagualdi\" \/>\n<meta property=\"article:author\" content=\"https:\/\/www.facebook.com\/gianbattistagualdi\" \/>\n<meta property=\"article:published_time\" content=\"2017-05-06T07:57:09+00:00\" \/>\n<meta property=\"article:modified_time\" content=\"2017-05-06T10:53:42+00:00\" \/>\n<meta property=\"og:image\" content=\"https:\/\/www.gianbattista.it\/cms\/wp-content\/uploads\/2017\/05\/Charlie-Chaplin.png\" \/>\n\t<meta property=\"og:image:width\" content=\"1920\" \/>\n\t<meta property=\"og:image:height\" content=\"778\" \/>\n\t<meta property=\"og:image:type\" content=\"image\/png\" \/>\n<meta name=\"author\" content=\"adminsito\" \/>\n<meta name=\"twitter:label1\" content=\"Scritto da\" \/>\n\t<meta name=\"twitter:data1\" content=\"adminsito\" \/>\n\t<meta name=\"twitter:label2\" content=\"Tempo di lettura stimato\" \/>\n\t<meta name=\"twitter:data2\" content=\"1 minuto\" \/>\n<script type=\"application\/ld+json\" class=\"yoast-schema-graph\">{\"@context\":\"https:\/\/schema.org\",\"@graph\":[{\"@type\":\"Article\",\"@id\":\"https:\/\/www.gianbattista.it\/cms\/3876-2\/#article\",\"isPartOf\":{\"@id\":\"https:\/\/www.gianbattista.it\/cms\/3876-2\/\"},\"author\":{\"name\":\"adminsito\",\"@id\":\"https:\/\/www.gianbattista.it\/cms\/#\/schema\/person\/1058c2e181b77adf83fbd7af6dfdda01\"},\"headline\":\"Charlie Chaplin raccont\u00f2 al pubblico una storiella fantastica\",\"datePublished\":\"2017-05-06T07:57:09+00:00\",\"dateModified\":\"2017-05-06T10:53:42+00:00\",\"mainEntityOfPage\":{\"@id\":\"https:\/\/www.gianbattista.it\/cms\/3876-2\/\"},\"wordCount\":242,\"publisher\":{\"@id\":\"https:\/\/www.gianbattista.it\/cms\/#organization\"},\"image\":{\"@id\":\"https:\/\/www.gianbattista.it\/cms\/3876-2\/#primaryimage\"},\"thumbnailUrl\":\"https:\/\/www.gianbattista.it\/cms\/wp-content\/uploads\/2017\/05\/Charlie-Chaplin.png\",\"articleSection\":[\"comunicAzione\"],\"inLanguage\":\"it-IT\"},{\"@type\":\"WebPage\",\"@id\":\"https:\/\/www.gianbattista.it\/cms\/3876-2\/\",\"url\":\"https:\/\/www.gianbattista.it\/cms\/3876-2\/\",\"name\":\"Charlie Chaplin raccont\u00f2 al pubblico una storiella fantastica - Gian Battista Gualdi\",\"isPartOf\":{\"@id\":\"https:\/\/www.gianbattista.it\/cms\/#website\"},\"primaryImageOfPage\":{\"@id\":\"https:\/\/www.gianbattista.it\/cms\/3876-2\/#primaryimage\"},\"image\":{\"@id\":\"https:\/\/www.gianbattista.it\/cms\/3876-2\/#primaryimage\"},\"thumbnailUrl\":\"https:\/\/www.gianbattista.it\/cms\/wp-content\/uploads\/2017\/05\/Charlie-Chaplin.png\",\"datePublished\":\"2017-05-06T07:57:09+00:00\",\"dateModified\":\"2017-05-06T10:53:42+00:00\",\"description\":\"Charlie Chaplin raccont\u00f2 al pubblico una storiella fantastica e tutti incominciarono a ridere Charlie ripet\u00e9 la stessa storiella e solo pochi risero\",\"breadcrumb\":{\"@id\":\"https:\/\/www.gianbattista.it\/cms\/3876-2\/#breadcrumb\"},\"inLanguage\":\"it-IT\",\"potentialAction\":[{\"@type\":\"ReadAction\",\"target\":[\"https:\/\/www.gianbattista.it\/cms\/3876-2\/\"]}]},{\"@type\":\"ImageObject\",\"inLanguage\":\"it-IT\",\"@id\":\"https:\/\/www.gianbattista.it\/cms\/3876-2\/#primaryimage\",\"url\":\"https:\/\/www.gianbattista.it\/cms\/wp-content\/uploads\/2017\/05\/Charlie-Chaplin.png\",\"contentUrl\":\"https:\/\/www.gianbattista.it\/cms\/wp-content\/uploads\/2017\/05\/Charlie-Chaplin.png\",\"width\":1920,\"height\":778,\"caption\":\"Charlie Chaplin\"},{\"@type\":\"BreadcrumbList\",\"@id\":\"https:\/\/www.gianbattista.it\/cms\/3876-2\/#breadcrumb\",\"itemListElement\":[{\"@type\":\"ListItem\",\"position\":1,\"name\":\"Home\",\"item\":\"https:\/\/www.gianbattista.it\/cms\/\"},{\"@type\":\"ListItem\",\"position\":2,\"name\":\"Charlie Chaplin raccont\u00f2 al pubblico una storiella fantastica\"}]},{\"@type\":\"WebSite\",\"@id\":\"https:\/\/www.gianbattista.it\/cms\/#website\",\"url\":\"https:\/\/www.gianbattista.it\/cms\/\",\"name\":\"Gian Battista Gualdi\",\"description\":\"chiediti sempre il meglio\",\"publisher\":{\"@id\":\"https:\/\/www.gianbattista.it\/cms\/#organization\"},\"potentialAction\":[{\"@type\":\"SearchAction\",\"target\":{\"@type\":\"EntryPoint\",\"urlTemplate\":\"https:\/\/www.gianbattista.it\/cms\/?s={search_term_string}\"},\"query-input\":{\"@type\":\"PropertyValueSpecification\",\"valueRequired\":true,\"valueName\":\"search_term_string\"}}],\"inLanguage\":\"it-IT\"},{\"@type\":\"Organization\",\"@id\":\"https:\/\/www.gianbattista.it\/cms\/#organization\",\"name\":\"Gian Battista Gualdi\",\"url\":\"https:\/\/www.gianbattista.it\/cms\/\",\"logo\":{\"@type\":\"ImageObject\",\"inLanguage\":\"it-IT\",\"@id\":\"https:\/\/www.gianbattista.it\/cms\/#\/schema\/logo\/image\/\",\"url\":\"https:\/\/www.gianbattista.it\/cms\/wp-content\/uploads\/2016\/07\/GBG150.png\",\"contentUrl\":\"https:\/\/www.gianbattista.it\/cms\/wp-content\/uploads\/2016\/07\/GBG150.png\",\"width\":105,\"height\":70,\"caption\":\"Gian Battista Gualdi\"},\"image\":{\"@id\":\"https:\/\/www.gianbattista.it\/cms\/#\/schema\/logo\/image\/\"},\"sameAs\":[\"https:\/\/www.facebook.com\/gianbattistagualdi\",\"https:\/\/x.com\/gualdigb\",\"https:\/\/www.linkedin.com\/in\/gian-battista-gualdi-08781941?authType=NAME_SEARCH&amp;amp;amp;authToken=gMGk&amp;amp;amp;locale=it_IT&amp;amp;amp;trk=tyah&amp;amp;amp;trkInfo=clickedVertical:mynetwork,clickedEntityId:148340263,authType:NAME_SEARCH,idx:1-1-1,tarId:1467301191561,tas:gian battista\",\"https:\/\/www.youtube.com\/channel\/UC-02_zSXunzSWcH89_GVN_w\"]},{\"@type\":\"Person\",\"@id\":\"https:\/\/www.gianbattista.it\/cms\/#\/schema\/person\/1058c2e181b77adf83fbd7af6dfdda01\",\"name\":\"adminsito\",\"image\":{\"@type\":\"ImageObject\",\"inLanguage\":\"it-IT\",\"@id\":\"https:\/\/www.gianbattista.it\/cms\/#\/schema\/person\/image\/\",\"url\":\"https:\/\/secure.gravatar.com\/avatar\/66532d5a7693aa019d73b60d47ff5d5f?s=96&d=identicon&r=g\",\"contentUrl\":\"https:\/\/secure.gravatar.com\/avatar\/66532d5a7693aa019d73b60d47ff5d5f?s=96&d=identicon&r=g\",\"caption\":\"adminsito\"},\"sameAs\":[\"https:\/\/www.gianbattista.it\",\"https:\/\/www.facebook.com\/gianbattistagualdi\"],\"url\":\"https:\/\/www.gianbattista.it\/cms\/author\/admin\/\"}]}<\/script>\n<!-- \/ Yoast SEO plugin. -->","yoast_head_json":{"title":"Charlie Chaplin raccont\u00f2 al pubblico una storiella fantastica - Gian Battista Gualdi","description":"Charlie Chaplin raccont\u00f2 al pubblico una storiella fantastica e tutti incominciarono a ridere Charlie ripet\u00e9 la stessa storiella e solo pochi risero","robots":{"index":"index","follow":"follow","max-snippet":"max-snippet:-1","max-image-preview":"max-image-preview:large","max-video-preview":"max-video-preview:-1"},"canonical":"https:\/\/www.gianbattista.it\/cms\/3876-2\/","og_locale":"it_IT","og_type":"article","og_title":"Charlie Chaplin raccont\u00f2 al pubblico una storiella fantastica - Gian Battista Gualdi","og_description":"Charlie Chaplin raccont\u00f2 al pubblico una storiella fantastica e tutti incominciarono a ridere Charlie ripet\u00e9 la stessa storiella e solo pochi risero","og_url":"https:\/\/www.gianbattista.it\/cms\/3876-2\/","og_site_name":"Gian Battista Gualdi","article_publisher":"https:\/\/www.facebook.com\/gianbattistagualdi","article_author":"https:\/\/www.facebook.com\/gianbattistagualdi","article_published_time":"2017-05-06T07:57:09+00:00","article_modified_time":"2017-05-06T10:53:42+00:00","og_image":[{"width":1920,"height":778,"url":"https:\/\/www.gianbattista.it\/cms\/wp-content\/uploads\/2017\/05\/Charlie-Chaplin.png","type":"image\/png"}],"author":"adminsito","twitter_misc":{"Scritto da":"adminsito","Tempo di lettura stimato":"1 minuto"},"schema":{"@context":"https:\/\/schema.org","@graph":[{"@type":"Article","@id":"https:\/\/www.gianbattista.it\/cms\/3876-2\/#article","isPartOf":{"@id":"https:\/\/www.gianbattista.it\/cms\/3876-2\/"},"author":{"name":"adminsito","@id":"https:\/\/www.gianbattista.it\/cms\/#\/schema\/person\/1058c2e181b77adf83fbd7af6dfdda01"},"headline":"Charlie Chaplin raccont\u00f2 al pubblico una storiella fantastica","datePublished":"2017-05-06T07:57:09+00:00","dateModified":"2017-05-06T10:53:42+00:00","mainEntityOfPage":{"@id":"https:\/\/www.gianbattista.it\/cms\/3876-2\/"},"wordCount":242,"publisher":{"@id":"https:\/\/www.gianbattista.it\/cms\/#organization"},"image":{"@id":"https:\/\/www.gianbattista.it\/cms\/3876-2\/#primaryimage"},"thumbnailUrl":"https:\/\/www.gianbattista.it\/cms\/wp-content\/uploads\/2017\/05\/Charlie-Chaplin.png","articleSection":["comunicAzione"],"inLanguage":"it-IT"},{"@type":"WebPage","@id":"https:\/\/www.gianbattista.it\/cms\/3876-2\/","url":"https:\/\/www.gianbattista.it\/cms\/3876-2\/","name":"Charlie Chaplin raccont\u00f2 al pubblico una storiella fantastica - Gian Battista Gualdi","isPartOf":{"@id":"https:\/\/www.gianbattista.it\/cms\/#website"},"primaryImageOfPage":{"@id":"https:\/\/www.gianbattista.it\/cms\/3876-2\/#primaryimage"},"image":{"@id":"https:\/\/www.gianbattista.it\/cms\/3876-2\/#primaryimage"},"thumbnailUrl":"https:\/\/www.gianbattista.it\/cms\/wp-content\/uploads\/2017\/05\/Charlie-Chaplin.png","datePublished":"2017-05-06T07:57:09+00:00","dateModified":"2017-05-06T10:53:42+00:00","description":"Charlie Chaplin raccont\u00f2 al pubblico una storiella fantastica e tutti incominciarono a ridere Charlie ripet\u00e9 la stessa storiella e solo pochi risero","breadcrumb":{"@id":"https:\/\/www.gianbattista.it\/cms\/3876-2\/#breadcrumb"},"inLanguage":"it-IT","potentialAction":[{"@type":"ReadAction","target":["https:\/\/www.gianbattista.it\/cms\/3876-2\/"]}]},{"@type":"ImageObject","inLanguage":"it-IT","@id":"https:\/\/www.gianbattista.it\/cms\/3876-2\/#primaryimage","url":"https:\/\/www.gianbattista.it\/cms\/wp-content\/uploads\/2017\/05\/Charlie-Chaplin.png","contentUrl":"https:\/\/www.gianbattista.it\/cms\/wp-content\/uploads\/2017\/05\/Charlie-Chaplin.png","width":1920,"height":778,"caption":"Charlie Chaplin"},{"@type":"BreadcrumbList","@id":"https:\/\/www.gianbattista.it\/cms\/3876-2\/#breadcrumb","itemListElement":[{"@type":"ListItem","position":1,"name":"Home","item":"https:\/\/www.gianbattista.it\/cms\/"},{"@type":"ListItem","position":2,"name":"Charlie Chaplin raccont\u00f2 al pubblico una storiella fantastica"}]},{"@type":"WebSite","@id":"https:\/\/www.gianbattista.it\/cms\/#website","url":"https:\/\/www.gianbattista.it\/cms\/","name":"Gian Battista Gualdi","description":"chiediti sempre il meglio","publisher":{"@id":"https:\/\/www.gianbattista.it\/cms\/#organization"},"potentialAction":[{"@type":"SearchAction","target":{"@type":"EntryPoint","urlTemplate":"https:\/\/www.gianbattista.it\/cms\/?s={search_term_string}"},"query-input":{"@type":"PropertyValueSpecification","valueRequired":true,"valueName":"search_term_string"}}],"inLanguage":"it-IT"},{"@type":"Organization","@id":"https:\/\/www.gianbattista.it\/cms\/#organization","name":"Gian Battista Gualdi","url":"https:\/\/www.gianbattista.it\/cms\/","logo":{"@type":"ImageObject","inLanguage":"it-IT","@id":"https:\/\/www.gianbattista.it\/cms\/#\/schema\/logo\/image\/","url":"https:\/\/www.gianbattista.it\/cms\/wp-content\/uploads\/2016\/07\/GBG150.png","contentUrl":"https:\/\/www.gianbattista.it\/cms\/wp-content\/uploads\/2016\/07\/GBG150.png","width":105,"height":70,"caption":"Gian Battista Gualdi"},"image":{"@id":"https:\/\/www.gianbattista.it\/cms\/#\/schema\/logo\/image\/"},"sameAs":["https:\/\/www.facebook.com\/gianbattistagualdi","https:\/\/x.com\/gualdigb","https:\/\/www.linkedin.com\/in\/gian-battista-gualdi-08781941?authType=NAME_SEARCH&amp;amp;amp;authToken=gMGk&amp;amp;amp;locale=it_IT&amp;amp;amp;trk=tyah&amp;amp;amp;trkInfo=clickedVertical:mynetwork,clickedEntityId:148340263,authType:NAME_SEARCH,idx:1-1-1,tarId:1467301191561,tas:gian battista","https:\/\/www.youtube.com\/channel\/UC-02_zSXunzSWcH89_GVN_w"]},{"@type":"Person","@id":"https:\/\/www.gianbattista.it\/cms\/#\/schema\/person\/1058c2e181b77adf83fbd7af6dfdda01","name":"adminsito","image":{"@type":"ImageObject","inLanguage":"it-IT","@id":"https:\/\/www.gianbattista.it\/cms\/#\/schema\/person\/image\/","url":"https:\/\/secure.gravatar.com\/avatar\/66532d5a7693aa019d73b60d47ff5d5f?s=96&d=identicon&r=g","contentUrl":"https:\/\/secure.gravatar.com\/avatar\/66532d5a7693aa019d73b60d47ff5d5f?s=96&d=identicon&r=g","caption":"adminsito"},"sameAs":["https:\/\/www.gianbattista.it","https:\/\/www.facebook.com\/gianbattistagualdi"],"url":"https:\/\/www.gianbattista.it\/cms\/author\/admin\/"}]}},"_links":{"self":[{"href":"https:\/\/www.gianbattista.it\/cms\/wp-json\/wp\/v2\/posts\/3876"}],"collection":[{"href":"https:\/\/www.gianbattista.it\/cms\/wp-json\/wp\/v2\/posts"}],"about":[{"href":"https:\/\/www.gianbattista.it\/cms\/wp-json\/wp\/v2\/types\/post"}],"author":[{"embeddable":true,"href":"https:\/\/www.gianbattista.it\/cms\/wp-json\/wp\/v2\/users\/2"}],"replies":[{"embeddable":true,"href":"https:\/\/www.gianbattista.it\/cms\/wp-json\/wp\/v2\/comments?post=3876"}],"version-history":[{"count":0,"href":"https:\/\/www.gianbattista.it\/cms\/wp-json\/wp\/v2\/posts\/3876\/revisions"}],"wp:featuredmedia":[{"embeddable":true,"href":"https:\/\/www.gianbattista.it\/cms\/wp-json\/wp\/v2\/media\/3878"}],"wp:attachment":[{"href":"https:\/\/www.gianbattista.it\/cms\/wp-json\/wp\/v2\/media?parent=3876"}],"wp:term":[{"taxonomy":"category","embeddable":true,"href":"https:\/\/www.gianbattista.it\/cms\/wp-json\/wp\/v2\/categories?post=3876"},{"taxonomy":"post_tag","embeddable":true,"href":"https:\/\/www.gianbattista.it\/cms\/wp-json\/wp\/v2\/tags?post=3876"}],"curies":[{"name":"wp","href":"https:\/\/api.w.org\/{rel}","templated":true}]}}