{"id":439,"date":"2012-08-01T10:12:49","date_gmt":"2012-08-01T10:12:49","guid":{"rendered":"https:\/\/www.gianbattista.it\/cms\/?p=439"},"modified":"2015-05-23T17:14:23","modified_gmt":"2015-05-23T17:14:23","slug":"bayadere-sissonne","status":"publish","type":"post","link":"https:\/\/www.gianbattista.it\/cms\/bayadere-sissonne\/","title":{"rendered":"la Bayad\u00e8re"},"content":{"rendered":"<h4>La Bayadere (La danzatrice del tempio) (in russo \u0411\u0430\u044f\u0434\u0435\u0440\u043a\u0430 &#8211; Bayaderka) \u00e8 un balletto in 4 atti e 7 scene con apoteosi, la coreografia \u00e8 di Marius Petipa, la musica \u00e8 di Ludwig Minkus. Il libretto \u00e8 di Serghei Khudekov. Le scene e i costumi sono di I. Andreev, M. Bocharov, P. Lambin, A. Roller, M. Shishkov, H. Wagner.<\/h4>\n<p><!--more--><\/p>\n<h4>La prima rappresentazione avvenne a San Pietroburgo, Russia, presso il Teatro Imperiale Bolshoi Kamenny il 23 gennaio per il calendario giuliano (o il 5 febbraio per il calendario gregoriano) del 1877. In quell&#8217;occasione, la ballerina Ekaterina Vazem danz\u00f2 nella parte di Nikya, Pavel Gerdt in quella di Solor, Lev Ivanov era il Rajah, Maria Gorshenkova interpretava Aiya, Maria M. Petipa era Gamzatti.<\/h4>\n<h4>Una scena del balletto, il famoso Grand Pas Classique noto con il titolo di Il regno delle ombre \u00e8 uno dei pezzi pi\u00f9 celebrati del balletto classico e spesso \u00e8 rappresentato come pezzo a s\u00e9 stante.<\/h4>\n<h4>La Bayad\u00e8re \u00e8 stata allestita e rivisitata molte volte nella sua lunga storia. Oltre allo stesso Petipa nel (1900), da Aleksander Gorsky e Vasily Tikhomirov (1904), Agrippina Vaganova (1932), Vakhtang Chabukiani e Vladimir Ponomarev (1941), Rudolf Nureyev (solo la scena de Il regno delle ombre nel 1963), Natalia Makarova (solo la scena de Il regno delle ombre nel 1974) e tutto il balletto nel 1980), Rudolf Nureyev (tutto il balletto e fu la sua ultima coreografia) (1992), e Sergei Vikharev (in una ricostruzione dell&#8217;ultimo revival di Petipa). Attualmente, La Bayad\u00e8re \u00e8 presentata soprattutto in due versioni differenti, quelle derivate dalla messa in scena per il balletto del Kirov da parte di Vakhtang Chabukiani e Vladimir Ponomarev nel 1941 e quelle derivate dalla produzione del 1980 di Natalia Makarova per l&#8217;American Ballet Theatre.<\/h4>\n<p>[singlepic id=26 w=100 h=100 ]<\/p>\n","protected":false},"excerpt":{"rendered":"<p>La Bayadere (La danzatrice del tempio) (in russo \u0411\u0430\u044f\u0434\u0435\u0440\u043a\u0430 &#8211; Bayaderka) \u00e8 un balletto in 4 atti e 7 scene con apoteosi, la coreografia \u00e8 di Marius Petipa, la musica \u00e8 di Ludwig Minkus. Il libretto \u00e8 di Serghei Khudekov. Le scene e i costumi sono di I. Andreev, M. Bocharov, P. Lambin, A. Roller, [&hellip;]<\/p>\n","protected":false},"author":2,"featured_media":331,"comment_status":"closed","ping_status":"closed","sticky":false,"template":"","format":"standard","meta":{"_et_pb_use_builder":"","_et_pb_old_content":"","_et_gb_content_width":"","footnotes":""},"categories":[1],"tags":[],"yoast_head":"<!-- This site is optimized with the Yoast SEO plugin v23.4 - https:\/\/yoast.com\/wordpress\/plugins\/seo\/ -->\n<title>la Bayad\u00e8re - Gian Battista Gualdi<\/title>\n<meta name=\"robots\" content=\"index, follow, max-snippet:-1, max-image-preview:large, max-video-preview:-1\" \/>\n<link rel=\"canonical\" href=\"https:\/\/www.gianbattista.it\/cms\/bayadere-sissonne\/\" \/>\n<meta property=\"og:locale\" content=\"it_IT\" \/>\n<meta property=\"og:type\" content=\"article\" \/>\n<meta property=\"og:title\" content=\"la Bayad\u00e8re - Gian Battista Gualdi\" \/>\n<meta property=\"og:description\" content=\"La Bayadere (La danzatrice del tempio) (in russo \u0411\u0430\u044f\u0434\u0435\u0440\u043a\u0430 &#8211; Bayaderka) \u00e8 un balletto in 4 atti e 7 scene con apoteosi, la coreografia \u00e8 di Marius Petipa, la musica \u00e8 di Ludwig Minkus. Il libretto \u00e8 di Serghei Khudekov. Le scene e i costumi sono di I. Andreev, M. Bocharov, P. Lambin, A. Roller, [&hellip;]\" \/>\n<meta property=\"og:url\" content=\"https:\/\/www.gianbattista.it\/cms\/bayadere-sissonne\/\" \/>\n<meta property=\"og:site_name\" content=\"Gian Battista Gualdi\" \/>\n<meta property=\"article:publisher\" content=\"https:\/\/www.facebook.com\/gianbattistagualdi\" \/>\n<meta property=\"article:author\" content=\"https:\/\/www.facebook.com\/gianbattistagualdi\" \/>\n<meta property=\"article:published_time\" content=\"2012-08-01T10:12:49+00:00\" \/>\n<meta property=\"article:modified_time\" content=\"2015-05-23T17:14:23+00:00\" \/>\n<meta property=\"og:image\" content=\"https:\/\/www.gianbattista.it\/cms\/wp-content\/uploads\/2012\/03\/626g-17614.jpg\" \/>\n\t<meta property=\"og:image:width\" content=\"626\" \/>\n\t<meta property=\"og:image:height\" content=\"352\" \/>\n\t<meta property=\"og:image:type\" content=\"image\/jpeg\" \/>\n<meta name=\"author\" content=\"adminsito\" \/>\n<meta name=\"twitter:label1\" content=\"Scritto da\" \/>\n\t<meta name=\"twitter:data1\" content=\"adminsito\" \/>\n\t<meta name=\"twitter:label2\" content=\"Tempo di lettura stimato\" \/>\n\t<meta name=\"twitter:data2\" content=\"1 minuto\" \/>\n<script type=\"application\/ld+json\" class=\"yoast-schema-graph\">{\"@context\":\"https:\/\/schema.org\",\"@graph\":[{\"@type\":\"Article\",\"@id\":\"https:\/\/www.gianbattista.it\/cms\/bayadere-sissonne\/#article\",\"isPartOf\":{\"@id\":\"https:\/\/www.gianbattista.it\/cms\/bayadere-sissonne\/\"},\"author\":{\"name\":\"adminsito\",\"@id\":\"https:\/\/www.gianbattista.it\/cms\/#\/schema\/person\/1058c2e181b77adf83fbd7af6dfdda01\"},\"headline\":\"la Bayad\u00e8re\",\"datePublished\":\"2012-08-01T10:12:49+00:00\",\"dateModified\":\"2015-05-23T17:14:23+00:00\",\"mainEntityOfPage\":{\"@id\":\"https:\/\/www.gianbattista.it\/cms\/bayadere-sissonne\/\"},\"wordCount\":278,\"publisher\":{\"@id\":\"https:\/\/www.gianbattista.it\/cms\/#organization\"},\"image\":{\"@id\":\"https:\/\/www.gianbattista.it\/cms\/bayadere-sissonne\/#primaryimage\"},\"thumbnailUrl\":\"https:\/\/www.gianbattista.it\/cms\/wp-content\/uploads\/2012\/03\/626g-17614.jpg\",\"articleSection\":[\"comunicAzione\"],\"inLanguage\":\"it-IT\"},{\"@type\":\"WebPage\",\"@id\":\"https:\/\/www.gianbattista.it\/cms\/bayadere-sissonne\/\",\"url\":\"https:\/\/www.gianbattista.it\/cms\/bayadere-sissonne\/\",\"name\":\"la Bayad\u00e8re - Gian Battista Gualdi\",\"isPartOf\":{\"@id\":\"https:\/\/www.gianbattista.it\/cms\/#website\"},\"primaryImageOfPage\":{\"@id\":\"https:\/\/www.gianbattista.it\/cms\/bayadere-sissonne\/#primaryimage\"},\"image\":{\"@id\":\"https:\/\/www.gianbattista.it\/cms\/bayadere-sissonne\/#primaryimage\"},\"thumbnailUrl\":\"https:\/\/www.gianbattista.it\/cms\/wp-content\/uploads\/2012\/03\/626g-17614.jpg\",\"datePublished\":\"2012-08-01T10:12:49+00:00\",\"dateModified\":\"2015-05-23T17:14:23+00:00\",\"breadcrumb\":{\"@id\":\"https:\/\/www.gianbattista.it\/cms\/bayadere-sissonne\/#breadcrumb\"},\"inLanguage\":\"it-IT\",\"potentialAction\":[{\"@type\":\"ReadAction\",\"target\":[\"https:\/\/www.gianbattista.it\/cms\/bayadere-sissonne\/\"]}]},{\"@type\":\"ImageObject\",\"inLanguage\":\"it-IT\",\"@id\":\"https:\/\/www.gianbattista.it\/cms\/bayadere-sissonne\/#primaryimage\",\"url\":\"https:\/\/www.gianbattista.it\/cms\/wp-content\/uploads\/2012\/03\/626g-17614.jpg\",\"contentUrl\":\"https:\/\/www.gianbattista.it\/cms\/wp-content\/uploads\/2012\/03\/626g-17614.jpg\",\"width\":626,\"height\":352},{\"@type\":\"BreadcrumbList\",\"@id\":\"https:\/\/www.gianbattista.it\/cms\/bayadere-sissonne\/#breadcrumb\",\"itemListElement\":[{\"@type\":\"ListItem\",\"position\":1,\"name\":\"Home\",\"item\":\"https:\/\/www.gianbattista.it\/cms\/\"},{\"@type\":\"ListItem\",\"position\":2,\"name\":\"la Bayad\u00e8re\"}]},{\"@type\":\"WebSite\",\"@id\":\"https:\/\/www.gianbattista.it\/cms\/#website\",\"url\":\"https:\/\/www.gianbattista.it\/cms\/\",\"name\":\"Gian Battista Gualdi\",\"description\":\"chiediti sempre il meglio\",\"publisher\":{\"@id\":\"https:\/\/www.gianbattista.it\/cms\/#organization\"},\"potentialAction\":[{\"@type\":\"SearchAction\",\"target\":{\"@type\":\"EntryPoint\",\"urlTemplate\":\"https:\/\/www.gianbattista.it\/cms\/?s={search_term_string}\"},\"query-input\":{\"@type\":\"PropertyValueSpecification\",\"valueRequired\":true,\"valueName\":\"search_term_string\"}}],\"inLanguage\":\"it-IT\"},{\"@type\":\"Organization\",\"@id\":\"https:\/\/www.gianbattista.it\/cms\/#organization\",\"name\":\"Gian Battista Gualdi\",\"url\":\"https:\/\/www.gianbattista.it\/cms\/\",\"logo\":{\"@type\":\"ImageObject\",\"inLanguage\":\"it-IT\",\"@id\":\"https:\/\/www.gianbattista.it\/cms\/#\/schema\/logo\/image\/\",\"url\":\"https:\/\/www.gianbattista.it\/cms\/wp-content\/uploads\/2016\/07\/GBG150.png\",\"contentUrl\":\"https:\/\/www.gianbattista.it\/cms\/wp-content\/uploads\/2016\/07\/GBG150.png\",\"width\":105,\"height\":70,\"caption\":\"Gian Battista Gualdi\"},\"image\":{\"@id\":\"https:\/\/www.gianbattista.it\/cms\/#\/schema\/logo\/image\/\"},\"sameAs\":[\"https:\/\/www.facebook.com\/gianbattistagualdi\",\"https:\/\/x.com\/gualdigb\",\"https:\/\/www.linkedin.com\/in\/gian-battista-gualdi-08781941?authType=NAME_SEARCH&amp;amp;amp;authToken=gMGk&amp;amp;amp;locale=it_IT&amp;amp;amp;trk=tyah&amp;amp;amp;trkInfo=clickedVertical:mynetwork,clickedEntityId:148340263,authType:NAME_SEARCH,idx:1-1-1,tarId:1467301191561,tas:gian battista\",\"https:\/\/www.youtube.com\/channel\/UC-02_zSXunzSWcH89_GVN_w\"]},{\"@type\":\"Person\",\"@id\":\"https:\/\/www.gianbattista.it\/cms\/#\/schema\/person\/1058c2e181b77adf83fbd7af6dfdda01\",\"name\":\"adminsito\",\"image\":{\"@type\":\"ImageObject\",\"inLanguage\":\"it-IT\",\"@id\":\"https:\/\/www.gianbattista.it\/cms\/#\/schema\/person\/image\/\",\"url\":\"https:\/\/secure.gravatar.com\/avatar\/66532d5a7693aa019d73b60d47ff5d5f?s=96&d=identicon&r=g\",\"contentUrl\":\"https:\/\/secure.gravatar.com\/avatar\/66532d5a7693aa019d73b60d47ff5d5f?s=96&d=identicon&r=g\",\"caption\":\"adminsito\"},\"sameAs\":[\"https:\/\/www.gianbattista.it\",\"https:\/\/www.facebook.com\/gianbattistagualdi\"],\"url\":\"https:\/\/www.gianbattista.it\/cms\/author\/admin\/\"}]}<\/script>\n<!-- \/ Yoast SEO plugin. -->","yoast_head_json":{"title":"la Bayad\u00e8re - Gian Battista Gualdi","robots":{"index":"index","follow":"follow","max-snippet":"max-snippet:-1","max-image-preview":"max-image-preview:large","max-video-preview":"max-video-preview:-1"},"canonical":"https:\/\/www.gianbattista.it\/cms\/bayadere-sissonne\/","og_locale":"it_IT","og_type":"article","og_title":"la Bayad\u00e8re - Gian Battista Gualdi","og_description":"La Bayadere (La danzatrice del tempio) (in russo \u0411\u0430\u044f\u0434\u0435\u0440\u043a\u0430 &#8211; Bayaderka) \u00e8 un balletto in 4 atti e 7 scene con apoteosi, la coreografia \u00e8 di Marius Petipa, la musica \u00e8 di Ludwig Minkus. Il libretto \u00e8 di Serghei Khudekov. Le scene e i costumi sono di I. Andreev, M. Bocharov, P. Lambin, A. Roller, [&hellip;]","og_url":"https:\/\/www.gianbattista.it\/cms\/bayadere-sissonne\/","og_site_name":"Gian Battista Gualdi","article_publisher":"https:\/\/www.facebook.com\/gianbattistagualdi","article_author":"https:\/\/www.facebook.com\/gianbattistagualdi","article_published_time":"2012-08-01T10:12:49+00:00","article_modified_time":"2015-05-23T17:14:23+00:00","og_image":[{"width":626,"height":352,"url":"https:\/\/www.gianbattista.it\/cms\/wp-content\/uploads\/2012\/03\/626g-17614.jpg","type":"image\/jpeg"}],"author":"adminsito","twitter_misc":{"Scritto da":"adminsito","Tempo di lettura stimato":"1 minuto"},"schema":{"@context":"https:\/\/schema.org","@graph":[{"@type":"Article","@id":"https:\/\/www.gianbattista.it\/cms\/bayadere-sissonne\/#article","isPartOf":{"@id":"https:\/\/www.gianbattista.it\/cms\/bayadere-sissonne\/"},"author":{"name":"adminsito","@id":"https:\/\/www.gianbattista.it\/cms\/#\/schema\/person\/1058c2e181b77adf83fbd7af6dfdda01"},"headline":"la Bayad\u00e8re","datePublished":"2012-08-01T10:12:49+00:00","dateModified":"2015-05-23T17:14:23+00:00","mainEntityOfPage":{"@id":"https:\/\/www.gianbattista.it\/cms\/bayadere-sissonne\/"},"wordCount":278,"publisher":{"@id":"https:\/\/www.gianbattista.it\/cms\/#organization"},"image":{"@id":"https:\/\/www.gianbattista.it\/cms\/bayadere-sissonne\/#primaryimage"},"thumbnailUrl":"https:\/\/www.gianbattista.it\/cms\/wp-content\/uploads\/2012\/03\/626g-17614.jpg","articleSection":["comunicAzione"],"inLanguage":"it-IT"},{"@type":"WebPage","@id":"https:\/\/www.gianbattista.it\/cms\/bayadere-sissonne\/","url":"https:\/\/www.gianbattista.it\/cms\/bayadere-sissonne\/","name":"la Bayad\u00e8re - Gian Battista Gualdi","isPartOf":{"@id":"https:\/\/www.gianbattista.it\/cms\/#website"},"primaryImageOfPage":{"@id":"https:\/\/www.gianbattista.it\/cms\/bayadere-sissonne\/#primaryimage"},"image":{"@id":"https:\/\/www.gianbattista.it\/cms\/bayadere-sissonne\/#primaryimage"},"thumbnailUrl":"https:\/\/www.gianbattista.it\/cms\/wp-content\/uploads\/2012\/03\/626g-17614.jpg","datePublished":"2012-08-01T10:12:49+00:00","dateModified":"2015-05-23T17:14:23+00:00","breadcrumb":{"@id":"https:\/\/www.gianbattista.it\/cms\/bayadere-sissonne\/#breadcrumb"},"inLanguage":"it-IT","potentialAction":[{"@type":"ReadAction","target":["https:\/\/www.gianbattista.it\/cms\/bayadere-sissonne\/"]}]},{"@type":"ImageObject","inLanguage":"it-IT","@id":"https:\/\/www.gianbattista.it\/cms\/bayadere-sissonne\/#primaryimage","url":"https:\/\/www.gianbattista.it\/cms\/wp-content\/uploads\/2012\/03\/626g-17614.jpg","contentUrl":"https:\/\/www.gianbattista.it\/cms\/wp-content\/uploads\/2012\/03\/626g-17614.jpg","width":626,"height":352},{"@type":"BreadcrumbList","@id":"https:\/\/www.gianbattista.it\/cms\/bayadere-sissonne\/#breadcrumb","itemListElement":[{"@type":"ListItem","position":1,"name":"Home","item":"https:\/\/www.gianbattista.it\/cms\/"},{"@type":"ListItem","position":2,"name":"la Bayad\u00e8re"}]},{"@type":"WebSite","@id":"https:\/\/www.gianbattista.it\/cms\/#website","url":"https:\/\/www.gianbattista.it\/cms\/","name":"Gian Battista Gualdi","description":"chiediti sempre il meglio","publisher":{"@id":"https:\/\/www.gianbattista.it\/cms\/#organization"},"potentialAction":[{"@type":"SearchAction","target":{"@type":"EntryPoint","urlTemplate":"https:\/\/www.gianbattista.it\/cms\/?s={search_term_string}"},"query-input":{"@type":"PropertyValueSpecification","valueRequired":true,"valueName":"search_term_string"}}],"inLanguage":"it-IT"},{"@type":"Organization","@id":"https:\/\/www.gianbattista.it\/cms\/#organization","name":"Gian Battista Gualdi","url":"https:\/\/www.gianbattista.it\/cms\/","logo":{"@type":"ImageObject","inLanguage":"it-IT","@id":"https:\/\/www.gianbattista.it\/cms\/#\/schema\/logo\/image\/","url":"https:\/\/www.gianbattista.it\/cms\/wp-content\/uploads\/2016\/07\/GBG150.png","contentUrl":"https:\/\/www.gianbattista.it\/cms\/wp-content\/uploads\/2016\/07\/GBG150.png","width":105,"height":70,"caption":"Gian Battista Gualdi"},"image":{"@id":"https:\/\/www.gianbattista.it\/cms\/#\/schema\/logo\/image\/"},"sameAs":["https:\/\/www.facebook.com\/gianbattistagualdi","https:\/\/x.com\/gualdigb","https:\/\/www.linkedin.com\/in\/gian-battista-gualdi-08781941?authType=NAME_SEARCH&amp;amp;amp;authToken=gMGk&amp;amp;amp;locale=it_IT&amp;amp;amp;trk=tyah&amp;amp;amp;trkInfo=clickedVertical:mynetwork,clickedEntityId:148340263,authType:NAME_SEARCH,idx:1-1-1,tarId:1467301191561,tas:gian battista","https:\/\/www.youtube.com\/channel\/UC-02_zSXunzSWcH89_GVN_w"]},{"@type":"Person","@id":"https:\/\/www.gianbattista.it\/cms\/#\/schema\/person\/1058c2e181b77adf83fbd7af6dfdda01","name":"adminsito","image":{"@type":"ImageObject","inLanguage":"it-IT","@id":"https:\/\/www.gianbattista.it\/cms\/#\/schema\/person\/image\/","url":"https:\/\/secure.gravatar.com\/avatar\/66532d5a7693aa019d73b60d47ff5d5f?s=96&d=identicon&r=g","contentUrl":"https:\/\/secure.gravatar.com\/avatar\/66532d5a7693aa019d73b60d47ff5d5f?s=96&d=identicon&r=g","caption":"adminsito"},"sameAs":["https:\/\/www.gianbattista.it","https:\/\/www.facebook.com\/gianbattistagualdi"],"url":"https:\/\/www.gianbattista.it\/cms\/author\/admin\/"}]}},"_links":{"self":[{"href":"https:\/\/www.gianbattista.it\/cms\/wp-json\/wp\/v2\/posts\/439"}],"collection":[{"href":"https:\/\/www.gianbattista.it\/cms\/wp-json\/wp\/v2\/posts"}],"about":[{"href":"https:\/\/www.gianbattista.it\/cms\/wp-json\/wp\/v2\/types\/post"}],"author":[{"embeddable":true,"href":"https:\/\/www.gianbattista.it\/cms\/wp-json\/wp\/v2\/users\/2"}],"replies":[{"embeddable":true,"href":"https:\/\/www.gianbattista.it\/cms\/wp-json\/wp\/v2\/comments?post=439"}],"version-history":[{"count":0,"href":"https:\/\/www.gianbattista.it\/cms\/wp-json\/wp\/v2\/posts\/439\/revisions"}],"wp:featuredmedia":[{"embeddable":true,"href":"https:\/\/www.gianbattista.it\/cms\/wp-json\/wp\/v2\/media\/331"}],"wp:attachment":[{"href":"https:\/\/www.gianbattista.it\/cms\/wp-json\/wp\/v2\/media?parent=439"}],"wp:term":[{"taxonomy":"category","embeddable":true,"href":"https:\/\/www.gianbattista.it\/cms\/wp-json\/wp\/v2\/categories?post=439"},{"taxonomy":"post_tag","embeddable":true,"href":"https:\/\/www.gianbattista.it\/cms\/wp-json\/wp\/v2\/tags?post=439"}],"curies":[{"name":"wp","href":"https:\/\/api.w.org\/{rel}","templated":true}]}}