{"id":4632,"date":"2017-09-29T08:10:06","date_gmt":"2017-09-29T06:10:06","guid":{"rendered":"https:\/\/www.gianbattista.it\/cms\/?p=4632"},"modified":"2019-07-10T17:04:26","modified_gmt":"2019-07-10T15:04:26","slug":"affinita-e-opportunita","status":"publish","type":"post","link":"https:\/\/www.gianbattista.it\/cms\/affinita-e-opportunita\/","title":{"rendered":"Affinit\u00e0: se lo fanno loro perch\u00e9 non lo possiamo fare anche noi?"},"content":{"rendered":"<p>[et_pb_section bb_built=&#8221;1&#8243;][et_pb_row][et_pb_column type=&#8221;4_4&#8243;][et_pb_text _builder_version=&#8221;3.0.76&#8243; background_layout=&#8221;light&#8221; border_style=&#8221;solid&#8221;]<\/p>\n<h3>Le diversit\u00e0 spesso sono affinit\u00e0.<\/h3>\n<p>Ma se lo fanno loro perch\u00e9 non lo possiamo fare anche noi?<\/p>\n<p>Oggi hai l&#8217;occasione di fare qualcosa di speciale che pu\u00f2 cambiarti la giornata, la settimana o forse la tua vita. Abbraccia una persona che non conosci e se non ce la fai raccontagli una storia e sarai, a tuo modo, felice di averlo fatto. Questa, per te, sar\u00e0 un&#8217;affinit\u00e0 elettiva.<\/p>\n<p>La differenza tra affinit\u00e0 di coppia e affinit\u00e0<a href=\"http:\/\/www.lettera43.it\/it\/guide\/cultura\/2013\/10\/09\/che-cosa-sono-le-affinita-elettive\/871\/\"> elettiva<\/a> \u00e8 nell\u2019eccezionalit\u00e0 della seconda e nel suo non essere \u201climitata\u201d al rapporto amoroso, ma estendibile a diversi gradi di affinit\u00e0.<\/p>\n<p>[\/et_pb_text][et_pb_text _builder_version=&#8221;3.0.76&#8243; background_layout=&#8221;light&#8221; border_style=&#8221;solid&#8221;]<\/p>\n<h4>il\u00a0Mahatma Gandhi (Mohandas Karmchand Gandhi) diceva Tu ed io siamo una cosa sola. Non posso farti del male senza ferirmi.<\/h4>\n<p>[\/et_pb_text][et_pb_text _builder_version=&#8221;3.0.76&#8243; background_layout=&#8221;light&#8221; border_style=&#8221;solid&#8221;]<\/p>\n<h1>guarda il video sotto<\/h1>\n<p>[\/et_pb_text][\/et_pb_column][\/et_pb_row][\/et_pb_section][et_pb_section bb_built=&#8221;1&#8243; fullwidth=&#8221;on&#8221; specialty=&#8221;off&#8221;][et_pb_fullwidth_code _builder_version=&#8221;3.0.76&#8243;]&lt;iframe src=&#8221;https:\/\/player.vimeo.com\/video\/236034308&#8243; width=&#8221;640&#8243; height=&#8221;358&#8243; frameborder=&#8221;0&#8243; webkitallowfullscreen mozallowfullscreen allowfullscreen&gt;&lt;\/iframe&gt;[\/et_pb_fullwidth_code][\/et_pb_section]<\/p>\n","protected":false},"excerpt":{"rendered":"<p>Le diversit\u00e0 spesso sono opportunit\u00e0.<\/p>\n<p>il\u00a0Mahatma Gandhi (Mohandas Karmchand Gandhi) diceva Tu ed io siamo una cosa sola. Non posso farti del male senza ferirmi.<\/p>\n<p>ma se lo fanno loro perch\u00e9 non lo possiamo fare anche noi.<\/p>\n","protected":false},"author":2,"featured_media":4634,"comment_status":"closed","ping_status":"closed","sticky":false,"template":"","format":"standard","meta":{"_et_pb_use_builder":"on","_et_pb_old_content":"<p>Le diversit\u00e0 spesso sono affinit\u00e0.<\/p><p>ma se lo fanno loro perch\u00e9 non lo possiamo fare anche noi.<\/p>","_et_gb_content_width":"","footnotes":""},"categories":[1],"tags":[],"yoast_head":"<!-- This site is optimized with the Yoast SEO plugin v23.4 - https:\/\/yoast.com\/wordpress\/plugins\/seo\/ -->\n<title>Affinit\u00e0 e opportunit\u00e0 - L&#039;essere diversi - Gian Battista Gualdi<\/title>\n<meta name=\"description\" content=\"Affinit\u00e0 e opportunit\u00e0 sono spesso Diversit\u00e0. il\u00a0Mahatma Gandhi diceva Tu ed io siamo una cosa sola. Non posso farti del male senza ferirmi.\" \/>\n<meta name=\"robots\" content=\"index, follow, max-snippet:-1, max-image-preview:large, max-video-preview:-1\" \/>\n<link rel=\"canonical\" href=\"https:\/\/www.gianbattista.it\/cms\/affinita-e-opportunita\/\" \/>\n<meta property=\"og:locale\" content=\"it_IT\" \/>\n<meta property=\"og:type\" content=\"article\" \/>\n<meta property=\"og:title\" content=\"Affinit\u00e0 e opportunit\u00e0 - L&#039;essere diversi - Gian Battista Gualdi\" \/>\n<meta property=\"og:description\" content=\"Affinit\u00e0 e opportunit\u00e0 sono spesso Diversit\u00e0. il\u00a0Mahatma Gandhi diceva Tu ed io siamo una cosa sola. Non posso farti del male senza ferirmi.\" \/>\n<meta property=\"og:url\" content=\"https:\/\/www.gianbattista.it\/cms\/affinita-e-opportunita\/\" \/>\n<meta property=\"og:site_name\" content=\"Gian Battista Gualdi\" \/>\n<meta property=\"article:publisher\" content=\"https:\/\/www.facebook.com\/gianbattistagualdi\" \/>\n<meta property=\"article:author\" content=\"https:\/\/www.facebook.com\/gianbattistagualdi\" \/>\n<meta property=\"article:published_time\" content=\"2017-09-29T06:10:06+00:00\" \/>\n<meta property=\"article:modified_time\" content=\"2019-07-10T15:04:26+00:00\" \/>\n<meta property=\"og:image\" content=\"https:\/\/www.gianbattista.it\/cms\/wp-content\/uploads\/2017\/09\/affinit\u00e0.jpg\" \/>\n\t<meta property=\"og:image:width\" content=\"851\" \/>\n\t<meta property=\"og:image:height\" content=\"315\" \/>\n\t<meta property=\"og:image:type\" content=\"image\/jpeg\" \/>\n<meta name=\"author\" content=\"adminsito\" \/>\n<meta name=\"twitter:label1\" content=\"Scritto da\" \/>\n\t<meta name=\"twitter:data1\" content=\"adminsito\" \/>\n\t<meta name=\"twitter:label2\" content=\"Tempo di lettura stimato\" \/>\n\t<meta name=\"twitter:data2\" content=\"1 minuto\" \/>\n<script type=\"application\/ld+json\" class=\"yoast-schema-graph\">{\"@context\":\"https:\/\/schema.org\",\"@graph\":[{\"@type\":\"Article\",\"@id\":\"https:\/\/www.gianbattista.it\/cms\/affinita-e-opportunita\/#article\",\"isPartOf\":{\"@id\":\"https:\/\/www.gianbattista.it\/cms\/affinita-e-opportunita\/\"},\"author\":{\"name\":\"adminsito\",\"@id\":\"https:\/\/www.gianbattista.it\/cms\/#\/schema\/person\/1058c2e181b77adf83fbd7af6dfdda01\"},\"headline\":\"Affinit\u00e0: se lo fanno loro perch\u00e9 non lo possiamo fare anche noi?\",\"datePublished\":\"2017-09-29T06:10:06+00:00\",\"dateModified\":\"2019-07-10T15:04:26+00:00\",\"mainEntityOfPage\":{\"@id\":\"https:\/\/www.gianbattista.it\/cms\/affinita-e-opportunita\/\"},\"wordCount\":238,\"publisher\":{\"@id\":\"https:\/\/www.gianbattista.it\/cms\/#organization\"},\"image\":{\"@id\":\"https:\/\/www.gianbattista.it\/cms\/affinita-e-opportunita\/#primaryimage\"},\"thumbnailUrl\":\"https:\/\/www.gianbattista.it\/cms\/wp-content\/uploads\/2017\/09\/affinit\u00e0.jpg\",\"articleSection\":[\"comunicAzione\"],\"inLanguage\":\"it-IT\"},{\"@type\":\"WebPage\",\"@id\":\"https:\/\/www.gianbattista.it\/cms\/affinita-e-opportunita\/\",\"url\":\"https:\/\/www.gianbattista.it\/cms\/affinita-e-opportunita\/\",\"name\":\"Affinit\u00e0 e opportunit\u00e0 - L'essere diversi - Gian Battista Gualdi\",\"isPartOf\":{\"@id\":\"https:\/\/www.gianbattista.it\/cms\/#website\"},\"primaryImageOfPage\":{\"@id\":\"https:\/\/www.gianbattista.it\/cms\/affinita-e-opportunita\/#primaryimage\"},\"image\":{\"@id\":\"https:\/\/www.gianbattista.it\/cms\/affinita-e-opportunita\/#primaryimage\"},\"thumbnailUrl\":\"https:\/\/www.gianbattista.it\/cms\/wp-content\/uploads\/2017\/09\/affinit\u00e0.jpg\",\"datePublished\":\"2017-09-29T06:10:06+00:00\",\"dateModified\":\"2019-07-10T15:04:26+00:00\",\"description\":\"Affinit\u00e0 e opportunit\u00e0 sono spesso Diversit\u00e0. il\u00a0Mahatma Gandhi diceva Tu ed io siamo una cosa sola. Non posso farti del male senza ferirmi.\",\"breadcrumb\":{\"@id\":\"https:\/\/www.gianbattista.it\/cms\/affinita-e-opportunita\/#breadcrumb\"},\"inLanguage\":\"it-IT\",\"potentialAction\":[{\"@type\":\"ReadAction\",\"target\":[\"https:\/\/www.gianbattista.it\/cms\/affinita-e-opportunita\/\"]}]},{\"@type\":\"ImageObject\",\"inLanguage\":\"it-IT\",\"@id\":\"https:\/\/www.gianbattista.it\/cms\/affinita-e-opportunita\/#primaryimage\",\"url\":\"https:\/\/www.gianbattista.it\/cms\/wp-content\/uploads\/2017\/09\/affinit\u00e0.jpg\",\"contentUrl\":\"https:\/\/www.gianbattista.it\/cms\/wp-content\/uploads\/2017\/09\/affinit\u00e0.jpg\",\"width\":851,\"height\":315,\"caption\":\"affinit\u00e0\"},{\"@type\":\"BreadcrumbList\",\"@id\":\"https:\/\/www.gianbattista.it\/cms\/affinita-e-opportunita\/#breadcrumb\",\"itemListElement\":[{\"@type\":\"ListItem\",\"position\":1,\"name\":\"Home\",\"item\":\"https:\/\/www.gianbattista.it\/cms\/\"},{\"@type\":\"ListItem\",\"position\":2,\"name\":\"Affinit\u00e0: se lo fanno loro perch\u00e9 non lo possiamo fare anche noi?\"}]},{\"@type\":\"WebSite\",\"@id\":\"https:\/\/www.gianbattista.it\/cms\/#website\",\"url\":\"https:\/\/www.gianbattista.it\/cms\/\",\"name\":\"Gian Battista Gualdi\",\"description\":\"chiediti sempre il meglio\",\"publisher\":{\"@id\":\"https:\/\/www.gianbattista.it\/cms\/#organization\"},\"potentialAction\":[{\"@type\":\"SearchAction\",\"target\":{\"@type\":\"EntryPoint\",\"urlTemplate\":\"https:\/\/www.gianbattista.it\/cms\/?s={search_term_string}\"},\"query-input\":{\"@type\":\"PropertyValueSpecification\",\"valueRequired\":true,\"valueName\":\"search_term_string\"}}],\"inLanguage\":\"it-IT\"},{\"@type\":\"Organization\",\"@id\":\"https:\/\/www.gianbattista.it\/cms\/#organization\",\"name\":\"Gian Battista Gualdi\",\"url\":\"https:\/\/www.gianbattista.it\/cms\/\",\"logo\":{\"@type\":\"ImageObject\",\"inLanguage\":\"it-IT\",\"@id\":\"https:\/\/www.gianbattista.it\/cms\/#\/schema\/logo\/image\/\",\"url\":\"https:\/\/www.gianbattista.it\/cms\/wp-content\/uploads\/2016\/07\/GBG150.png\",\"contentUrl\":\"https:\/\/www.gianbattista.it\/cms\/wp-content\/uploads\/2016\/07\/GBG150.png\",\"width\":105,\"height\":70,\"caption\":\"Gian Battista Gualdi\"},\"image\":{\"@id\":\"https:\/\/www.gianbattista.it\/cms\/#\/schema\/logo\/image\/\"},\"sameAs\":[\"https:\/\/www.facebook.com\/gianbattistagualdi\",\"https:\/\/x.com\/gualdigb\",\"https:\/\/www.linkedin.com\/in\/gian-battista-gualdi-08781941?authType=NAME_SEARCH&amp;amp;amp;authToken=gMGk&amp;amp;amp;locale=it_IT&amp;amp;amp;trk=tyah&amp;amp;amp;trkInfo=clickedVertical:mynetwork,clickedEntityId:148340263,authType:NAME_SEARCH,idx:1-1-1,tarId:1467301191561,tas:gian battista\",\"https:\/\/www.youtube.com\/channel\/UC-02_zSXunzSWcH89_GVN_w\"]},{\"@type\":\"Person\",\"@id\":\"https:\/\/www.gianbattista.it\/cms\/#\/schema\/person\/1058c2e181b77adf83fbd7af6dfdda01\",\"name\":\"adminsito\",\"image\":{\"@type\":\"ImageObject\",\"inLanguage\":\"it-IT\",\"@id\":\"https:\/\/www.gianbattista.it\/cms\/#\/schema\/person\/image\/\",\"url\":\"https:\/\/secure.gravatar.com\/avatar\/66532d5a7693aa019d73b60d47ff5d5f?s=96&d=identicon&r=g\",\"contentUrl\":\"https:\/\/secure.gravatar.com\/avatar\/66532d5a7693aa019d73b60d47ff5d5f?s=96&d=identicon&r=g\",\"caption\":\"adminsito\"},\"sameAs\":[\"https:\/\/www.gianbattista.it\",\"https:\/\/www.facebook.com\/gianbattistagualdi\"],\"url\":\"https:\/\/www.gianbattista.it\/cms\/author\/admin\/\"}]}<\/script>\n<!-- \/ Yoast SEO plugin. -->","yoast_head_json":{"title":"Affinit\u00e0 e opportunit\u00e0 - L'essere diversi - Gian Battista Gualdi","description":"Affinit\u00e0 e opportunit\u00e0 sono spesso Diversit\u00e0. il\u00a0Mahatma Gandhi diceva Tu ed io siamo una cosa sola. Non posso farti del male senza ferirmi.","robots":{"index":"index","follow":"follow","max-snippet":"max-snippet:-1","max-image-preview":"max-image-preview:large","max-video-preview":"max-video-preview:-1"},"canonical":"https:\/\/www.gianbattista.it\/cms\/affinita-e-opportunita\/","og_locale":"it_IT","og_type":"article","og_title":"Affinit\u00e0 e opportunit\u00e0 - L'essere diversi - Gian Battista Gualdi","og_description":"Affinit\u00e0 e opportunit\u00e0 sono spesso Diversit\u00e0. il\u00a0Mahatma Gandhi diceva Tu ed io siamo una cosa sola. Non posso farti del male senza ferirmi.","og_url":"https:\/\/www.gianbattista.it\/cms\/affinita-e-opportunita\/","og_site_name":"Gian Battista Gualdi","article_publisher":"https:\/\/www.facebook.com\/gianbattistagualdi","article_author":"https:\/\/www.facebook.com\/gianbattistagualdi","article_published_time":"2017-09-29T06:10:06+00:00","article_modified_time":"2019-07-10T15:04:26+00:00","og_image":[{"width":851,"height":315,"url":"https:\/\/www.gianbattista.it\/cms\/wp-content\/uploads\/2017\/09\/affinit\u00e0.jpg","type":"image\/jpeg"}],"author":"adminsito","twitter_misc":{"Scritto da":"adminsito","Tempo di lettura stimato":"1 minuto"},"schema":{"@context":"https:\/\/schema.org","@graph":[{"@type":"Article","@id":"https:\/\/www.gianbattista.it\/cms\/affinita-e-opportunita\/#article","isPartOf":{"@id":"https:\/\/www.gianbattista.it\/cms\/affinita-e-opportunita\/"},"author":{"name":"adminsito","@id":"https:\/\/www.gianbattista.it\/cms\/#\/schema\/person\/1058c2e181b77adf83fbd7af6dfdda01"},"headline":"Affinit\u00e0: se lo fanno loro perch\u00e9 non lo possiamo fare anche noi?","datePublished":"2017-09-29T06:10:06+00:00","dateModified":"2019-07-10T15:04:26+00:00","mainEntityOfPage":{"@id":"https:\/\/www.gianbattista.it\/cms\/affinita-e-opportunita\/"},"wordCount":238,"publisher":{"@id":"https:\/\/www.gianbattista.it\/cms\/#organization"},"image":{"@id":"https:\/\/www.gianbattista.it\/cms\/affinita-e-opportunita\/#primaryimage"},"thumbnailUrl":"https:\/\/www.gianbattista.it\/cms\/wp-content\/uploads\/2017\/09\/affinit\u00e0.jpg","articleSection":["comunicAzione"],"inLanguage":"it-IT"},{"@type":"WebPage","@id":"https:\/\/www.gianbattista.it\/cms\/affinita-e-opportunita\/","url":"https:\/\/www.gianbattista.it\/cms\/affinita-e-opportunita\/","name":"Affinit\u00e0 e opportunit\u00e0 - L'essere diversi - Gian Battista Gualdi","isPartOf":{"@id":"https:\/\/www.gianbattista.it\/cms\/#website"},"primaryImageOfPage":{"@id":"https:\/\/www.gianbattista.it\/cms\/affinita-e-opportunita\/#primaryimage"},"image":{"@id":"https:\/\/www.gianbattista.it\/cms\/affinita-e-opportunita\/#primaryimage"},"thumbnailUrl":"https:\/\/www.gianbattista.it\/cms\/wp-content\/uploads\/2017\/09\/affinit\u00e0.jpg","datePublished":"2017-09-29T06:10:06+00:00","dateModified":"2019-07-10T15:04:26+00:00","description":"Affinit\u00e0 e opportunit\u00e0 sono spesso Diversit\u00e0. il\u00a0Mahatma Gandhi diceva Tu ed io siamo una cosa sola. Non posso farti del male senza ferirmi.","breadcrumb":{"@id":"https:\/\/www.gianbattista.it\/cms\/affinita-e-opportunita\/#breadcrumb"},"inLanguage":"it-IT","potentialAction":[{"@type":"ReadAction","target":["https:\/\/www.gianbattista.it\/cms\/affinita-e-opportunita\/"]}]},{"@type":"ImageObject","inLanguage":"it-IT","@id":"https:\/\/www.gianbattista.it\/cms\/affinita-e-opportunita\/#primaryimage","url":"https:\/\/www.gianbattista.it\/cms\/wp-content\/uploads\/2017\/09\/affinit\u00e0.jpg","contentUrl":"https:\/\/www.gianbattista.it\/cms\/wp-content\/uploads\/2017\/09\/affinit\u00e0.jpg","width":851,"height":315,"caption":"affinit\u00e0"},{"@type":"BreadcrumbList","@id":"https:\/\/www.gianbattista.it\/cms\/affinita-e-opportunita\/#breadcrumb","itemListElement":[{"@type":"ListItem","position":1,"name":"Home","item":"https:\/\/www.gianbattista.it\/cms\/"},{"@type":"ListItem","position":2,"name":"Affinit\u00e0: se lo fanno loro perch\u00e9 non lo possiamo fare anche noi?"}]},{"@type":"WebSite","@id":"https:\/\/www.gianbattista.it\/cms\/#website","url":"https:\/\/www.gianbattista.it\/cms\/","name":"Gian Battista Gualdi","description":"chiediti sempre il meglio","publisher":{"@id":"https:\/\/www.gianbattista.it\/cms\/#organization"},"potentialAction":[{"@type":"SearchAction","target":{"@type":"EntryPoint","urlTemplate":"https:\/\/www.gianbattista.it\/cms\/?s={search_term_string}"},"query-input":{"@type":"PropertyValueSpecification","valueRequired":true,"valueName":"search_term_string"}}],"inLanguage":"it-IT"},{"@type":"Organization","@id":"https:\/\/www.gianbattista.it\/cms\/#organization","name":"Gian Battista Gualdi","url":"https:\/\/www.gianbattista.it\/cms\/","logo":{"@type":"ImageObject","inLanguage":"it-IT","@id":"https:\/\/www.gianbattista.it\/cms\/#\/schema\/logo\/image\/","url":"https:\/\/www.gianbattista.it\/cms\/wp-content\/uploads\/2016\/07\/GBG150.png","contentUrl":"https:\/\/www.gianbattista.it\/cms\/wp-content\/uploads\/2016\/07\/GBG150.png","width":105,"height":70,"caption":"Gian Battista Gualdi"},"image":{"@id":"https:\/\/www.gianbattista.it\/cms\/#\/schema\/logo\/image\/"},"sameAs":["https:\/\/www.facebook.com\/gianbattistagualdi","https:\/\/x.com\/gualdigb","https:\/\/www.linkedin.com\/in\/gian-battista-gualdi-08781941?authType=NAME_SEARCH&amp;amp;amp;authToken=gMGk&amp;amp;amp;locale=it_IT&amp;amp;amp;trk=tyah&amp;amp;amp;trkInfo=clickedVertical:mynetwork,clickedEntityId:148340263,authType:NAME_SEARCH,idx:1-1-1,tarId:1467301191561,tas:gian battista","https:\/\/www.youtube.com\/channel\/UC-02_zSXunzSWcH89_GVN_w"]},{"@type":"Person","@id":"https:\/\/www.gianbattista.it\/cms\/#\/schema\/person\/1058c2e181b77adf83fbd7af6dfdda01","name":"adminsito","image":{"@type":"ImageObject","inLanguage":"it-IT","@id":"https:\/\/www.gianbattista.it\/cms\/#\/schema\/person\/image\/","url":"https:\/\/secure.gravatar.com\/avatar\/66532d5a7693aa019d73b60d47ff5d5f?s=96&d=identicon&r=g","contentUrl":"https:\/\/secure.gravatar.com\/avatar\/66532d5a7693aa019d73b60d47ff5d5f?s=96&d=identicon&r=g","caption":"adminsito"},"sameAs":["https:\/\/www.gianbattista.it","https:\/\/www.facebook.com\/gianbattistagualdi"],"url":"https:\/\/www.gianbattista.it\/cms\/author\/admin\/"}]}},"_links":{"self":[{"href":"https:\/\/www.gianbattista.it\/cms\/wp-json\/wp\/v2\/posts\/4632"}],"collection":[{"href":"https:\/\/www.gianbattista.it\/cms\/wp-json\/wp\/v2\/posts"}],"about":[{"href":"https:\/\/www.gianbattista.it\/cms\/wp-json\/wp\/v2\/types\/post"}],"author":[{"embeddable":true,"href":"https:\/\/www.gianbattista.it\/cms\/wp-json\/wp\/v2\/users\/2"}],"replies":[{"embeddable":true,"href":"https:\/\/www.gianbattista.it\/cms\/wp-json\/wp\/v2\/comments?post=4632"}],"version-history":[{"count":0,"href":"https:\/\/www.gianbattista.it\/cms\/wp-json\/wp\/v2\/posts\/4632\/revisions"}],"wp:featuredmedia":[{"embeddable":true,"href":"https:\/\/www.gianbattista.it\/cms\/wp-json\/wp\/v2\/media\/4634"}],"wp:attachment":[{"href":"https:\/\/www.gianbattista.it\/cms\/wp-json\/wp\/v2\/media?parent=4632"}],"wp:term":[{"taxonomy":"category","embeddable":true,"href":"https:\/\/www.gianbattista.it\/cms\/wp-json\/wp\/v2\/categories?post=4632"},{"taxonomy":"post_tag","embeddable":true,"href":"https:\/\/www.gianbattista.it\/cms\/wp-json\/wp\/v2\/tags?post=4632"}],"curies":[{"name":"wp","href":"https:\/\/api.w.org\/{rel}","templated":true}]}}