{"id":813,"date":"2013-03-02T21:05:11","date_gmt":"2013-03-02T21:05:11","guid":{"rendered":"https:\/\/www.gianbattista.it\/cms\/?p=813"},"modified":"2016-09-20T08:06:00","modified_gmt":"2016-09-20T08:06:00","slug":"alessandro-magno-detto-il-grande","status":"publish","type":"post","link":"https:\/\/www.gianbattista.it\/cms\/alessandro-magno-detto-il-grande\/","title":{"rendered":"Tempo democratico &#8211; Alessandro Magno detto il Grande"},"content":{"rendered":"<p>[et_pb_section admin_label=&#8221;section&#8221;][et_pb_row admin_label=&#8221;row&#8221;][et_pb_column type=&#8221;4_4&#8243;][et_pb_text admin_label=&#8221;Testo&#8221; background_layout=&#8221;light&#8221; text_orientation=&#8221;left&#8221; use_border_color=&#8221;off&#8221; border_color=&#8221;#ffffff&#8221; border_style=&#8221;solid&#8221;]<\/p>\n<h2>tempo democratico<\/h2>\n<p>IL TEMPO \u00e8 il REGALO pi\u00f9 PREZIOSO che abbiamo perch\u00e9 \u00e8 LIMITATO.<\/p>\n<p>Il tempo \u00e8 uguale per tutti. Il tempo \u00e8 democratico<\/p>\n<p>Raccontiamo la storia di Alessandro Magno e di ci\u00f2 che pensiamo della vita e del tempo che dedichiamo agli altri<\/p>\n<p><!--more--><\/p>\n<h4><\/h4>\n<p>[\/et_pb_text][\/et_pb_column][\/et_pb_row][\/et_pb_section][et_pb_section admin_label=&#8221;Sezione&#8221; fullwidth=&#8221;on&#8221; specialty=&#8221;off&#8221;][et_pb_fullwidth_code admin_label=&#8221;video&#8221;]&lt;iframe src=&#8221;https:\/\/player.vimeo.com\/video\/58519602&#8243; width=&#8221;640&#8243; height=&#8221;360&#8243; frameborder=&#8221;0&#8243; allowfullscreen=&#8221;allowfullscreen&#8221;&gt;&lt;\/iframe&gt;[\/et_pb_fullwidth_code][\/et_pb_section]<\/p>\n","protected":false},"excerpt":{"rendered":"<p>Alessandro Magno detto il Grande<br \/>\nIL TEMPO \u00e8 il REGALO pi\u00f9 PREZIOSO che abbiamo perch\u00e9 \u00e8 LIMITATO, raccontiamo la storia di Alessandro Magno e di ci\u00f2 che pensiamo della vita e del tempo che dedichiamo agli altri<\/p>\n","protected":false},"author":2,"featured_media":827,"comment_status":"closed","ping_status":"closed","sticky":false,"template":"","format":"standard","meta":{"_et_pb_use_builder":"on","_et_pb_old_content":"<h2>Tempo democratico<\/h2>\r\n<h4>IL TEMPO \u00e8 il REGALO pi\u00f9 PREZIOSO che abbiamo perch\u00e9 \u00e8 LIMITATO, raccontiamo la storia di Alessandro Magno e di ci\u00f2 che pensiamo della vita e del tempo che dedichiamo agli altri<\/h4>\r\n<!--more-->\r\n<h4><\/h4>","_et_gb_content_width":"","footnotes":""},"categories":[1,4],"tags":[15,14,16],"yoast_head":"<!-- This site is optimized with the Yoast SEO plugin v23.4 - https:\/\/yoast.com\/wordpress\/plugins\/seo\/ -->\n<title>alessandro magno detto il grande - tempo democratico<\/title>\n<meta name=\"description\" content=\"IL TEMPO democratico \u00e8 il REGALO pi\u00f9 PREZIOSO che abbiamo perch\u00e9 \u00e8 LIMITATO, Alessandro Magno. pensiamo della vita e del tempo che dedichiamo agli altri\" \/>\n<meta name=\"robots\" content=\"index, follow, max-snippet:-1, max-image-preview:large, max-video-preview:-1\" \/>\n<link rel=\"canonical\" href=\"https:\/\/www.gianbattista.it\/cms\/alessandro-magno-detto-il-grande\/\" \/>\n<meta property=\"og:locale\" content=\"it_IT\" \/>\n<meta property=\"og:type\" content=\"article\" \/>\n<meta property=\"og:title\" content=\"alessandro magno detto il grande - tempo democratico\" \/>\n<meta property=\"og:description\" content=\"IL TEMPO democratico \u00e8 il REGALO pi\u00f9 PREZIOSO che abbiamo perch\u00e9 \u00e8 LIMITATO, Alessandro Magno. pensiamo della vita e del tempo che dedichiamo agli altri\" \/>\n<meta property=\"og:url\" content=\"https:\/\/www.gianbattista.it\/cms\/alessandro-magno-detto-il-grande\/\" \/>\n<meta property=\"og:site_name\" content=\"Gian Battista Gualdi\" \/>\n<meta property=\"article:publisher\" content=\"https:\/\/www.facebook.com\/gianbattistagualdi\" \/>\n<meta property=\"article:author\" content=\"https:\/\/www.facebook.com\/gianbattistagualdi\" \/>\n<meta property=\"article:published_time\" content=\"2013-03-02T21:05:11+00:00\" \/>\n<meta property=\"article:modified_time\" content=\"2016-09-20T08:06:00+00:00\" \/>\n<meta property=\"og:image\" content=\"https:\/\/www.gianbattista.it\/cms\/wp-content\/uploads\/2013\/03\/OrologioBLog.png\" \/>\n\t<meta property=\"og:image:width\" content=\"538\" \/>\n\t<meta property=\"og:image:height\" content=\"218\" \/>\n\t<meta property=\"og:image:type\" content=\"image\/png\" \/>\n<meta name=\"author\" content=\"adminsito\" \/>\n<meta name=\"twitter:label1\" content=\"Scritto da\" \/>\n\t<meta name=\"twitter:data1\" content=\"adminsito\" \/>\n\t<meta name=\"twitter:label2\" content=\"Tempo di lettura stimato\" \/>\n\t<meta name=\"twitter:data2\" content=\"1 minuto\" \/>\n<script type=\"application\/ld+json\" class=\"yoast-schema-graph\">{\"@context\":\"https:\/\/schema.org\",\"@graph\":[{\"@type\":\"Article\",\"@id\":\"https:\/\/www.gianbattista.it\/cms\/alessandro-magno-detto-il-grande\/#article\",\"isPartOf\":{\"@id\":\"https:\/\/www.gianbattista.it\/cms\/alessandro-magno-detto-il-grande\/\"},\"author\":{\"name\":\"adminsito\",\"@id\":\"https:\/\/www.gianbattista.it\/cms\/#\/schema\/person\/1058c2e181b77adf83fbd7af6dfdda01\"},\"headline\":\"Tempo democratico &#8211; Alessandro Magno detto il Grande\",\"datePublished\":\"2013-03-02T21:05:11+00:00\",\"dateModified\":\"2016-09-20T08:06:00+00:00\",\"mainEntityOfPage\":{\"@id\":\"https:\/\/www.gianbattista.it\/cms\/alessandro-magno-detto-il-grande\/\"},\"wordCount\":139,\"publisher\":{\"@id\":\"https:\/\/www.gianbattista.it\/cms\/#organization\"},\"image\":{\"@id\":\"https:\/\/www.gianbattista.it\/cms\/alessandro-magno-detto-il-grande\/#primaryimage\"},\"thumbnailUrl\":\"https:\/\/www.gianbattista.it\/cms\/wp-content\/uploads\/2013\/03\/OrologioBLog.png\",\"keywords\":[\"alessandro magno\",\"alessandro magno detto il grande\",\"tempo democratico\"],\"articleSection\":[\"comunicAzione\",\"formAzione\"],\"inLanguage\":\"it-IT\"},{\"@type\":\"WebPage\",\"@id\":\"https:\/\/www.gianbattista.it\/cms\/alessandro-magno-detto-il-grande\/\",\"url\":\"https:\/\/www.gianbattista.it\/cms\/alessandro-magno-detto-il-grande\/\",\"name\":\"alessandro magno detto il grande - tempo democratico\",\"isPartOf\":{\"@id\":\"https:\/\/www.gianbattista.it\/cms\/#website\"},\"primaryImageOfPage\":{\"@id\":\"https:\/\/www.gianbattista.it\/cms\/alessandro-magno-detto-il-grande\/#primaryimage\"},\"image\":{\"@id\":\"https:\/\/www.gianbattista.it\/cms\/alessandro-magno-detto-il-grande\/#primaryimage\"},\"thumbnailUrl\":\"https:\/\/www.gianbattista.it\/cms\/wp-content\/uploads\/2013\/03\/OrologioBLog.png\",\"datePublished\":\"2013-03-02T21:05:11+00:00\",\"dateModified\":\"2016-09-20T08:06:00+00:00\",\"description\":\"IL TEMPO democratico \u00e8 il REGALO pi\u00f9 PREZIOSO che abbiamo perch\u00e9 \u00e8 LIMITATO, Alessandro Magno. pensiamo della vita e del tempo che dedichiamo agli altri\",\"breadcrumb\":{\"@id\":\"https:\/\/www.gianbattista.it\/cms\/alessandro-magno-detto-il-grande\/#breadcrumb\"},\"inLanguage\":\"it-IT\",\"potentialAction\":[{\"@type\":\"ReadAction\",\"target\":[\"https:\/\/www.gianbattista.it\/cms\/alessandro-magno-detto-il-grande\/\"]}]},{\"@type\":\"ImageObject\",\"inLanguage\":\"it-IT\",\"@id\":\"https:\/\/www.gianbattista.it\/cms\/alessandro-magno-detto-il-grande\/#primaryimage\",\"url\":\"https:\/\/www.gianbattista.it\/cms\/wp-content\/uploads\/2013\/03\/OrologioBLog.png\",\"contentUrl\":\"https:\/\/www.gianbattista.it\/cms\/wp-content\/uploads\/2013\/03\/OrologioBLog.png\",\"width\":538,\"height\":218,\"caption\":\"dona il tuo tempo\"},{\"@type\":\"BreadcrumbList\",\"@id\":\"https:\/\/www.gianbattista.it\/cms\/alessandro-magno-detto-il-grande\/#breadcrumb\",\"itemListElement\":[{\"@type\":\"ListItem\",\"position\":1,\"name\":\"Home\",\"item\":\"https:\/\/www.gianbattista.it\/cms\/\"},{\"@type\":\"ListItem\",\"position\":2,\"name\":\"Tempo democratico &#8211; Alessandro Magno detto il Grande\"}]},{\"@type\":\"WebSite\",\"@id\":\"https:\/\/www.gianbattista.it\/cms\/#website\",\"url\":\"https:\/\/www.gianbattista.it\/cms\/\",\"name\":\"Gian Battista Gualdi\",\"description\":\"chiediti sempre il meglio\",\"publisher\":{\"@id\":\"https:\/\/www.gianbattista.it\/cms\/#organization\"},\"potentialAction\":[{\"@type\":\"SearchAction\",\"target\":{\"@type\":\"EntryPoint\",\"urlTemplate\":\"https:\/\/www.gianbattista.it\/cms\/?s={search_term_string}\"},\"query-input\":{\"@type\":\"PropertyValueSpecification\",\"valueRequired\":true,\"valueName\":\"search_term_string\"}}],\"inLanguage\":\"it-IT\"},{\"@type\":\"Organization\",\"@id\":\"https:\/\/www.gianbattista.it\/cms\/#organization\",\"name\":\"Gian Battista Gualdi\",\"url\":\"https:\/\/www.gianbattista.it\/cms\/\",\"logo\":{\"@type\":\"ImageObject\",\"inLanguage\":\"it-IT\",\"@id\":\"https:\/\/www.gianbattista.it\/cms\/#\/schema\/logo\/image\/\",\"url\":\"https:\/\/www.gianbattista.it\/cms\/wp-content\/uploads\/2016\/07\/GBG150.png\",\"contentUrl\":\"https:\/\/www.gianbattista.it\/cms\/wp-content\/uploads\/2016\/07\/GBG150.png\",\"width\":105,\"height\":70,\"caption\":\"Gian Battista Gualdi\"},\"image\":{\"@id\":\"https:\/\/www.gianbattista.it\/cms\/#\/schema\/logo\/image\/\"},\"sameAs\":[\"https:\/\/www.facebook.com\/gianbattistagualdi\",\"https:\/\/x.com\/gualdigb\",\"https:\/\/www.linkedin.com\/in\/gian-battista-gualdi-08781941?authType=NAME_SEARCH&amp;amp;amp;authToken=gMGk&amp;amp;amp;locale=it_IT&amp;amp;amp;trk=tyah&amp;amp;amp;trkInfo=clickedVertical:mynetwork,clickedEntityId:148340263,authType:NAME_SEARCH,idx:1-1-1,tarId:1467301191561,tas:gian battista\",\"https:\/\/www.youtube.com\/channel\/UC-02_zSXunzSWcH89_GVN_w\"]},{\"@type\":\"Person\",\"@id\":\"https:\/\/www.gianbattista.it\/cms\/#\/schema\/person\/1058c2e181b77adf83fbd7af6dfdda01\",\"name\":\"adminsito\",\"image\":{\"@type\":\"ImageObject\",\"inLanguage\":\"it-IT\",\"@id\":\"https:\/\/www.gianbattista.it\/cms\/#\/schema\/person\/image\/\",\"url\":\"https:\/\/secure.gravatar.com\/avatar\/66532d5a7693aa019d73b60d47ff5d5f?s=96&d=identicon&r=g\",\"contentUrl\":\"https:\/\/secure.gravatar.com\/avatar\/66532d5a7693aa019d73b60d47ff5d5f?s=96&d=identicon&r=g\",\"caption\":\"adminsito\"},\"sameAs\":[\"https:\/\/www.gianbattista.it\",\"https:\/\/www.facebook.com\/gianbattistagualdi\"],\"url\":\"https:\/\/www.gianbattista.it\/cms\/author\/admin\/\"}]}<\/script>\n<!-- \/ Yoast SEO plugin. -->","yoast_head_json":{"title":"alessandro magno detto il grande - tempo democratico","description":"IL TEMPO democratico \u00e8 il REGALO pi\u00f9 PREZIOSO che abbiamo perch\u00e9 \u00e8 LIMITATO, Alessandro Magno. pensiamo della vita e del tempo che dedichiamo agli altri","robots":{"index":"index","follow":"follow","max-snippet":"max-snippet:-1","max-image-preview":"max-image-preview:large","max-video-preview":"max-video-preview:-1"},"canonical":"https:\/\/www.gianbattista.it\/cms\/alessandro-magno-detto-il-grande\/","og_locale":"it_IT","og_type":"article","og_title":"alessandro magno detto il grande - tempo democratico","og_description":"IL TEMPO democratico \u00e8 il REGALO pi\u00f9 PREZIOSO che abbiamo perch\u00e9 \u00e8 LIMITATO, Alessandro Magno. pensiamo della vita e del tempo che dedichiamo agli altri","og_url":"https:\/\/www.gianbattista.it\/cms\/alessandro-magno-detto-il-grande\/","og_site_name":"Gian Battista Gualdi","article_publisher":"https:\/\/www.facebook.com\/gianbattistagualdi","article_author":"https:\/\/www.facebook.com\/gianbattistagualdi","article_published_time":"2013-03-02T21:05:11+00:00","article_modified_time":"2016-09-20T08:06:00+00:00","og_image":[{"width":538,"height":218,"url":"https:\/\/www.gianbattista.it\/cms\/wp-content\/uploads\/2013\/03\/OrologioBLog.png","type":"image\/png"}],"author":"adminsito","twitter_misc":{"Scritto da":"adminsito","Tempo di lettura stimato":"1 minuto"},"schema":{"@context":"https:\/\/schema.org","@graph":[{"@type":"Article","@id":"https:\/\/www.gianbattista.it\/cms\/alessandro-magno-detto-il-grande\/#article","isPartOf":{"@id":"https:\/\/www.gianbattista.it\/cms\/alessandro-magno-detto-il-grande\/"},"author":{"name":"adminsito","@id":"https:\/\/www.gianbattista.it\/cms\/#\/schema\/person\/1058c2e181b77adf83fbd7af6dfdda01"},"headline":"Tempo democratico &#8211; Alessandro Magno detto il Grande","datePublished":"2013-03-02T21:05:11+00:00","dateModified":"2016-09-20T08:06:00+00:00","mainEntityOfPage":{"@id":"https:\/\/www.gianbattista.it\/cms\/alessandro-magno-detto-il-grande\/"},"wordCount":139,"publisher":{"@id":"https:\/\/www.gianbattista.it\/cms\/#organization"},"image":{"@id":"https:\/\/www.gianbattista.it\/cms\/alessandro-magno-detto-il-grande\/#primaryimage"},"thumbnailUrl":"https:\/\/www.gianbattista.it\/cms\/wp-content\/uploads\/2013\/03\/OrologioBLog.png","keywords":["alessandro magno","alessandro magno detto il grande","tempo democratico"],"articleSection":["comunicAzione","formAzione"],"inLanguage":"it-IT"},{"@type":"WebPage","@id":"https:\/\/www.gianbattista.it\/cms\/alessandro-magno-detto-il-grande\/","url":"https:\/\/www.gianbattista.it\/cms\/alessandro-magno-detto-il-grande\/","name":"alessandro magno detto il grande - tempo democratico","isPartOf":{"@id":"https:\/\/www.gianbattista.it\/cms\/#website"},"primaryImageOfPage":{"@id":"https:\/\/www.gianbattista.it\/cms\/alessandro-magno-detto-il-grande\/#primaryimage"},"image":{"@id":"https:\/\/www.gianbattista.it\/cms\/alessandro-magno-detto-il-grande\/#primaryimage"},"thumbnailUrl":"https:\/\/www.gianbattista.it\/cms\/wp-content\/uploads\/2013\/03\/OrologioBLog.png","datePublished":"2013-03-02T21:05:11+00:00","dateModified":"2016-09-20T08:06:00+00:00","description":"IL TEMPO democratico \u00e8 il REGALO pi\u00f9 PREZIOSO che abbiamo perch\u00e9 \u00e8 LIMITATO, Alessandro Magno. pensiamo della vita e del tempo che dedichiamo agli altri","breadcrumb":{"@id":"https:\/\/www.gianbattista.it\/cms\/alessandro-magno-detto-il-grande\/#breadcrumb"},"inLanguage":"it-IT","potentialAction":[{"@type":"ReadAction","target":["https:\/\/www.gianbattista.it\/cms\/alessandro-magno-detto-il-grande\/"]}]},{"@type":"ImageObject","inLanguage":"it-IT","@id":"https:\/\/www.gianbattista.it\/cms\/alessandro-magno-detto-il-grande\/#primaryimage","url":"https:\/\/www.gianbattista.it\/cms\/wp-content\/uploads\/2013\/03\/OrologioBLog.png","contentUrl":"https:\/\/www.gianbattista.it\/cms\/wp-content\/uploads\/2013\/03\/OrologioBLog.png","width":538,"height":218,"caption":"dona il tuo tempo"},{"@type":"BreadcrumbList","@id":"https:\/\/www.gianbattista.it\/cms\/alessandro-magno-detto-il-grande\/#breadcrumb","itemListElement":[{"@type":"ListItem","position":1,"name":"Home","item":"https:\/\/www.gianbattista.it\/cms\/"},{"@type":"ListItem","position":2,"name":"Tempo democratico &#8211; Alessandro Magno detto il Grande"}]},{"@type":"WebSite","@id":"https:\/\/www.gianbattista.it\/cms\/#website","url":"https:\/\/www.gianbattista.it\/cms\/","name":"Gian Battista Gualdi","description":"chiediti sempre il meglio","publisher":{"@id":"https:\/\/www.gianbattista.it\/cms\/#organization"},"potentialAction":[{"@type":"SearchAction","target":{"@type":"EntryPoint","urlTemplate":"https:\/\/www.gianbattista.it\/cms\/?s={search_term_string}"},"query-input":{"@type":"PropertyValueSpecification","valueRequired":true,"valueName":"search_term_string"}}],"inLanguage":"it-IT"},{"@type":"Organization","@id":"https:\/\/www.gianbattista.it\/cms\/#organization","name":"Gian Battista Gualdi","url":"https:\/\/www.gianbattista.it\/cms\/","logo":{"@type":"ImageObject","inLanguage":"it-IT","@id":"https:\/\/www.gianbattista.it\/cms\/#\/schema\/logo\/image\/","url":"https:\/\/www.gianbattista.it\/cms\/wp-content\/uploads\/2016\/07\/GBG150.png","contentUrl":"https:\/\/www.gianbattista.it\/cms\/wp-content\/uploads\/2016\/07\/GBG150.png","width":105,"height":70,"caption":"Gian Battista Gualdi"},"image":{"@id":"https:\/\/www.gianbattista.it\/cms\/#\/schema\/logo\/image\/"},"sameAs":["https:\/\/www.facebook.com\/gianbattistagualdi","https:\/\/x.com\/gualdigb","https:\/\/www.linkedin.com\/in\/gian-battista-gualdi-08781941?authType=NAME_SEARCH&amp;amp;amp;authToken=gMGk&amp;amp;amp;locale=it_IT&amp;amp;amp;trk=tyah&amp;amp;amp;trkInfo=clickedVertical:mynetwork,clickedEntityId:148340263,authType:NAME_SEARCH,idx:1-1-1,tarId:1467301191561,tas:gian battista","https:\/\/www.youtube.com\/channel\/UC-02_zSXunzSWcH89_GVN_w"]},{"@type":"Person","@id":"https:\/\/www.gianbattista.it\/cms\/#\/schema\/person\/1058c2e181b77adf83fbd7af6dfdda01","name":"adminsito","image":{"@type":"ImageObject","inLanguage":"it-IT","@id":"https:\/\/www.gianbattista.it\/cms\/#\/schema\/person\/image\/","url":"https:\/\/secure.gravatar.com\/avatar\/66532d5a7693aa019d73b60d47ff5d5f?s=96&d=identicon&r=g","contentUrl":"https:\/\/secure.gravatar.com\/avatar\/66532d5a7693aa019d73b60d47ff5d5f?s=96&d=identicon&r=g","caption":"adminsito"},"sameAs":["https:\/\/www.gianbattista.it","https:\/\/www.facebook.com\/gianbattistagualdi"],"url":"https:\/\/www.gianbattista.it\/cms\/author\/admin\/"}]}},"_links":{"self":[{"href":"https:\/\/www.gianbattista.it\/cms\/wp-json\/wp\/v2\/posts\/813"}],"collection":[{"href":"https:\/\/www.gianbattista.it\/cms\/wp-json\/wp\/v2\/posts"}],"about":[{"href":"https:\/\/www.gianbattista.it\/cms\/wp-json\/wp\/v2\/types\/post"}],"author":[{"embeddable":true,"href":"https:\/\/www.gianbattista.it\/cms\/wp-json\/wp\/v2\/users\/2"}],"replies":[{"embeddable":true,"href":"https:\/\/www.gianbattista.it\/cms\/wp-json\/wp\/v2\/comments?post=813"}],"version-history":[{"count":0,"href":"https:\/\/www.gianbattista.it\/cms\/wp-json\/wp\/v2\/posts\/813\/revisions"}],"wp:featuredmedia":[{"embeddable":true,"href":"https:\/\/www.gianbattista.it\/cms\/wp-json\/wp\/v2\/media\/827"}],"wp:attachment":[{"href":"https:\/\/www.gianbattista.it\/cms\/wp-json\/wp\/v2\/media?parent=813"}],"wp:term":[{"taxonomy":"category","embeddable":true,"href":"https:\/\/www.gianbattista.it\/cms\/wp-json\/wp\/v2\/categories?post=813"},{"taxonomy":"post_tag","embeddable":true,"href":"https:\/\/www.gianbattista.it\/cms\/wp-json\/wp\/v2\/tags?post=813"}],"curies":[{"name":"wp","href":"https:\/\/api.w.org\/{rel}","templated":true}]}}